{"id":10017,"date":"2021-01-12T12:01:55","date_gmt":"2021-01-12T12:01:55","guid":{"rendered":"http:\/\/ktbb.org\/v1\/?p=10017"},"modified":"2021-01-12T12:01:55","modified_gmt":"2021-01-12T12:01:55","slug":"ozcinar-ozgurluk-mucadelesi-liderimiz-dr-kucuk-asla-unutulmayacak","status":"publish","type":"post","link":"https:\/\/ktbb.org\/v1\/ozcinar-ozgurluk-mucadelesi-liderimiz-dr-kucuk-asla-unutulmayacak\/","title":{"rendered":"\u00d6z\u00e7\u0131nar: &#8220;\u00d6zg\u00fcrl\u00fck M\u00fccadelesi Liderimiz Dr. K\u00fc\u00e7\u00fck asla unutulmayacak&#8221;"},"content":{"rendered":"<p>K.T. Belediyeler Birli\u011fi ve G\u00fczelyurt Belediye Ba\u015fkan\u0131 Mahmut \u00d6z\u00e7\u0131nar, \u00d6zg\u00fcrl\u00fck M\u00fccadelesi Liderimiz  Dr. Faz\u0131l K\u00fc\u00e7\u00fck\u2019\u00fcn \u00f6l\u00fcm y\u0131l d\u00f6n\u00fcm\u00fc dolay\u0131s\u0131yla bir mesaj yay\u0131mlad\u0131.<\/p>\n<p>\u00d6z\u00e7\u0131nar&#8217;\u0131n mesaj\u0131 \u015f\u00f6yle:<\/p>\n<p>\u00d6zg\u00fcrl\u00fck M\u00fccadelesi Liderimiz  Dr. Faz\u0131l K\u00fc\u00e7\u00fck\u2019\u00fc, \u00f6l\u00fcm\u00fcn\u00fcn 37. Y\u0131ld\u00f6n\u00fcm\u00fcnde de sayg\u0131 ile an\u0131yoruz.<\/p>\n<p>Verdi\u011fi onurlu m\u00fccadele ile K\u0131br\u0131s T\u00fcrk\u00fc\u2019n\u00fc karanl\u0131ktan ayd\u0131nl\u0131\u011fa \u00e7\u0131karan \u00e7ok k\u0131ymetli, B\u00fcy\u00fck Devlet Adam\u0131, Dr. K\u00fc\u00e7\u00fck\u2019\u00fcn an\u0131s\u0131n\u0131 gen\u00e7 nesillere gururla aktar\u0131p, ya\u015fatmak hepimizin g\u00f6revidir. <\/p>\n<p>Dr. K\u00fc\u00e7\u00fck, t\u00fcm hayat\u0131n\u0131 K\u0131br\u0131s T\u00fcrk Halk\u0131\u2019n\u0131n varolu\u015f m\u00fccadelesine adayarak, yard\u0131mseverli\u011fi ile g\u00f6n\u00fcllerde \u00e7ok \u00f6zel bir yere sahip olmu\u015ftur.<\/p>\n<p>Asla unutulmayacak olan liderimiz Dr. K\u00fc\u00e7\u00fck\u2019\u00fc \u00f6zlem ve rahmetle anarken y\u00fcce hat\u0131ras\u0131 \u00f6n\u00fcnde sayg\u0131 ve minnetle e\u011filiyoruz<\/p>\n","protected":false},"excerpt":{"rendered":"<p>K.T. Belediyeler Birli\u011fi ve G\u00fczelyurt Belediye Ba\u015fkan\u0131 Mahmut \u00d6z\u00e7\u0131nar, \u00d6zg\u00fcrl\u00fck [&hellip;]<\/p>\n","protected":false},"author":9,"featured_media":6970,"comment_status":"open","ping_status":"closed","sticky":false,"template":"","format":"standard","meta":{"footnotes":""},"categories":[1],"tags":[],"class_list":["post-10017","post","type-post","status-publish","format-standard","has-post-thumbnail","hentry","category-birlikten-haberler"],"_links":{"self":[{"href":"https:\/\/ktbb.org\/v1\/wp-json\/wp\/v2\/posts\/10017","targetHints":{"allow":["GET"]}}],"collection":[{"href":"https:\/\/ktbb.org\/v1\/wp-json\/wp\/v2\/posts"}],"about":[{"href":"https:\/\/ktbb.org\/v1\/wp-json\/wp\/v2\/types\/post"}],"author":[{"embeddable":true,"href":"https:\/\/ktbb.org\/v1\/wp-json\/wp\/v2\/users\/9"}],"replies":[{"embeddable":true,"href":"https:\/\/ktbb.org\/v1\/wp-json\/wp\/v2\/comments?post=10017"}],"version-history":[{"count":1,"href":"https:\/\/ktbb.org\/v1\/wp-json\/wp\/v2\/posts\/10017\/revisions"}],"predecessor-version":[{"id":10018,"href":"https:\/\/ktbb.org\/v1\/wp-json\/wp\/v2\/posts\/10017\/revisions\/10018"}],"wp:featuredmedia":[{"embeddable":true,"href":"https:\/\/ktbb.org\/v1\/wp-json\/wp\/v2\/media\/6970"}],"wp:attachment":[{"href":"https:\/\/ktbb.org\/v1\/wp-json\/wp\/v2\/media?parent=10017"}],"wp:term":[{"taxonomy":"category","embeddable":true,"href":"https:\/\/ktbb.org\/v1\/wp-json\/wp\/v2\/categories?post=10017"},{"taxonomy":"post_tag","embeddable":true,"href":"https:\/\/ktbb.org\/v1\/wp-json\/wp\/v2\/tags?post=10017"}],"curies":[{"name":"wp","href":"https:\/\/api.w.org\/{rel}","templated":true}]}}