{"id":11119,"date":"2021-04-13T05:27:46","date_gmt":"2021-04-13T05:27:46","guid":{"rendered":"http:\/\/ktbb.org\/v1\/?p=11119"},"modified":"2021-04-13T05:27:46","modified_gmt":"2021-04-13T05:27:46","slug":"girnede-camiler-ilaclandi","status":"publish","type":"post","link":"https:\/\/ktbb.org\/v1\/girnede-camiler-ilaclandi\/","title":{"rendered":"Girne\u2019de camiler ila\u00e7land\u0131"},"content":{"rendered":"<p><strong>Girne\u2019de Bulunan Camiler Koronavir\u00fcs Salg\u0131n\u0131na Kar\u015f\u0131 Ramazan Ay\u0131 \u00d6ncesi \u0130la\u00e7land\u0131<\/strong><\/p>\n<p>&nbsp;<\/p>\n<p>Girne Belediyesi Sa\u011fl\u0131k \u015eubesine ba\u011fl\u0131 ekipler, dezenfektan ila\u00e7lar kullanarak Nurettin Ersin Pa\u015fa Camii, Yaz\u0131c\u0131zade Camii, A\u011fa Cafer Pa\u015fa Camii, Do\u011fank\u00f6y Camii, Ozank\u00f6y Camii, Karao\u011flano\u011flu Camii ve Zeytinlik Camii ila\u00e7land\u0131.<\/p>\n<p>&nbsp;<\/p>\n<p>Girne Belediye Ba\u015fkan\u0131 Nidai G\u00fcng\u00f6rd\u00fc: Bakanlar Kurulu\u2019nun ald\u0131\u011f\u0131 kararlar \u00e7er\u00e7evesinde toplu ibadet yerlerinde, kapal\u0131 alanlar\u0131n \u00fc\u00e7te biri oran\u0131nda kullan\u0131lmas\u0131, maske, sosyal mesafe ve hijyen konular\u0131na dikkat edilmesi gerekti\u011fini, temiz hava ak\u0131\u015f\u0131n\u0131n sa\u011flanaca\u011f\u0131 \u015fekilde ortam\u0131n havaland\u0131r\u0131lmas\u0131 ve giri\u015flerin kay\u0131t alt\u0131na al\u0131nmas\u0131n\u0131n \u00f6nemine dikkat \u00e7ekerek belediye olarak t\u00fcm tedbirlerin al\u0131nd\u0131\u011f\u0131n\u0131 kaydetti.<\/p>\n<p>&nbsp;<\/p>\n<p>G\u00fcng\u00f6rd\u00fc: \u201cYar\u0131n ba\u015flayacak olan Ramazan ay\u0131nda hepimize g\u00f6revler d\u00fc\u015fmektedir. Covid-19 salg\u0131n\u0131 d\u00f6neminde iftarlar\u0131m\u0131zda ve ibadetlerimizde sosyal mesafe ve hijyen kurallar\u0131m\u0131za dikkat etmemiz gerekmektedir. Bu duygu ve d\u00fc\u015f\u00fcncelerle t\u00fcm vatanda\u015flar\u0131m\u0131za ramazan ay\u0131 boyunca sa\u011fl\u0131k, mutluluk, huzur ve bereket dolu g\u00fcnler dilerim\u201d dedi.<\/p>\n","protected":false},"excerpt":{"rendered":"<p>Girne\u2019de Bulunan Camiler Koronavir\u00fcs Salg\u0131n\u0131na Kar\u015f\u0131 Ramazan Ay\u0131 \u00d6ncesi \u0130la\u00e7land\u0131 [&hellip;]<\/p>\n","protected":false},"author":10,"featured_media":11120,"comment_status":"open","ping_status":"closed","sticky":false,"template":"","format":"standard","meta":{"footnotes":""},"categories":[9],"tags":[],"class_list":["post-11119","post","type-post","status-publish","format-standard","has-post-thumbnail","hentry","category-uyelerimizin-haberleri"],"_links":{"self":[{"href":"https:\/\/ktbb.org\/v1\/wp-json\/wp\/v2\/posts\/11119","targetHints":{"allow":["GET"]}}],"collection":[{"href":"https:\/\/ktbb.org\/v1\/wp-json\/wp\/v2\/posts"}],"about":[{"href":"https:\/\/ktbb.org\/v1\/wp-json\/wp\/v2\/types\/post"}],"author":[{"embeddable":true,"href":"https:\/\/ktbb.org\/v1\/wp-json\/wp\/v2\/users\/10"}],"replies":[{"embeddable":true,"href":"https:\/\/ktbb.org\/v1\/wp-json\/wp\/v2\/comments?post=11119"}],"version-history":[{"count":1,"href":"https:\/\/ktbb.org\/v1\/wp-json\/wp\/v2\/posts\/11119\/revisions"}],"predecessor-version":[{"id":11121,"href":"https:\/\/ktbb.org\/v1\/wp-json\/wp\/v2\/posts\/11119\/revisions\/11121"}],"wp:featuredmedia":[{"embeddable":true,"href":"https:\/\/ktbb.org\/v1\/wp-json\/wp\/v2\/media\/11120"}],"wp:attachment":[{"href":"https:\/\/ktbb.org\/v1\/wp-json\/wp\/v2\/media?parent=11119"}],"wp:term":[{"taxonomy":"category","embeddable":true,"href":"https:\/\/ktbb.org\/v1\/wp-json\/wp\/v2\/categories?post=11119"},{"taxonomy":"post_tag","embeddable":true,"href":"https:\/\/ktbb.org\/v1\/wp-json\/wp\/v2\/tags?post=11119"}],"curies":[{"name":"wp","href":"https:\/\/api.w.org\/{rel}","templated":true}]}}