{"id":11122,"date":"2021-04-13T09:34:53","date_gmt":"2021-04-13T09:34:53","guid":{"rendered":"http:\/\/ktbb.org\/v1\/?p=11122"},"modified":"2021-04-13T09:34:53","modified_gmt":"2021-04-13T09:34:53","slug":"tbb-heyeti-baskan-sadikoglunu-ziyaret-etti","status":"publish","type":"post","link":"https:\/\/ktbb.org\/v1\/tbb-heyeti-baskan-sadikoglunu-ziyaret-etti\/","title":{"rendered":"TBB Heyeti, Ba\u015fkan Sad\u0131ko\u011flu&#8217;nu ziyaret etti"},"content":{"rendered":"<p>\u00dclkemize gelerek bir dizi temaslarda bulunan T\u00fcrkiye Belediyeler Birli\u011fi Heyeti d\u00fcn (12 Nisan) \u0130skele Belediyesi\u2019ni ziyaret ettiler. Burada \u0130skele Belediye Ba\u015fkan\u0131 Hasan Sad\u0131ko\u011flu taraf\u0131ndan kar\u015f\u0131lanan heyet, \u0130skele Belediyesi K\u00fclt\u00fcr Evi\u2019ni de gezerek, K\u00fclt\u00fcr Evi hakk\u0131nda bilgi ald\u0131lar.<\/p>\n<p>Kahramanmara\u015f B\u00fcy\u00fck\u015fehir Belediye Ba\u015fkan\u0131 Hayrettin G\u00fcng\u00f6r ba\u015fkanl\u0131\u011f\u0131ndaki T\u00fcrkiye Be<em>lediyeler Birli\u011fi heyeti, Kuzey<\/em> K\u0131br\u0131s T\u00fcrk Cumhuriyeti\u2019ne d\u00fczenledikleri \u00e7al\u0131\u015fma ziyareti kapsam\u0131nda, \u0130skele Belediye Ba\u015fkan\u0131 Hasan Sad\u0131ko\u011flu\u2019nu da ziyaret ederek, bilgi al\u0131\u015fveri\u015finde bulundular. <em>Heyete K\u0131br\u0131s T\u00fcrk Belediyeler Birli\u011fi Ba\u015fkan\u0131 Mahmut \u00d6z\u00e7\u0131nar\u2019\u0131n yan\u0131 s\u0131ra Beyarmudu Belediye Ba\u015fkan\u0131 \u0130lker Edip, Serdarl\u0131 Belediye Ba\u015fkan\u0131 Halil Kas\u0131m,\u00a0 Pa\u015fak\u00f6y Belediye Ba\u015fkan\u0131 Habil T\u00fcl\u00fcc\u00fc, Tatl\u0131su Belediye Ba\u015fkan\u0131 Hayri Or\u00e7an ile Yenibo\u011fazi\u00e7i Belediye Ba\u015fkan\u0131 Mustafa Zurnac\u0131lar e\u015flik etti. <\/em><\/p>\n<p><em>\u00a0<\/em><\/p>\n<p><em><strong>TBB HEYET\u0130 K\u00dcLT\u00dcR EV\u0130\u2019N\u0130 GEZD\u0130LER<\/strong><\/em><\/p>\n<p><em>Kah<\/em>ramanmara\u015f B\u00fcy\u00fck\u015fehir Belediye <em>Ba\u015fkan\u0131 Hayrettin<\/em> G\u00fcng\u00f6r ba\u015fkanl\u0131\u011f\u0131ndaki T\u00fcrkiye Belediyeler Birli\u011fi heyeti<em>ne \u0130skele Belediyesi K\u00fclt\u00fcr Evi\u2019ni de gezdiren Ba\u015fkan Sad\u0131ko\u011flu, K\u00fclt\u00fcr Evi ile KKTC Tarihine ve k\u00fclt\u00fcr\u00fcne \u0131\u015f\u0131k tutmaya \u00e7al\u0131\u015ft\u0131klar\u0131n\u0131 ifade etti. <\/em><\/p>\n<p><em>\u00a0<\/em><\/p>\n<p><em><strong>SADIKO\u011eLU: \u201cZOR G\u00dcNLER\u0130N \u00dcSTES\u0130NDEN B\u0130RL\u0130KTE GELECE\u011e\u0130Z\u201d <\/strong><\/em><\/p>\n<p><em>Heyet, K\u00fclt\u00fcr Evi\u2019nin ard\u0131ndan \u00e7al\u0131\u015fma toplant\u0131s\u0131nda bir araya geldi. Toplant\u0131 \u00f6ncesinde konu\u015fan \u0130skele Belediye Ba\u015fkan\u0131 Hasan Sad\u0131ko\u011flu, Anavatan T\u00fcrkiye ile birlikte her zaman omuz omuza her zaman etle t\u0131rnak gibi olduklar\u0131n\u0131 an\u0131msatarak, t\u00fcm d\u00fcnyay\u0131 etkisi alt\u0131na alan Kovid-19 salg\u0131n\u0131n\u0131 da yine birlikte \u00fcstesinden geleceklerini ifade etti. G\u00f6nderilen a\u015f\u0131lar sayesinde, \u00fclke n\u00fcfusunun \u00f6nemli bir b\u00f6l\u00fcm\u00fcn\u00fcn a\u015f\u0131land\u0131\u011f\u0131na dikkat \u00e7eken Ba\u015fkan Sad\u0131ko\u011flu, TBB Heyetine ba\u015fkanl\u0131k eden Kah<\/em>ramanmara\u015f B\u00fcy\u00fck\u015fehir Belediye <em>Ba\u015fkan\u0131 Hayrettin<\/em> G\u00fcng\u00f6r <em>arac\u0131l\u0131\u011f\u0131yla T\u00fcrkiye Cumhuriyeti\u2019ne te\u015fekk\u00fcrlerini sundu. <\/em><\/p>\n<p>Yakla\u015f\u0131k 12 y\u0131ld\u0131r belediyecili\u011fe g\u00f6n\u00fcl verdi\u011fini s\u00f6yleyen Ba\u015fkan Sad\u0131ko\u011flu, do\u011fup b\u00fcy\u00fcd\u00fc\u011f\u00fc yerde halka hizmet vermekten gurur duydu\u011funu da s\u00f6zlerine ekledi. Ba\u015fkan Sad\u0131ko\u011flu ayr\u0131ca heyeti \u0130skele\u2019de, \u0130skele Belediyesi i\u00e7in \u00f6nemli bir yere sahip K\u00fclt\u00fcr Evi\u2019nde a\u011f\u0131rlamaktan duydu\u011fu mutlulu\u011fu da ifade etti.<\/p>\n<p><strong>G\u00dcNG\u00d6R: \u201cKKTC\u2019DE \u00c7OK G\u00dcZEL DOSTLUKLAR ED\u0130ND\u0130K\u201d<\/strong><\/p>\n<p>\u00dclkemize d\u00fczenlenen \u00e7al\u0131\u015fma ziyareti kapsam\u0131nda \u00e7e\u015fitli g\u00f6r\u00fc\u015fme ve inceleme gezileri yapan TBB heyetine ba\u015fkanl\u0131k eden Kahramanmara\u015f B\u00fcy\u00fck\u015fehir Belediye Ba\u015fkan\u0131 Hayrettin G\u00fcng\u00f6r ise konu\u015fmas\u0131nda3 g\u00fcnl\u00fck \u00e7al\u0131\u015fma ziyareti i\u00e7in geldikleri KKTC\u2019de \u00e7ok g\u00fczel kar\u015f\u0131land\u0131klar\u0131n\u0131 ifade etti. T\u00fcrkiye\u2019den selam ve sevgi getirdik diyen G\u00fcng\u00f6r, \u0130skele Belediye Ba\u015fkan\u0131 Hasan Sad\u0131ko\u011flu\u2019na da ilgi ve alakas\u0131ndan dolay\u0131 te\u015fekk\u00fcr etti.\u00a0 Uzun y\u0131llar yerel y\u00f6netimler alan\u0131nda \u00e7al\u0131\u015ft\u0131\u011f\u0131n\u0131 ifade eden G\u00fcng\u00f6r, bu vesileyle Yavru vatan Kuzey K\u0131br\u0131s T\u00fcrk Cumhuriyeti\u2019nde \u00e7ok g\u00fczel dostluklar edindiklerini s\u00f6yledi.<\/p>\n<p>&nbsp;<\/p>\n<p><em>\u00a0<\/em><\/p>\n<p>&nbsp;<\/p>\n","protected":false},"excerpt":{"rendered":"<p>\u00dclkemize gelerek bir dizi temaslarda bulunan T\u00fcrkiye Belediyeler Birli\u011fi Heyeti [&hellip;]<\/p>\n","protected":false},"author":10,"featured_media":11123,"comment_status":"open","ping_status":"closed","sticky":false,"template":"","format":"standard","meta":{"footnotes":""},"categories":[9],"tags":[],"class_list":["post-11122","post","type-post","status-publish","format-standard","has-post-thumbnail","hentry","category-uyelerimizin-haberleri"],"_links":{"self":[{"href":"https:\/\/ktbb.org\/v1\/wp-json\/wp\/v2\/posts\/11122","targetHints":{"allow":["GET"]}}],"collection":[{"href":"https:\/\/ktbb.org\/v1\/wp-json\/wp\/v2\/posts"}],"about":[{"href":"https:\/\/ktbb.org\/v1\/wp-json\/wp\/v2\/types\/post"}],"author":[{"embeddable":true,"href":"https:\/\/ktbb.org\/v1\/wp-json\/wp\/v2\/users\/10"}],"replies":[{"embeddable":true,"href":"https:\/\/ktbb.org\/v1\/wp-json\/wp\/v2\/comments?post=11122"}],"version-history":[{"count":1,"href":"https:\/\/ktbb.org\/v1\/wp-json\/wp\/v2\/posts\/11122\/revisions"}],"predecessor-version":[{"id":11124,"href":"https:\/\/ktbb.org\/v1\/wp-json\/wp\/v2\/posts\/11122\/revisions\/11124"}],"wp:featuredmedia":[{"embeddable":true,"href":"https:\/\/ktbb.org\/v1\/wp-json\/wp\/v2\/media\/11123"}],"wp:attachment":[{"href":"https:\/\/ktbb.org\/v1\/wp-json\/wp\/v2\/media?parent=11122"}],"wp:term":[{"taxonomy":"category","embeddable":true,"href":"https:\/\/ktbb.org\/v1\/wp-json\/wp\/v2\/categories?post=11122"},{"taxonomy":"post_tag","embeddable":true,"href":"https:\/\/ktbb.org\/v1\/wp-json\/wp\/v2\/tags?post=11122"}],"curies":[{"name":"wp","href":"https:\/\/api.w.org\/{rel}","templated":true}]}}