{"id":11127,"date":"2021-04-14T09:59:12","date_gmt":"2021-04-14T09:59:12","guid":{"rendered":"http:\/\/ktbb.org\/v1\/?p=11127"},"modified":"2021-04-14T09:59:12","modified_gmt":"2021-04-14T09:59:12","slug":"iskeleye-ilkokul-yapilmasini-saglayacak-onemli-anlasma","status":"publish","type":"post","link":"https:\/\/ktbb.org\/v1\/iskeleye-ilkokul-yapilmasini-saglayacak-onemli-anlasma\/","title":{"rendered":"\u0130skele&#8217;ye ilkokul yap\u0131lmas\u0131n\u0131 sa\u011flayacak \u00f6nemli anla\u015fma"},"content":{"rendered":"<p>\u0130skele Belediye Ba\u015fkan\u0131 Hasan Sad\u0131ko\u011flu ile Meclis \u00dcyeleri, \u0130skele ve k\u00f6ylerinde ya\u015fayan \u00e7ocuklar\u0131n daha kaliteli ortamda e\u011fitim g\u00f6rmeleri i\u00e7in \u00f6nemli bir ad\u0131m atarak, \u0130skele Belediyesi\u2019ne ait olan 9 d\u00f6n\u00fcml\u00fck arazinin kullan\u0131m\u0131n\u0131 Milli E\u011fitim ve K\u00fclt\u00fcr Bakanl\u0131\u011f\u0131\u2019na verdi.\u00a0 Bug\u00fcn de (14 Nisan) \u0130skele Belediyesi K\u00fclt\u00fcr Evi\u2019nde d\u00fczenlenen t\u00f6renle i\u015flem resmiyete d\u00f6k\u00fcld\u00fc. 9 d\u00f6n\u00fcml\u00fck arazinin Milli E\u011fitim ve K\u00fclt\u00fcr Bakanl\u0131\u011f\u0131\u2019n\u0131n kullan\u0131m\u0131na verilmesine ili\u015fkin protokole Bakan Olgun Amcao\u011flu ile \u0130skele Belediye Ba\u015fkan\u0131 Hasan Sad\u0131ko\u011flu imza att\u0131. T\u00f6rende YD\u00dc M\u00fctevelli Heyeti Ba\u015fkan\u0131 Prof. Dr.\u0130rfan G\u00fcnsel de haz\u0131r bulundu. T\u00f6rende Bakanl\u0131k b\u00fcrokratlar\u0131n\u0131n yan\u0131 s\u0131ra \u0130skele Belediyesi Meclis \u00dcyeleri \u0130ldeniz Elbasan, \u0130smail Y. Osum, H\u00fcriye Ka\u015fer, \u00c7a\u011flar Karada\u011f ve Sefa Kurukafa ile Belediye M\u00fcd\u00fcr Vekili Mustafa Kabasakal da yer ald\u0131. Bakanl\u0131\u011f\u0131n kullan\u0131m\u0131na verilen s\u00f6z konusu arazi ise \u2018alt\u0131 il\u00e7eye alt\u0131 ilkokul\u2019 slogan\u0131yla yola \u00e7\u0131kan ve ikinci okul projesini \u0130skele\u2019de hayata ge\u00e7irecek Yak\u0131n Do\u011fu Olu\u015fumuna teslim edildi.\u00a0 \u0130skele\u2019de yap\u0131m\u0131na ba\u015flanacak Dr. Suat G\u00fcnsel Devlet \u0130lkokulu \u0130skele\u2019nin temelleri ise 23 Nisan\u2019da at\u0131lacak.<\/p>\n<p>&nbsp;<\/p>\n<p><strong>\u0130SKELE BELED\u0130YES\u0130\u2019N\u0130N ARAZ\u0130S\u0130 M\u0130LL\u0130 E\u011e\u0130T\u0130M VE K\u00dcLT\u00dcR BAKANLI\u011eI\u2019NIN KULLANIMINA VER\u0130LD\u0130 <\/strong><\/p>\n<p>\u0130skele Belediye Meclisi, \u0130skele ve k\u00f6ylerinde ya\u015fayan \u00e7ocuklar\u0131n gelece\u011fini ilgilendiren \u00f6nemli bir karara imza att\u0131.\u00a0 Hasan Sad\u0131ko\u011flu ba\u015fkanl\u0131\u011f\u0131nda 1 Nisan 2021, Per\u015fembe g\u00fcnk\u00fc toplant\u0131s\u0131nda, \u0130skele\u2019ye yeni bir ilkokul yap\u0131lmas\u0131 i\u00e7in, belediyeye ait olan 9 d\u00f6n\u00fcml\u00fck arazinin Milli E\u011fitim ve K\u00fclt\u00fcr Bakanl\u0131\u011f\u0131\u2019n\u0131n kullan\u0131m\u0131na verilmesini oy\u00e7oklu\u011fuyla karar verdi. Karara ili\u015fkin imza t\u00f6reni ise bug\u00fcn ger\u00e7ekle\u015ftirildi. Haz\u0131rlanan protokole Milli E\u011fitim ve K\u00fclt\u00fcr Bakan\u0131 Olgun Amcao\u011flu ile \u0130skele Belediye Ba\u015fkan\u0131 Hasan Sad\u0131ko\u011flu imza att\u0131.\u00a0 \u0130mza t\u00f6reninin ard\u0131ndan ise a\u00e7\u0131klamalar yap\u0131ld\u0131.<\/p>\n<p>&nbsp;<\/p>\n<p><strong>\u00a0<\/strong><\/p>\n<p><strong>\u00a0<\/strong><\/p>\n<p><strong>AMCAO\u011eLU: ARAZ\u0130 KONUSUNDA S\u00dcRATLE KARAR ALAN \u0130SKELE BELED\u0130YES\u0130\u2019NE TE\u015eEKK\u00dcR ED\u0130YORUM\u201d<\/strong><\/p>\n<p><strong>AMCAO\u011eLU: \u201cYD\u00dc A\u0130LES\u0130\u2019N\u0130N ATTI\u011eI ADIMLAR B\u0130ZLER\u0130 Y\u00dcREKLEND\u0130R\u0130YOR\u201d<\/strong><\/p>\n<p>\u0130skele Belediyesi K\u00fclt\u00fcr Evi\u2019nde d\u00fczenlenen imza t\u00f6reninde yap\u0131lan konu\u015fmalarda e\u011fitime yap\u0131lan katk\u0131lara dikkat \u00e7ekildi. Milli E\u011fitim ve K\u00fclt\u00fcr Bakan\u0131 Olgun Amcao\u011flu, \u0130skele Belediye Ba\u015fkan\u0131 Hasan Sad\u0131ko\u011flu\u2019na G\u00fcnsel Ailesi\u2019ne te\u015fekk\u00fcr etti. Bakan Amcao\u011flu, konu\u015fmas\u0131nda \u015funlara yer verdi: \u201cBir\u00e7ok ki\u015fi bu \u00fclkede ya\u015fananlardan \u00f6t\u00fcr\u00fc birilerini ele\u015ftirebiliyor ama \u00f6nemli olan i\u015f yapabilmek, temel atmak. \u00c7ocuklar\u0131m\u0131z\u0131n, gelece\u011fimizin istikbali ad\u0131na koyaca\u011f\u0131m\u0131z her bir tu\u011flan\u0131n onlar\u0131n istikbalinin daha da m\u00fcreffeh seviyelere \u00e7ekilmesi i\u00e7in ad\u0131mlar atmakt\u0131r. \u0130\u015fte burada \u00f6zellikle YD\u00dc Ailesinin bu konuda alm\u0131\u015f oldu\u011fu 6 il\u00e7eye bir okul in\u015fa edip Milli E\u011fitim ve K\u00fclt\u00fcr Bakanl\u0131\u011f\u0131\u2019na teslim edilmesine dair karar ve Say\u0131n Belediye Ba\u015fkan\u0131 ve Meclis \u00dcyelerinin bu konuda g\u00f6sterdi\u011fi y\u00fcreklilik bizleri heyecanland\u0131rm\u0131\u015ft\u0131r. Bizler sadece arazi ar\u0131yoruz. Bu temelleri at\u0131lan okullar\u0131m\u0131zdaki \u00e7ocuklar\u0131m\u0131z\u0131n ye\u015ferecek istikballerine YD\u00dc Ailesi\u2019nin koydu\u011fu katk\u0131lar ve onlar\u0131n \u00f6zellikle atm\u0131\u015f oldu\u011fu ad\u0131mlar bizleri y\u00fcreklendirmektedir. Bir kelimemizle, bir talebimizle, bir s\u00f6z\u00fcm\u00fczle bizlere ihtiyac\u0131m\u0131z olan arazinin tedariki konusunda s\u00fcratle karar\u0131 alan \u0130skele Belediye Ba\u015fkan\u0131 Hasan Sad\u0131ko\u011flu\u2019na ve Meclis \u00dcyelerine te\u015fekk\u00fcr ediyorum. \u0130yi ki vars\u0131n\u0131z Say\u0131n Ba\u015fkan\u0131m ve G\u00fcnsel Ailesi\u2026\u201d<\/p>\n<p>&nbsp;<\/p>\n<p><strong>SADIKO\u011eLU: \u201cG\u00dcNSEL A\u0130LES\u0130N\u0130N BU G\u0130R\u0130\u015e\u0130M\u0130 B\u0130ZLER\u0130 MUTLU ETM\u0130\u015eT\u0130R\u201d<\/strong><\/p>\n<p><strong>SADIKO\u011eLU: \u201cE\u011e\u0130T\u0130ME KATKIMIZ HER ZAMAN DEVAM EDECEKT\u0130R\u201d<\/strong><\/p>\n<p>\u0130mza t\u00f6reni \u00f6ncesinde konu\u015fan \u0130skele Belediyesi\u2019ne ait 9 d\u00f6n\u00fcml\u00fck arazinin kullan\u0131m\u0131n\u0131, meclis karar\u0131 ile Milli E\u011fitim ve K\u00fclt\u00fcr Bakanl\u0131\u011f\u0131\u2019n\u0131n kullan\u0131m\u0131na veren \u0130skele Belediye Ba\u015fkan\u0131 Hasan Sad\u0131ko\u011flu da e\u011fitime katk\u0131lar\u0131n\u0131n devam edece\u011fi s\u00f6yledi: \u201cE\u011fitime katk\u0131m\u0131z d\u00fcn oldu\u011fu gibi bug\u00fcn de yar\u0131n da devam edecek diyen Ba\u015fkan Sad\u0131ko\u011flu, G\u00fcnsel Ailesi\u2019nin \u00fclke i\u00e7in yapt\u0131klar\u0131ndan duydu\u011fu mutlulu\u011fu dile getirdi. Sad\u0131ko\u011flu konu\u015fmas\u0131nda \u015funlara yer verdi: \u201c\u0130skele\u2019miz i\u00e7in e\u011fitim anlam\u0131nda \u00f6nemli ve hay\u0131rl\u0131 bir i\u015f i\u00e7in topland\u0131k. H\u0131zla geli\u015fen ve de\u011fi\u015fen \u0130skele\u2019mizde g\u00fcn ge\u00e7tik\u00e7e buna ba\u011fl\u0131 olarak n\u00fcfusumuz da artmaktad\u0131r. Bu art\u0131\u015f neticesinde ya\u015fanan baz\u0131 s\u0131k\u0131nt\u0131lardan biri de e\u011fitim alan\u0131nda e\u011fitim alan \u00e7ocuklar\u0131m\u0131z\u0131n e\u011fitim kapasitesinin azalmas\u0131d\u0131r. Bizler de bug\u00fcne kadar gere ilkokulumuzda gerekse di\u011fer okullar\u0131m\u0131zda E\u011fitim Bakanl\u0131\u011f\u0131m\u0131z ile i\u015fbirli\u011fi i\u00e7erisinde elimizden geldi\u011fince, g\u00fcc\u00fcm\u00fcz yetti\u011fince onlar\u0131n eksiklerini, ihtiya\u00e7lar\u0131n\u0131 gidermek durumundayd\u0131k. Son olarak Say\u0131n G\u00fcnsel Ailesi\u2019nin 6 il\u00e7ede okul yapma giri\u015fimi bizleri mutlu etmi\u015ftir. Sa\u011fl\u0131kta, sanat ve di\u011fer bir\u00e7ok konularda G\u00fcnsel Ailesi \u00fclkemize kar\u015f\u0131 olan sorumluluklar\u0131n\u0131 yerine getirmektedir. \u0130kinci yap\u0131lacak olan okulun \u0130skele\u2019de yap\u0131lacak olmas\u0131 ise bizlere mutluluk vermi\u015ftir. Okulun yap\u0131laca\u011f\u0131 yer konusunda da \u0130skele Belediyesi Meclis \u00dcyelerimizle birlikte alm\u0131\u015f oldu\u011fumuz karar neticesinde 1 Nisan 2021 Meclis toplant\u0131s\u0131nda belediyemize ait olan 9 d\u00f6n\u00fcml\u00fck araziyi, okul yap\u0131lmas\u0131 i\u00e7in E\u011fitim Bakanl\u0131\u011f\u0131\u2019n\u0131n kullan\u0131m\u0131na verme karar\u0131 ald\u0131k. Bug\u00fcn de burada i\u015fbirli\u011fi protokol\u00fcn\u00fc imzal\u0131yoruz. \u0130skele Belediyesi olarak e\u011fitime deste\u011fimiz d\u00fcn oldu\u011fu gibi bug\u00fcn de yar\u0131n da devam edecektir. Arazimize yap\u0131lacak okulumuz \u0130skele ve k\u00f6ylerinde ya\u015fayan t\u00fcm halk\u0131m\u0131za hay\u0131rl\u0131 olsun.\u201d<\/p>\n<p>&nbsp;<\/p>\n<p><strong>G\u00dcNSEL: \u201cHER \u015eEY \u00dcLKEM\u0130Z VE GELECE\u011e\u0130M\u0130Z \u0130\u00c7\u0130ND\u0130R\u201d<\/strong><\/p>\n<p><strong>G\u00dcNSEL: \u201c\u0130SKELE\u2019DEK\u0130 OKUL PROJEM\u0130Z \u00d6RNEK B\u0130R HIZLA SEYRED\u0130YOR\u201d<\/strong><\/p>\n<p>S\u00f6z konusu 9 d\u00f6n\u00fcml\u00fck arazinin kullan\u0131m\u0131n\u0131n Milli E\u011fitim ve K\u00fclt\u00fcr Bakanl\u0131\u011f\u0131\u2019na verilmesine ili\u015fkin ger\u00e7ekle\u015fen imza t\u00f6renine kat\u0131larak bir konu\u015fma yapan YD\u00dc M\u00fctevelli Heyeti Ba\u015fkan\u0131 Prof. Dr. \u0130rfan G\u00fcnsel de s\u00fcrekli olarak vurgulad\u0131klar\u0131 \u2018her \u015fey \u00fclkemiz ve gelece\u011fimiz i\u00e7indir\u2019 s\u00f6z\u00fcn\u00fc bir kez daha vurgulad\u0131. Devam\u0131nda ise \u015funlar\u0131 s\u00f6yledi: \u201cHer \u015fey \u00fclkemiz ve gelece\u011fimiz i\u00e7indir. E\u011fitim gelece\u011fe daha g\u00fcvenle bakabilmek i\u00e7in temel yat\u0131r\u0131mlardan biri. \u00c7ocuklar\u0131m\u0131z i\u00e7in \u00fclkemiz i\u00e7in g\u00fczel adam\u0131z i\u00e7in \u00e7al\u0131\u015fmaya devam edece\u011fiz. Biz G\u00fcnsel Ailesi olarak s\u00fcrekli k\u00f6kle\u015fmek diyoruz.\u00a0 Biz topraklarda k\u00f6kle\u015febilmenin bu topraklara sahip \u00e7\u0131kabilmenin yolunun e\u011fitimden ge\u00e7ti\u011fini d\u00fc\u015f\u00fcn\u00fcyoruz ve inan\u0131yoruz. Bu do\u011frultuda ikinci ilkokulumuz i\u00e7in imza t\u00f6reninde birlikte olmaktan mutluluk duyuyoruz. Do\u011fru yolda oldu\u011fumuz ald\u0131\u011f\u0131m\u0131 geri d\u00f6n\u00fc\u015f\u00fcmlerden a\u00e7\u0131k\u00e7a belli oluyor. Kamu-\u00f6zel i\u015fbirli\u011finin de \u00e7ok g\u00fczel bir \u00f6rne\u011fini ya\u015f\u0131yoruz ve \u00f6rnek bir h\u0131zda seyrediyor. Bunun i\u00e7in de ayr\u0131ca hem \u0130skele Belediyesi\u2019ne hem Milli E\u011fitim ve K\u00fclt\u00fcr Bakanl\u0131\u011f\u0131 yetkililerine te\u015fekk\u00fcrlerimi sunuyorum. Her \u015fey \u00fclkemiz, gelece\u011fimiz i\u00e7in, hay\u0131rl\u0131 olmas\u0131n\u0131 dilerim.\u201d<\/p>\n<p>&nbsp;<\/p>\n<p><strong>ARAZ\u0130, \u0130LKOKUL YAPILMASI \u0130\u00c7\u0130N YAKIN DO\u011eU OLU\u015eUMUNA TESL\u0130M ED\u0130LD\u0130<\/strong><\/p>\n<p>\u0130skele Belediyesi K\u00fclt\u00fcr Evi\u2019nde d\u00fczenlenen imza t\u00f6reninin ard\u0131ndan ise \u0130skele Belediyesi\u2019nin Milli E\u011fitim Bakanl\u0131\u011f\u0131\u2019n\u0131n kullan\u0131m\u0131na verdi\u011fi 9 d\u00f6n\u00fcml\u00fck arazinin teslimi \u2018Alt\u0131 il\u00e7eye alt\u0131 ilkokul\u2019 slogan\u0131yla yola \u00e7\u0131kan ve ikinci okul projesini \u0130skele\u2019de hayata ge\u00e7irecek Yak\u0131n Do\u011fu Olu\u015fumuna, YD\u00dc M\u00fctevelli Heyeti Ba\u015fkan\u0131 Prof. Dr. \u0130rfan G\u00fcnsel\u2019e, yerinde yap\u0131ld\u0131. 6 \u0130l\u00e7eye bir okul slogan\u0131yla yola \u00e7\u0131kan G\u00fcnsel Ailesi\u2019nin \u0130skele\u2019ye yapaca\u011f\u0131 okulun temelleri ise 23 Nisan 2021\u2019de at\u0131lacak. S\u00f6z konusu okulun yap\u0131m\u0131n\u0131n ise 6 ayda tamamlanmas\u0131 hedefleniyor.<\/p>\n<p>&nbsp;<\/p>\n<p>&nbsp;<\/p>\n<p>&nbsp;<\/p>\n","protected":false},"excerpt":{"rendered":"<p>\u0130skele Belediye Ba\u015fkan\u0131 Hasan Sad\u0131ko\u011flu ile Meclis \u00dcyeleri, \u0130skele ve [&hellip;]<\/p>\n","protected":false},"author":10,"featured_media":11128,"comment_status":"open","ping_status":"closed","sticky":false,"template":"","format":"standard","meta":{"footnotes":""},"categories":[9],"tags":[],"class_list":["post-11127","post","type-post","status-publish","format-standard","has-post-thumbnail","hentry","category-uyelerimizin-haberleri"],"_links":{"self":[{"href":"https:\/\/ktbb.org\/v1\/wp-json\/wp\/v2\/posts\/11127","targetHints":{"allow":["GET"]}}],"collection":[{"href":"https:\/\/ktbb.org\/v1\/wp-json\/wp\/v2\/posts"}],"about":[{"href":"https:\/\/ktbb.org\/v1\/wp-json\/wp\/v2\/types\/post"}],"author":[{"embeddable":true,"href":"https:\/\/ktbb.org\/v1\/wp-json\/wp\/v2\/users\/10"}],"replies":[{"embeddable":true,"href":"https:\/\/ktbb.org\/v1\/wp-json\/wp\/v2\/comments?post=11127"}],"version-history":[{"count":1,"href":"https:\/\/ktbb.org\/v1\/wp-json\/wp\/v2\/posts\/11127\/revisions"}],"predecessor-version":[{"id":11129,"href":"https:\/\/ktbb.org\/v1\/wp-json\/wp\/v2\/posts\/11127\/revisions\/11129"}],"wp:featuredmedia":[{"embeddable":true,"href":"https:\/\/ktbb.org\/v1\/wp-json\/wp\/v2\/media\/11128"}],"wp:attachment":[{"href":"https:\/\/ktbb.org\/v1\/wp-json\/wp\/v2\/media?parent=11127"}],"wp:term":[{"taxonomy":"category","embeddable":true,"href":"https:\/\/ktbb.org\/v1\/wp-json\/wp\/v2\/categories?post=11127"},{"taxonomy":"post_tag","embeddable":true,"href":"https:\/\/ktbb.org\/v1\/wp-json\/wp\/v2\/tags?post=11127"}],"curies":[{"name":"wp","href":"https:\/\/api.w.org\/{rel}","templated":true}]}}