{"id":11160,"date":"2021-04-16T05:45:34","date_gmt":"2021-04-16T05:45:34","guid":{"rendered":"http:\/\/ktbb.org\/v1\/?p=11160"},"modified":"2021-04-16T05:45:34","modified_gmt":"2021-04-16T05:45:34","slug":"iskele-kapali-pazar-yeri-ve-terminal-alaninin-yapimina-baslandi","status":"publish","type":"post","link":"https:\/\/ktbb.org\/v1\/iskele-kapali-pazar-yeri-ve-terminal-alaninin-yapimina-baslandi\/","title":{"rendered":"\u0130skele Kapal\u0131 Pazar Yeri ve Terminal Alan\u0131n\u0131n yap\u0131m\u0131na ba\u015fland\u0131"},"content":{"rendered":"<p>\u0130skele Belediyesi \u0130mar Birimi, ge\u00e7ti\u011fimiz hafta s\u00f6zle\u015fme imzalad\u0131\u011f\u0131 U\u00e7anok \u0130n\u015faat \u015eti. Ltd yetkilisine, Kapal\u0131 Pazar Yeri ve Terminal Alan\u0131\u2019n\u0131n yer ve i\u015f teslimini, hafta ba\u015f\u0131nda yapt\u0131. \u0130lgili firma da s\u00f6zle\u015fmede belirtildi\u011fi gibi 7 i\u015f g\u00fcn\u00fc i\u00e7erisinde faaliyetlerine d\u00fcn(15 Nisan) \u00a0itibari ile ba\u015flad\u0131.<\/p>\n<p>TC Lefko\u015fa B\u00fcy\u00fckel\u00e7ili\u011fi Ekonomik Kalk\u0131nma ve \u0130\u015fbirli\u011fi Ofisi\u2019nin destekleri ve \u0130skele Belediyesi\u2019nin \u00f6z kaynaklar\u0131 ile yap\u0131m\u0131na bug\u00fcn itibari ile ba\u015flanan \u0130skele Belediyesi Kapal\u0131 Pazar Yeri ve Terminal Alan\u0131 D\u00fczenleme Projesi 15.500 metrekarelik Alan \u00fczerinde in\u015fa edilecek.<\/p>\n<p>\u0130ki etaptan olu\u015facak \u0130skele Belediyesi Kapal\u0131 Pazar Yeri ve Terminal Alan\u0131 D\u00fczenleme Projesi\u2019nde; karkas, \u00e7at\u0131 \u00f6rt\u00fcs\u00fcne ait yap\u0131sal \u00e7elik i\u015fler ve \u00e7at\u0131 \u00f6rt\u00fcs\u00fc kaplama i\u015fleri, bal\u0131k\u00e7\u0131 stantlar\u0131, WC karkas, altyap\u0131 ve drenaj i\u015fleri ile elektrik altyap\u0131 i\u015fleri yer alacak. S\u00f6z konusu projenin ilk etab\u0131 ise 180 takvim g\u00fcn\u00fcnde tamamlanacak.<\/p>\n<p>&nbsp;<\/p>\n<p>&nbsp;<\/p>\n","protected":false},"excerpt":{"rendered":"<p>\u0130skele Belediyesi \u0130mar Birimi, ge\u00e7ti\u011fimiz hafta s\u00f6zle\u015fme imzalad\u0131\u011f\u0131 U\u00e7anok \u0130n\u015faat [&hellip;]<\/p>\n","protected":false},"author":10,"featured_media":11164,"comment_status":"open","ping_status":"closed","sticky":false,"template":"","format":"standard","meta":{"footnotes":""},"categories":[9],"tags":[],"class_list":["post-11160","post","type-post","status-publish","format-standard","has-post-thumbnail","hentry","category-uyelerimizin-haberleri"],"_links":{"self":[{"href":"https:\/\/ktbb.org\/v1\/wp-json\/wp\/v2\/posts\/11160","targetHints":{"allow":["GET"]}}],"collection":[{"href":"https:\/\/ktbb.org\/v1\/wp-json\/wp\/v2\/posts"}],"about":[{"href":"https:\/\/ktbb.org\/v1\/wp-json\/wp\/v2\/types\/post"}],"author":[{"embeddable":true,"href":"https:\/\/ktbb.org\/v1\/wp-json\/wp\/v2\/users\/10"}],"replies":[{"embeddable":true,"href":"https:\/\/ktbb.org\/v1\/wp-json\/wp\/v2\/comments?post=11160"}],"version-history":[{"count":1,"href":"https:\/\/ktbb.org\/v1\/wp-json\/wp\/v2\/posts\/11160\/revisions"}],"predecessor-version":[{"id":11165,"href":"https:\/\/ktbb.org\/v1\/wp-json\/wp\/v2\/posts\/11160\/revisions\/11165"}],"wp:featuredmedia":[{"embeddable":true,"href":"https:\/\/ktbb.org\/v1\/wp-json\/wp\/v2\/media\/11164"}],"wp:attachment":[{"href":"https:\/\/ktbb.org\/v1\/wp-json\/wp\/v2\/media?parent=11160"}],"wp:term":[{"taxonomy":"category","embeddable":true,"href":"https:\/\/ktbb.org\/v1\/wp-json\/wp\/v2\/categories?post=11160"},{"taxonomy":"post_tag","embeddable":true,"href":"https:\/\/ktbb.org\/v1\/wp-json\/wp\/v2\/tags?post=11160"}],"curies":[{"name":"wp","href":"https:\/\/api.w.org\/{rel}","templated":true}]}}