{"id":11166,"date":"2021-04-16T05:47:21","date_gmt":"2021-04-16T05:47:21","guid":{"rendered":"http:\/\/ktbb.org\/v1\/?p=11166"},"modified":"2021-04-16T05:47:21","modified_gmt":"2021-04-16T05:47:21","slug":"amcaoglu-ve-sadikoglu-kolej-binasinin-yapim-calismalarini-inceledi","status":"publish","type":"post","link":"https:\/\/ktbb.org\/v1\/amcaoglu-ve-sadikoglu-kolej-binasinin-yapim-calismalarini-inceledi\/","title":{"rendered":"Amcao\u011flu ve Sad\u0131ko\u011flu kolej binas\u0131n\u0131n yap\u0131m \u00e7al\u0131\u015fmalar\u0131n\u0131 inceledi"},"content":{"rendered":"<p>Dr. Suat G\u00fcnsel \u0130skele Devlet \u0130lkokulu\u2019nun yap\u0131lmas\u0131 i\u00e7in \u0130skele Belediyesi\u2019ne ait 9 d\u00f6n\u00fcml\u00fck arazinin kullan\u0131m\u0131n\u0131n Milli E\u011fitim ve K\u00fclt\u00fcr Bakanl\u0131\u011f\u0131\u2019na verilmesini sa\u011flayan protokole imza atmak i\u00e7in \u00f6nceki g\u00fcn (14 Nisan) \u0130skele\u2019ye gelen Milli E\u011fitim ve K\u00fclt\u00fcr Bakan\u0131 Olgun Amcao\u011flu, \u0130skele Belediye Ba\u015fkan\u0131 Hasan Sad\u0131ko\u011flu ile birlikte yap\u0131m\u0131 devam eden \u0130skele T\u00fcrk Maarif Koleji binas\u0131n\u0131n yap\u0131m \u00e7al\u0131\u015fmalar\u0131n\u0131 da yerinde inceledi.<\/p>\n<p>&nbsp;<\/p>\n<p>D\u00f6nemin Ba\u015fbakan\u0131 Ersin Tatar ve Milli E\u011fitim ve K\u00fclt\u00fcr Bakan\u0131 Naz\u0131m \u00c7avu\u015fo\u011flu taraf\u0131ndan 10 A\u011fustos 2020 tarihinde temeli at\u0131lan \u0130skele T\u00fcrk Maarif Koleji Binas\u0131\u2019n\u0131n 2021 \u015eubat ay\u0131nda tamamlanmas\u0131 hedefleniyordu ancak pandemi nedeni ile \u00e7al\u0131\u015fmalar\u0131 zaman zaman duran Kolej Binas\u0131\u2019n\u0131n yap\u0131m\u0131 t\u00fcm h\u0131z\u0131yla devam ediyor.<\/p>\n<p>&nbsp;<\/p>\n<p>Vak\u0131flar \u0130daresi\u2019nin katk\u0131lar\u0131yla yap\u0131lan ve 8 milyon TL\u2019ye mal olacak, 9 s\u0131n\u0131fl\u0131k \u0130skele T\u00fcrk Maarif Koleji binas\u0131n\u0131n proje \u00e7izimleri ve bu \u00e7izimlerim \u00fccreti \u0130skele Belediyesi taraf\u0131ndan kar\u015f\u0131lan\u0131yor. 21 Nisan 2018 tarihli \u0130skele Belediye Meclisi toplant\u0131s\u0131nda oybirli\u011fi ile al\u0131nan karar do\u011frultusunda s\u00f6z konusu binan\u0131n Mimari ve Stratejik Proje \u00e7izimi, alan\u0131nda uzman mimarlar taraf\u0131ndan tamamlanm\u0131\u015f, Milli E\u011fitim ve K\u00fclt\u00fcr Bakanl\u0131\u011f\u0131\u2019na hibe edilmi\u015fti.<\/p>\n<p>&nbsp;<\/p>\n<p>&nbsp;<\/p>\n<p>&nbsp;<\/p>\n<p>&nbsp;<\/p>\n<p>&nbsp;<\/p>\n","protected":false},"excerpt":{"rendered":"<p>Dr. Suat G\u00fcnsel \u0130skele Devlet \u0130lkokulu\u2019nun yap\u0131lmas\u0131 i\u00e7in \u0130skele Belediyesi\u2019ne [&hellip;]<\/p>\n","protected":false},"author":10,"featured_media":11167,"comment_status":"open","ping_status":"closed","sticky":false,"template":"","format":"standard","meta":{"footnotes":""},"categories":[9],"tags":[],"class_list":["post-11166","post","type-post","status-publish","format-standard","has-post-thumbnail","hentry","category-uyelerimizin-haberleri"],"_links":{"self":[{"href":"https:\/\/ktbb.org\/v1\/wp-json\/wp\/v2\/posts\/11166","targetHints":{"allow":["GET"]}}],"collection":[{"href":"https:\/\/ktbb.org\/v1\/wp-json\/wp\/v2\/posts"}],"about":[{"href":"https:\/\/ktbb.org\/v1\/wp-json\/wp\/v2\/types\/post"}],"author":[{"embeddable":true,"href":"https:\/\/ktbb.org\/v1\/wp-json\/wp\/v2\/users\/10"}],"replies":[{"embeddable":true,"href":"https:\/\/ktbb.org\/v1\/wp-json\/wp\/v2\/comments?post=11166"}],"version-history":[{"count":1,"href":"https:\/\/ktbb.org\/v1\/wp-json\/wp\/v2\/posts\/11166\/revisions"}],"predecessor-version":[{"id":11168,"href":"https:\/\/ktbb.org\/v1\/wp-json\/wp\/v2\/posts\/11166\/revisions\/11168"}],"wp:featuredmedia":[{"embeddable":true,"href":"https:\/\/ktbb.org\/v1\/wp-json\/wp\/v2\/media\/11167"}],"wp:attachment":[{"href":"https:\/\/ktbb.org\/v1\/wp-json\/wp\/v2\/media?parent=11166"}],"wp:term":[{"taxonomy":"category","embeddable":true,"href":"https:\/\/ktbb.org\/v1\/wp-json\/wp\/v2\/categories?post=11166"},{"taxonomy":"post_tag","embeddable":true,"href":"https:\/\/ktbb.org\/v1\/wp-json\/wp\/v2\/tags?post=11166"}],"curies":[{"name":"wp","href":"https:\/\/api.w.org\/{rel}","templated":true}]}}