{"id":11177,"date":"2021-04-16T08:48:11","date_gmt":"2021-04-16T08:48:11","guid":{"rendered":"http:\/\/ktbb.org\/v1\/?p=11177"},"modified":"2021-04-16T08:48:11","modified_gmt":"2021-04-16T08:48:11","slug":"tufad-masal-kitabini-baskan-harmanciya-takdim-etti","status":"publish","type":"post","link":"https:\/\/ktbb.org\/v1\/tufad-masal-kitabini-baskan-harmanciya-takdim-etti\/","title":{"rendered":"TUFAD masal kitab\u0131n\u0131 Ba\u015fkan Harmanc\u0131\u2019ya takdim etti"},"content":{"rendered":"<p>Lefko\u015fa T\u00fcrk Belediyesi (LTB) Ba\u015fkan\u0131 Mehmet Harmanc\u0131, Turizm ve Folklor Ara\u015ft\u0131rmalar\u0131 Derne\u011fi(TUFAD) heyetini kabul etti. LTB ile TUFAD\u2019\u0131n ortak \u00e7al\u0131\u015fmalar\u0131n de\u011ferlendirildi\u011fi g\u00f6r\u00fc\u015fmede Dernek ba\u015fkan\u0131 Arzu Turgay,K\u00fclt\u00fcr Dairesi\u2019nin katk\u0131lar\u0131 ile TUFAD taraf\u0131ndan yay\u0131nlanan \u201cGarab\u00f6c\u00fc\u201d adl\u0131 K\u0131br\u0131s Halk Masal\u0131 kitab\u0131n\u0131 Ba\u015fkan Harmanc\u0131\u2019ya takdim etti. G\u00f6r\u00fc\u015fmede TUFAD K\u00fclt\u00fcr Sanat Nurten Day\u0131 ve kitab\u0131 derleyen e\u011fitimci-yazar Ak\u0131le Ruh Ekizo\u011flu da haz\u0131r bulundu.<\/p>\n<p><strong>Turgay: \u201cBizim \u00e7ocuklar\u0131m\u0131z da bizden masallarla b\u00fcy\u00fcs\u00fcn istiyoruz\u201d<br \/>\n<\/strong>TUFAD ba\u015fkan\u0131 Arzu Turgay dernek olarak k\u00fclt\u00fcr\u00fcm\u00fcze b\u00f6ylesi bir katk\u0131 koymaktan gurur duyduklar\u0131n\u0131 belirterek bunun devam\u0131n\u0131n gelmesi hedefiyle \u00e7al\u0131\u015fmay\u0131 s\u00fcrd\u00fcreceklerini s\u00f6yledi.<br \/>\nNenelerimiz ve dedelerimizden dinledi\u011fimiz masallarla b\u00fcy\u00fcyen bir toplum olarak bu masallar\u0131n devam\u0131n\u0131 topluma ve \u00e7ocuklara kazand\u0131rmay\u0131 ama\u00e7lad\u0131klar\u0131n\u0131 kaydeden Turgay \u201c\u015eimdi bizim \u00e7ocuklar\u0131m\u0131z da bizden masallarla b\u00fcy\u00fcs\u00fcn istiyoruz\u201d dedi. K\u00fclt\u00fcr-sanata \u00e7ok de\u011fer veren ve bu alandaki hizmetleri ile ba\u015fkentin iyi bir k\u00fclt\u00fcr-sanat dokusuna kavu\u015fmas\u0131n\u0131 sa\u011flayan LTB\u2019ne bu kitab\u0131 sunmaktan b\u00fcy\u00fck bir mutluluk duyduklar\u0131n\u0131 ifade eden Turgay, bu kitab\u0131n uygun e\u011fitici ve sosyal \u00e7al\u0131\u015fmalarda kullan\u0131lmas\u0131n\u0131 diledi.<\/p>\n<p>&nbsp;<\/p>\n<p><strong>Ekizo\u011flu \u201cGarab\u00f6c\u00fc\u201d ile 20 y\u0131ll\u0131k hayalini ger\u00e7ekle\u015ftirdi<\/strong><\/p>\n<p>E\u011fitimci-yazar Akile Ruh Ekizo\u011flu ise \u201cGarab\u00f6c\u00fc\u201d ile 20 y\u0131ll\u0131k hayali olan bir masal kitab\u0131 \u00e7\u0131karmay\u0131 ba\u015fard\u0131\u011f\u0131n\u0131 s\u00f6yleyerek hedefinin k\u00fclt\u00fcr\u00fcm\u00fcz\u00fc yeni nesillere aktarmak oldu\u011funu dile getirdi.<\/p>\n<p>Ekizo\u011flu \u201cY\u0131llar \u00f6nce bana bu masal\u0131 anlatan Hamide Nine\u2019yi tekrar anmak isterim. Bu kitab\u0131 ortaya \u00e7\u0131karmam\u0131zdaki katk\u0131lar\u0131ndan dolay\u0131 K\u00fclt\u00fcr Dairesi\u2019ne ve vesile olan TUFAD\u2019a \u00e7ok te\u015fekk\u00fcr ederim\u201d diye konu\u015ftu.<\/p>\n<p>&nbsp;<\/p>\n<p><strong>Ekizo\u011flu: \u201cBizim masallar\u0131m\u0131z\u0131 anlatan masal kitaplar\u0131n\u0131n eksikli\u011fini hissettim ve K\u0131br\u0131s \u015fivesiyle bu masal\u0131 kaleme ald\u0131m\u201d<\/strong><\/p>\n<p>Ekizo\u011flu\u201c \u00dclkemizde bizim masallar\u0131m\u0131z\u0131 anlatan masal kitaplar\u0131n\u0131n eksikli\u011fini hisseden bir e\u011fitimci olarak K\u0131br\u0131s \u015fivesi ile bu masal\u0131 kaleme ald\u0131m. Masalda bir s\u0131\u00e7an ile garab\u00f6c\u00fcn\u00fcn Mesarya\u00a0 ovalar\u0131ndaki kar\u015f\u0131la\u015fmas\u0131 ile arkada\u015f olmas\u0131 ve yard\u0131mla\u015fma hikayesi \u00e7ocuklara anlat\u0131l\u0131yor. T\u00fcm ana ve ilkokul \u00e7a\u011f\u0131ndaki \u00e7ocuklar kitab\u0131 rahatl\u0131kla okuyabilir. Kitaba katk\u0131 koyan Mehmet \u0130lkerli, Psk.Dr.Fatih Bayraktar, Meryem Y\u0131ld\u0131z ve Okman Printing Ltd.\u2019ye \u00e7ok te\u015fekk\u00fcr ederim. Kitab\u0131n anaokul ve ilkokullarda kaynak kitap olarak kullan\u0131lmas\u0131 uygun g\u00f6r\u00fclmesi de \u00e7ok sevindiricidir.\u201d dedi.<\/p>\n<p><strong>\u00a0<\/strong><\/p>\n<p><strong>Ba\u015fkan Harmanc\u0131: \u201cK\u00fclt\u00fcr\u00fcm\u00fcz\u00fcn \u00e7ocuklar\u0131m\u0131za aktar\u0131lmas\u0131 ad\u0131na \u00e7ok de\u011ferli bir kitap\u201d<\/strong><\/p>\n<p>LTB Ba\u015fkan\u0131 Mehmet Harmanc\u0131 \u00fclkede \u00fcretilen k\u00fclt\u00fcr sanat eserlerine her zaman de\u011fer verdiklerini ve K\u0131br\u0131s T\u00fcrk toplumunun ge\u00e7mi\u015finden bug\u00fcnlere aktar\u0131lan bu masal kitab\u0131n\u0131n da \u00f6zellikle \u00e7ocuklar i\u00e7in \u00e7ok de\u011ferli bir kaynak eser oldu\u011funa dikkat \u00e7ekti. TUFAD\u2019\u0131 da b\u00f6ylesi bir projeyi hayata ge\u00e7irerek \u201cbizim masallar\u0131m\u0131z\u201da sahip \u00e7\u0131kt\u0131klar\u0131 i\u00e7in kutlayan Ba\u015fkan Harmanc\u0131 bu gibi k\u00fclt\u00fcrel ve e\u011fitsel \u00e7al\u0131\u015fmalar\u0131n devam\u0131n\u0131 diledi.<\/p>\n","protected":false},"excerpt":{"rendered":"<p>Lefko\u015fa T\u00fcrk Belediyesi (LTB) Ba\u015fkan\u0131 Mehmet Harmanc\u0131, Turizm ve Folklor [&hellip;]<\/p>\n","protected":false},"author":10,"featured_media":11178,"comment_status":"open","ping_status":"closed","sticky":false,"template":"","format":"standard","meta":{"footnotes":""},"categories":[9],"tags":[],"class_list":["post-11177","post","type-post","status-publish","format-standard","has-post-thumbnail","hentry","category-uyelerimizin-haberleri"],"_links":{"self":[{"href":"https:\/\/ktbb.org\/v1\/wp-json\/wp\/v2\/posts\/11177","targetHints":{"allow":["GET"]}}],"collection":[{"href":"https:\/\/ktbb.org\/v1\/wp-json\/wp\/v2\/posts"}],"about":[{"href":"https:\/\/ktbb.org\/v1\/wp-json\/wp\/v2\/types\/post"}],"author":[{"embeddable":true,"href":"https:\/\/ktbb.org\/v1\/wp-json\/wp\/v2\/users\/10"}],"replies":[{"embeddable":true,"href":"https:\/\/ktbb.org\/v1\/wp-json\/wp\/v2\/comments?post=11177"}],"version-history":[{"count":1,"href":"https:\/\/ktbb.org\/v1\/wp-json\/wp\/v2\/posts\/11177\/revisions"}],"predecessor-version":[{"id":11179,"href":"https:\/\/ktbb.org\/v1\/wp-json\/wp\/v2\/posts\/11177\/revisions\/11179"}],"wp:featuredmedia":[{"embeddable":true,"href":"https:\/\/ktbb.org\/v1\/wp-json\/wp\/v2\/media\/11178"}],"wp:attachment":[{"href":"https:\/\/ktbb.org\/v1\/wp-json\/wp\/v2\/media?parent=11177"}],"wp:term":[{"taxonomy":"category","embeddable":true,"href":"https:\/\/ktbb.org\/v1\/wp-json\/wp\/v2\/categories?post=11177"},{"taxonomy":"post_tag","embeddable":true,"href":"https:\/\/ktbb.org\/v1\/wp-json\/wp\/v2\/tags?post=11177"}],"curies":[{"name":"wp","href":"https:\/\/api.w.org\/{rel}","templated":true}]}}