{"id":11180,"date":"2021-04-22T07:43:21","date_gmt":"2021-04-22T07:43:21","guid":{"rendered":"http:\/\/ktbb.org\/v1\/?p=11180"},"modified":"2021-04-16T09:46:22","modified_gmt":"2021-04-16T09:46:22","slug":"ozcinar-23-nisan-ulusal-egemenlik-ve-cocuk-bayramini-kutladi-2","status":"publish","type":"post","link":"https:\/\/ktbb.org\/v1\/ozcinar-23-nisan-ulusal-egemenlik-ve-cocuk-bayramini-kutladi-2\/","title":{"rendered":"\u00d6z\u00e7\u0131nar, 23 Nisan Ulusal Egemenlik ve \u00c7ocuk Bayram\u0131&#8217;n\u0131 kutlad\u0131"},"content":{"rendered":"<p>K. T. Belediyeler Birli\u011fi ve G\u00fczelyurt Belediye Ba\u015fkan\u0131 Mahmut \u00d6z\u00e7\u0131nar, 23 Nisan Ulusal Egemenlik ve \u00c7ocuk Bayram\u0131 dolay\u0131s\u0131yla mesaj yay\u0131mlad\u0131.<\/p>\n<p>\u00d6z\u00e7\u0131nar&#8217;\u0131n mesaj\u0131 \u015f\u00f6yle:<\/p>\n<p>&#8220;23 Nisan Ulusal Egemenlik ve \u00c7ocuk Bayram\u0131\u2019n\u0131n 101. Y\u0131l\u0131n\u0131 kutluyoruz.<\/p>\n<p>\u00c7ocuklar\u0131m\u0131z sevin\u00e7 ve heyecan\u0131n\u0131, ne yaz\u0131k ki bu y\u0131l da t\u00fcm d\u00fcnyay\u0131 etkisi alt\u0131na alan Korona Vir\u00fcs (Covid 19) salg\u0131n\u0131n\u0131n g\u00f6lgesinde ya\u015f\u0131yor.<\/p>\n<p>Hepimiz zor g\u00fcnlerden ge\u00e7iyoruz. Temennimiz, yak\u0131n zamanda bu s\u0131k\u0131nt\u0131lar\u0131n geride kalmas\u0131, ya\u015fam kayna\u011f\u0131m\u0131z olan \u00e7ocuklar\u0131m\u0131z\u0131n sevin\u00e7lerini doyas\u0131ya ya\u015fayabilece\u011fi g\u00fcnlerin gelmesidir.<\/p>\n<p>Yar\u0131nlar\u0131n teminat\u0131 \u00e7ocuklar\u0131m\u0131z\u0131n 23 Nisan Ulusal Egemenlik ve \u00c7ocuk Bayram\u0131\u2019n\u0131 kutlarken, onlara daha g\u00fczel bir d\u00fcnya b\u0131rakmak i\u00e7in biz b\u00fcy\u00fcklerin daha \u00e7ok \u00e7aba sarf etmemiz gerekti\u011fini de vurgulamak isterim.<\/p>\n<p>Bu \u00f6zel g\u00fcn vesilesiyle, T\u00fcrkiye B\u00fcy\u00fck Millet Meclisi\u2019ni a\u00e7arak, 23 Nisan\u2019\u0131 bayram olarak \u00e7ocuklar\u0131m\u0131za arma\u011fan eden, T\u00fcrkiye Cumhuriyeti\u2019nin Kurucusu Ulu \u00d6nder Mustafa Kemal Atat\u00fcrk\u2019\u00fc de sayg\u0131 ile anar, \u00e7ocuklar\u0131m\u0131za bar\u0131\u015f ve huzur i\u00e7inde ya\u015fayacaklar\u0131 bir d\u00fcnya dilerim.&#8221;<\/p>\n","protected":false},"excerpt":{"rendered":"<p>K. T. Belediyeler Birli\u011fi ve G\u00fczelyurt Belediye Ba\u015fkan\u0131 Mahmut \u00d6z\u00e7\u0131nar, [&hellip;]<\/p>\n","protected":false},"author":10,"featured_media":8865,"comment_status":"open","ping_status":"closed","sticky":false,"template":"","format":"standard","meta":{"footnotes":""},"categories":[1],"tags":[],"class_list":["post-11180","post","type-post","status-publish","format-standard","has-post-thumbnail","hentry","category-birlikten-haberler"],"_links":{"self":[{"href":"https:\/\/ktbb.org\/v1\/wp-json\/wp\/v2\/posts\/11180","targetHints":{"allow":["GET"]}}],"collection":[{"href":"https:\/\/ktbb.org\/v1\/wp-json\/wp\/v2\/posts"}],"about":[{"href":"https:\/\/ktbb.org\/v1\/wp-json\/wp\/v2\/types\/post"}],"author":[{"embeddable":true,"href":"https:\/\/ktbb.org\/v1\/wp-json\/wp\/v2\/users\/10"}],"replies":[{"embeddable":true,"href":"https:\/\/ktbb.org\/v1\/wp-json\/wp\/v2\/comments?post=11180"}],"version-history":[{"count":1,"href":"https:\/\/ktbb.org\/v1\/wp-json\/wp\/v2\/posts\/11180\/revisions"}],"predecessor-version":[{"id":11181,"href":"https:\/\/ktbb.org\/v1\/wp-json\/wp\/v2\/posts\/11180\/revisions\/11181"}],"wp:featuredmedia":[{"embeddable":true,"href":"https:\/\/ktbb.org\/v1\/wp-json\/wp\/v2\/media\/8865"}],"wp:attachment":[{"href":"https:\/\/ktbb.org\/v1\/wp-json\/wp\/v2\/media?parent=11180"}],"wp:term":[{"taxonomy":"category","embeddable":true,"href":"https:\/\/ktbb.org\/v1\/wp-json\/wp\/v2\/categories?post=11180"},{"taxonomy":"post_tag","embeddable":true,"href":"https:\/\/ktbb.org\/v1\/wp-json\/wp\/v2\/tags?post=11180"}],"curies":[{"name":"wp","href":"https:\/\/api.w.org\/{rel}","templated":true}]}}