{"id":11182,"date":"2021-04-16T09:49:42","date_gmt":"2021-04-16T09:49:42","guid":{"rendered":"http:\/\/ktbb.org\/v1\/?p=11182"},"modified":"2021-04-16T09:49:42","modified_gmt":"2021-04-16T09:49:42","slug":"kalecik-halk-plaji-ve-yesil-alan-rekreasyon-projesi-icin-dugmeye-basildi","status":"publish","type":"post","link":"https:\/\/ktbb.org\/v1\/kalecik-halk-plaji-ve-yesil-alan-rekreasyon-projesi-icin-dugmeye-basildi\/","title":{"rendered":"Kalecik Halk Plaj\u0131 ve Ye\u015fil Alan Rekreasyon Projesi i\u00e7in d\u00fc\u011fmeye bas\u0131ld\u0131"},"content":{"rendered":"<p>Kalecik K\u00f6y\u00fc yak\u0131nlar\u0131nda \u0130skele Belediyesi\u2019ne ait olan ye\u015fil alan, ba\u015fta Kalecik K\u00f6y\u00fc halk\u0131 olmak \u00fczere 7\u2019den 70\u2019e herkesin kullanabilece\u011fi, \u0130skele Belediyesi\u2019nin projeleri aras\u0131nda yer alan Kalecik Halk Plaj\u0131 <strong>ve <\/strong>Ye\u015fil Alan Rekreasyon Projesi i\u00e7in d\u00fc\u011fmeye bas\u0131ld\u0131. Ge\u00e7ti\u011fimiz g\u00fcnlerde, hudutlar\u0131n belirlendi\u011fi s\u00f6z konusu b\u00f6lgede, 12 Nisan itibari ile \u00e7al\u0131\u015fmalar ba\u015flad\u0131. \u0130skele Belediyesi\u2019nin \u00f6z kaynaklar\u0131 ile 11. 600 metrekarelik alana yap\u0131lacak Kalecik Halk Plaj\u0131 ve Ye\u015fil Alan Rekreasyon Projesi kapsam\u0131nda yol geni\u015fletme \u00e7al\u0131\u015fmas\u0131, bisiklet ve y\u00fcr\u00fcy\u00fc\u015f yolunun yan\u0131 s\u0131ra, peyzaj \u00e7al\u0131\u015fmas\u0131 ile g\u00fczelle\u015ftirilecek kanal yap\u0131m\u0131 da bulunuyor. S\u00f6z konusu kanal\u0131n yap\u0131lmas\u0131 ile ya\u011fmur suyunun, do\u011frudan denize ula\u015fmas\u0131 sa\u011flanacak.<\/p>\n<p>&nbsp;<\/p>\n<p><strong>\u0130SKELE BELED\u0130YES\u0130\u2019NE A\u0130T OLAN YE\u015e\u0130L ALAN, HALK PLAJI OLARAK KULLANILACAK<\/strong><\/p>\n<p>\u2018Hizmet G\u00f6n\u00fcl \u0130\u015fidir\u2019 prensibi ile hareket eden \u0130skele Belediyesi\u2019nin \u2018insan odakl\u0131\u2019 projelerinin yap\u0131m\u0131, h\u0131z kesmeden devam ediyor. \u0130skele Belediye Ba\u015fkan\u0131 Hasan Sad\u0131ko\u011flu\u2019nun \u00f6nemli g\u00f6rd\u00fc\u011f\u00fc projeleri aras\u0131nda bulunan, Kalecik K\u00f6y halk\u0131 ba\u015fta olmak \u00fczere herkesin \u00fccretsiz olarak faydalanabilece\u011fi Kalecik Halk Plaj\u0131 <strong>ve <\/strong>Ye\u015fil Alan Rekreasyon Projesi i\u00e7in de harekete ge\u00e7ildi. Kalecik K\u00f6y\u00fc yak\u0131nlar\u0131nda bulunan \u0130skele Belediyesi\u2019ne ait ye\u015fil alan\u0131n hudutlar\u0131 \u0130skele Belediyesi \u0130mar Birimi taraf\u0131ndan belirlendi. \u0130skele Belediyesi\u2019nin \u00f6z kaynaklar\u0131yla yap\u0131m\u0131na 12 Nisan itibariyle ba\u015flanan ve toplam 11. 600 metrekarelik alandan olu\u015facak Kalecik Halk Plaj\u0131 <strong>ve <\/strong>Ye\u015fil Alan Rekreasyon Projesi sayesinde plaj kullan\u0131l\u0131r hale getirilecek ve halk\u0131n denize do\u011frudan ula\u015f\u0131m\u0131 sa\u011flanacak.<\/p>\n<p>&nbsp;<\/p>\n<p><strong>YE\u015e\u0130L\u0130N A\u011eIRLIKLI OLACA\u011eI ALANDA \u00c7OCUK OYUN ALANLARI VE B\u00dcFE DE BULUNACAK<\/strong><\/p>\n<p>Yaln\u0131zca denize girilebilecek yer olarak d\u00fc\u015f\u00fcn\u00fclmeyen Kalecik Halk Plaj\u0131 projesinde, \u00e7ocuklar\u0131n g\u00fczel vakit ge\u00e7irebilmesi i\u00e7in tasarlanacak \u00e7ok say\u0131da oyun alan\u0131 da bulunacak,\u00a0 ye\u015fil alan da a\u011f\u0131rl\u0131kta olacak.\u00a0 Yap\u0131lacak peyzaj \u00e7al\u0131\u015fmas\u0131 sayesinde, plaja gelen 7\u2019den 70\u2019e herkes kum, g\u00fcne\u015f ve denizin yan\u0131 s\u0131ra ye\u015filin de tad\u0131n\u0131 \u00e7\u0131karabilecek. \u00a0Halk\u0131n \u00fccretsiz kullanabilece\u011fi plajda, ihtiya\u00e7lar\u0131n kar\u015f\u0131lanmas\u0131na olanak sa\u011flanmas\u0131 i\u00e7in \u0130skele Belediyesi\u2019ne ait b\u00fcfe,\u00a0 Du\u015f yerleri, soyunma kabinleri ve WC de bulunacak. S\u00f6z konusu projenin yap\u0131laca\u011f\u0131 yerde 55 ara\u00e7l\u0131k park yerinin olmas\u0131 da hedefleniyor.<\/p>\n<p>&nbsp;<\/p>\n<p><strong>PROJEDE YOL GEN\u0130\u015eLETME \u00c7ALI\u015eMASI, B\u0130S\u0130KLET VE Y\u00dcR\u00dcY\u00dc\u015e YOLU DA BULUNUYOR<\/strong><\/p>\n<p>\u0130skele Belediyesi\u2019nin \u00f6z kaynaklar\u0131 ile bug\u00fcn itibariyle yap\u0131m\u0131na ba\u015flanan Kalecik Halk Plaj\u0131 Projesi kapsam\u0131nda yol geni\u015fletme \u00e7al\u0131\u015fmas\u0131 da bulunuyor. \u00d6te yandan \u0130skele Belediyesi\u2019nin sahil \u015feridinde hedefledi\u011fi y\u00fcr\u00fcy\u00fc\u015f ve bisiklet yolu projesi de emin ad\u0131mlarla ilerliyor. \u0130skele Bo\u011faz\u2019dan itibaren ba\u015flayacak y\u00fcr\u00fcy\u00fc\u015f ve bisiklet yolunun Kalecik Halk Plaj\u0131\u2019na kadar uzanmas\u0131 da s\u00f6z konusu projenin detaylar\u0131 aras\u0131nda.<\/p>\n<p>&nbsp;<\/p>\n","protected":false},"excerpt":{"rendered":"<p>Kalecik K\u00f6y\u00fc yak\u0131nlar\u0131nda \u0130skele Belediyesi\u2019ne ait olan ye\u015fil alan, ba\u015fta [&hellip;]<\/p>\n","protected":false},"author":10,"featured_media":11183,"comment_status":"open","ping_status":"closed","sticky":false,"template":"","format":"standard","meta":{"footnotes":""},"categories":[9],"tags":[],"class_list":["post-11182","post","type-post","status-publish","format-standard","has-post-thumbnail","hentry","category-uyelerimizin-haberleri"],"_links":{"self":[{"href":"https:\/\/ktbb.org\/v1\/wp-json\/wp\/v2\/posts\/11182","targetHints":{"allow":["GET"]}}],"collection":[{"href":"https:\/\/ktbb.org\/v1\/wp-json\/wp\/v2\/posts"}],"about":[{"href":"https:\/\/ktbb.org\/v1\/wp-json\/wp\/v2\/types\/post"}],"author":[{"embeddable":true,"href":"https:\/\/ktbb.org\/v1\/wp-json\/wp\/v2\/users\/10"}],"replies":[{"embeddable":true,"href":"https:\/\/ktbb.org\/v1\/wp-json\/wp\/v2\/comments?post=11182"}],"version-history":[{"count":1,"href":"https:\/\/ktbb.org\/v1\/wp-json\/wp\/v2\/posts\/11182\/revisions"}],"predecessor-version":[{"id":11184,"href":"https:\/\/ktbb.org\/v1\/wp-json\/wp\/v2\/posts\/11182\/revisions\/11184"}],"wp:featuredmedia":[{"embeddable":true,"href":"https:\/\/ktbb.org\/v1\/wp-json\/wp\/v2\/media\/11183"}],"wp:attachment":[{"href":"https:\/\/ktbb.org\/v1\/wp-json\/wp\/v2\/media?parent=11182"}],"wp:term":[{"taxonomy":"category","embeddable":true,"href":"https:\/\/ktbb.org\/v1\/wp-json\/wp\/v2\/categories?post=11182"},{"taxonomy":"post_tag","embeddable":true,"href":"https:\/\/ktbb.org\/v1\/wp-json\/wp\/v2\/tags?post=11182"}],"curies":[{"name":"wp","href":"https:\/\/api.w.org\/{rel}","templated":true}]}}