{"id":11185,"date":"2021-04-17T08:57:22","date_gmt":"2021-04-17T08:57:22","guid":{"rendered":"http:\/\/ktbb.org\/v1\/?p=11185"},"modified":"2021-04-22T09:21:01","modified_gmt":"2021-04-22T09:21:01","slug":"gazimagusa-belediyesinin-katkilariyla-san-piyano-dinletisi","status":"publish","type":"post","link":"https:\/\/ktbb.org\/v1\/gazimagusa-belediyesinin-katkilariyla-san-piyano-dinletisi\/","title":{"rendered":"Gazima\u011fusa Belediyesi&#8217;nin katk\u0131lar\u0131yla \u015ean &#8211; Piyano Dinletisi"},"content":{"rendered":"<div>15 Nisan D\u00fcnya Sanat G\u00fcn\u00fc ve 16 Nisan D\u00fcnya Ses G\u00fcn\u00fc dolay\u0131s\u0131 ile, Avrupa&#8217;da E\u011fitim Alm\u0131\u015f ilk ve Tek KKTCli Opera Sanat\u00e7\u0131s\u0131 Laden \u0130nce ve D\u00fcnyaca tan\u0131nm\u0131\u015f piyanist Atakan Sar\u0131 \u015ean &#8211; Piyano Dinletisi sunacak.<\/div>\n<div>Gazima\u011fusa Belediyesinin katk\u0131lar\u0131yla sunulacak dinleti,\u00a0 Gazima\u011fusa Belediyesi Facebook sayfas\u0131ndan, 20 Nisan 2021 Pazartesi ak\u015fam\u0131 saat: 20.00\u2019den itibaren dinlenebilecek.<\/div>\n<div>Konserin program\u0131:<\/div>\n<div>\u2022 &#8220;O mio babbino caro&#8221;, Lauretta, Gianni Schicchi<\/div>\n<div>\u00a0\u00a0\u00a0Puccini<\/div>\n<div>\u2022 Fr\u00fchlingsstimmen Walzer, op.410<\/div>\n<div>\u00a0\u00a0J.Strauss<\/div>\n<div>\u2022 &#8220;I could have danced all night &#8220;, Eliza, My Fair Lady<\/div>\n<div>\u00a0\u00a0\u00a0Frederick Loewe<\/div>\n<div>\u2022 B\u00fclb\u00fcl\u00fcm alt\u0131n kafeste<\/div>\n<div>\u00a0\u00a0\u00a0D\u00fczenleme: Nevid Kodall\u0131<\/div>\n<div>\u2022 Zeytinden A\u015f\u0131 m\u0131s\u0131n<\/div>\n<div>\u00a0\u00a0\u00a0Raif Denkta\u015f &amp; Erdin\u00e7 G\u00fcnd\u00fcz,<\/div>\n<div>\u00a0\u00a0\u00a0D\u00fczenleme: Atakan Sar\u0131<\/div>\n<div>\u2022 Mamma<\/div>\n<div>\u00a0\u00a0Bixio<\/div>\n<div><\/div>\n<div><strong>LADEN \u0130NCE\u00a0<\/strong><em><strong>Soprano, Opera-\u015ean Sanat\u00e7\u0131s\u0131, Lefko\u015fa 1986.<\/strong><\/em><\/div>\n<div>Avrupa&#8217;da E\u011fitim Alm\u0131\u015f \u0130lk ve Tek KKTCli Opera Sanat\u00e7\u0131s\u0131<\/div>\n<div>Hacettepe \u00dcniversitesi Ankara Devlet Konservatuvar\u0131, \u0130ngiltere Kraliyet M\u00fczik Koleji (Royal Northern College of Music RNCM), \u0130talya Verona Konservatuvar\u0131, \u0130svi\u00e7re Lugano Konservatuar\u0131 ve Almanya Leipzig ve Bad Schwalbach Uluslararas\u0131 Opera Akademisi&#8217;nde 11 y\u0131l s\u00fcren konservatuvar, y\u00fcksek lisans ve ileri seviye perfeksiyon e\u011fitimini tamamlad\u0131.<\/div>\n<div>&#8220;Ola\u011fan\u00fcst\u00fc Yetenek ve Potansiyel \u00d6d\u00fcl\u00fc&#8221; kazand\u0131 (&#8220;Outstanding Ability and Potential Award&#8221; RNCM UK).<\/div>\n<div>\u00c7e\u015fitli konserler, resitaller, festivaller ve at\u00f6lye \u00e7al\u0131\u015fmalar\u0131 kapsam\u0131nda K\u0131br\u0131s (kuzeyde ve g\u00fcneyde), Almanya\u2019da Weimar, Karlsruhe, Stuttgart, Rudolstad, Leipzig, Torgau, Bad Schwalbach; Avusturya\u2019da Viyana, Salzburg, Graz; Estonya\u2019da Talin, Finlandiya\u2019da Helsinki, Fransa\u2019da Strazburg, \u0130ngiltere\u2019de Manchester, \u0130svi\u00e7re\u2019de Bern, Lugano, Chur; \u0130talya\u2019da Verona, Brescia, Vicenza, Viterbo, Parma, Rovigo; Letonya\u2019da Riga; Polonya\u2019da Var\u015fova; T\u00fcrkiye\u2019de \u0130stanbul, Ankara, Eski\u015fehir, Bursa, Ayval\u0131k, Marmaris, Mersin; g\u00fcneyde ise Nicosia Shoe Factory ve Limasol Rialto Tiyatrosu\u2019nda solist olarak \u00e7al\u0131\u015ft\u0131.<\/div>\n<div>Avrupa&#8217;daki uluslararas\u0131 se\u00e7meleri kazanarak Almanya ve \u0130talya&#8217;da W.A.Mozart&#8217;\u0131n Sihirli Fl\u00fct operas\u0131nda ba\u015frol Gece Krali\u00e7esi rol\u00fcn\u00fc; Weimar Opera St\u00fcdyosu&#8217;nda Windsor&#8217;un \u015een Kad\u0131nlar\u0131&#8217;nda ba\u015frol Frau Fluth rol\u00fcn\u00fc s\u00f6yledi.<\/div>\n<div>Collegium Musicum Senfoni Orkestras\u0131, Rhein-Main Philharmoniker, Prag Smetana Senfoni, Th\u00fcringer Symphoniker, Wuhan Filarmoni, Capriccio Fridericiana, \u0130stanbul Devlet Opera ve Balesi, Mersin Devlet Opera ve Balesi, KKTC Cumhurba\u015fkanl\u0131\u011f\u0131 Senfoni Orkestras\u0131, Lefko\u015fa Belediye Orkestras\u0131 ve Cyprus Symphony Orchestra e\u015fli\u011finde solist olarak yer ald\u0131.<\/div>\n<div>Olga Makarina (Metropolitan Opera), Ildik\u00f3 Raimondi (Wiener Staatsoper), Martha Sharp (Universit\u00e4t Mozarteum Salzburg) , Monica Trini (Teatro alla Scala) gibi isimlerle \u00e7al\u0131\u015ft\u0131.<\/div>\n<div>2010, 2014 ve 2017 y\u0131llar\u0131nda T\u00fcrksoy Opera G\u00fcnleri&#8217;nde KKTC&#8217;yi temsil etti.<\/div>\n<div>2017&#8217;de \u0130stanbul Devlet Opera ve Balesi&#8217;nde Gen\u00e7lik Konseri&#8217;nde solist olarak yer ald\u0131.<\/div>\n<div>2013&#8217;ten bu yana \u0130nce, \u00fclkemizde \u00e7e\u015fitli festivaller, konserler, resitaller, sergi a\u00e7\u0131l\u0131\u015f\u0131, eski eserler a\u00e7\u0131l\u0131\u015f\u0131 vs.\u00e7er\u00e7evesinde 25&#8217;in \u00fczerinde projede solist olarak \u00e7al\u0131\u015fm\u0131\u015ft\u0131r.<\/div>\n<div>Tam bir K\u0131br\u0131s a\u015f\u0131\u011f\u0131 olan \u0130nce, yurti\u00e7i ve \u00f6zellikle yurtd\u0131\u015f\u0131 konserlerinde K\u0131br\u0131s \u015fark\u0131lar\u0131na da yer vermektir. \u0130nce&#8217;ye, K\u0131br\u0131s \u015fark\u0131lar\u0131m\u0131z\u0131 yurtd\u0131\u015f\u0131na ta\u015f\u0131nmas\u0131ndan dolay\u0131 Necati \u00d6zkan Bilim K\u00fclt\u00fcr Sanat \u00f6d\u00fcl\u00fc verilmi\u015ftir.<\/div>\n<div>2014&#8217;ten bu yana Hayal At\u00f6lyesi takma ad\u0131n\u0131 verdi\u011fini \u00e7al\u0131\u015fma odas\u0131nda Ses E\u011fitimi konusunda \u00e7al\u0131\u015fmalar yapmaktad\u0131r. Kimi \u00f6\u011frencileri yakla\u015f\u0131k 100 ki\u015fide ilk 5&#8217;e girerek T\u00fcrkiye&#8217;deki yetenek s\u0131navlar\u0131n\u0131 kazanm\u0131\u015ft\u0131rlar.<\/div>\n<div>\u0130nce&#8217;nin candan dile\u011fi seyircileri ile spirit\u00fcel ve i\u00e7ten bir ba\u011f kurmak ve \u00fcretti\u011fi projelerle \u00fclkemizi ulusal ve uluslararas\u0131 \u00f6l\u00e7eklerde temsil etmeye devam edebilmektir.<\/div>\n<div><\/div>\n<div><strong>ATAKAN SARI\u00a0<\/strong><em>Piyanist<\/em><\/div>\n<div>\u0130zmir\u2019de d\u00fcnyaya gelen Atakan ilk m\u00fczik ve piyano derslerini babas\u0131 Mahmut Sar\u0131\u2019dan ald\u0131.<\/div>\n<div>Can \u00c7oker ile \u00e7al\u0131\u015ft\u0131\u011f\u0131 y\u0131llarda K\u00fclt\u00fcr Bakanl\u0131\u011f\u0131 piyano yar\u0131\u015fmas\u0131nda kategorisinde birinci<\/div>\n<div>oldu. Martin Berkofsky\u2019nin T\u00fcrkiye turnesinde tan\u0131\u015ft\u0131\u011f\u0131 Atakan sonraki y\u0131llarda kendisinin<\/div>\n<div>\u00f6\u011frencisi ve asistan\u0131 oldu. \u00dcniversite e\u011fitimini tam burslu olarak, iki y\u0131l gibi k\u0131sa bir s\u00fcrede<\/div>\n<div>tamamlad\u0131\u011f\u0131 Manhattan School of Music\u2019de Solomon Mikowsky ile \u00e7al\u0131\u015ft\u0131. Carnegie Hall<\/div>\n<div>se\u00e7melerini kazanarak ilk b\u00fcy\u00fck New York konserini yapt\u0131. Amerikal\u0131 besteci Alan<\/div>\n<div>Hovhanness\u2019in Berkofsky i\u00e7in besteledi\u011fi 2 piyano ve orkestra i\u00e7in kon\u00e7ertosunu<\/div>\n<div>kaydetmek \u00fczere Moskova, Mosfilm st\u00fcdyolar\u0131na gitti, CD\u2019nin olumlu tepkiler almas\u0131<\/div>\n<div>\u00fczerine bu eserin pr\u00f6miyeri i\u00e7in birer y\u0131l ara ile \u00f6nce Moskova \u00c7aykovski ard\u0131ndan Erivan<\/div>\n<div>Ha\u00e7aturyan salonlar\u0131na davet edilerek bu salonlarda konser veren ilk T\u00fcrk m\u00fczisyen oldu.<\/div>\n<div>2006-2009 y\u0131llar\u0131 aras\u0131nda New York\u2019ta Cornell \u00dcniversitesi ve \u0130thaca College\u2019de piyano,<\/div>\n<div>oda m\u00fczi\u011fi ve T\u00fcrk m\u00fczi\u011fi dersleri verdi. Roberto Prosseda ve Martin Berkofsky ile beraber<\/div>\n<div>Beethoven\u2019\u0131n piyano sonatlar\u0131ndan olu\u015fan bir alb\u00fcm\u00fc kanser hastalar\u0131 yarar\u0131na yay\u0131nlad\u0131.<\/div>\n<div>Kanada\u2019dan \u00c7in\u2019e pek \u00e7ok \u00fclkede solo ve orkestra e\u015fli\u011finde konserler vermi\u015f olup bu y\u0131l<\/div>\n<div>i\u00e7erisinde ressam-yazar \u00dcmit \u0130nat\u00e7\u0131\u2019n\u0131n \u015fiirlerinden olu\u015fan 8 par\u00e7ay\u0131 tenor Can Tufan ile<\/div>\n<div>bestelemi\u015f ve K\u0131rlang\u0131\u00e7 ad\u0131yla yay\u0131nlam\u0131\u015ft\u0131r. Halen K\u0131br\u0131s\u2019ta ya\u015famakta, hem \u00fcniversitede<\/div>\n<div>dersler vermekte hem de konser ya\u015fam\u0131na devam etmektedir<\/div>\n","protected":false},"excerpt":{"rendered":"<p>15 Nisan D\u00fcnya Sanat G\u00fcn\u00fc ve 16 Nisan D\u00fcnya Ses [&hellip;]<\/p>\n","protected":false},"author":10,"featured_media":11162,"comment_status":"open","ping_status":"closed","sticky":false,"template":"","format":"standard","meta":{"footnotes":""},"categories":[9],"tags":[],"class_list":["post-11185","post","type-post","status-publish","format-standard","has-post-thumbnail","hentry","category-uyelerimizin-haberleri"],"_links":{"self":[{"href":"https:\/\/ktbb.org\/v1\/wp-json\/wp\/v2\/posts\/11185","targetHints":{"allow":["GET"]}}],"collection":[{"href":"https:\/\/ktbb.org\/v1\/wp-json\/wp\/v2\/posts"}],"about":[{"href":"https:\/\/ktbb.org\/v1\/wp-json\/wp\/v2\/types\/post"}],"author":[{"embeddable":true,"href":"https:\/\/ktbb.org\/v1\/wp-json\/wp\/v2\/users\/10"}],"replies":[{"embeddable":true,"href":"https:\/\/ktbb.org\/v1\/wp-json\/wp\/v2\/comments?post=11185"}],"version-history":[{"count":1,"href":"https:\/\/ktbb.org\/v1\/wp-json\/wp\/v2\/posts\/11185\/revisions"}],"predecessor-version":[{"id":11186,"href":"https:\/\/ktbb.org\/v1\/wp-json\/wp\/v2\/posts\/11185\/revisions\/11186"}],"wp:featuredmedia":[{"embeddable":true,"href":"https:\/\/ktbb.org\/v1\/wp-json\/wp\/v2\/media\/11162"}],"wp:attachment":[{"href":"https:\/\/ktbb.org\/v1\/wp-json\/wp\/v2\/media?parent=11185"}],"wp:term":[{"taxonomy":"category","embeddable":true,"href":"https:\/\/ktbb.org\/v1\/wp-json\/wp\/v2\/categories?post=11185"},{"taxonomy":"post_tag","embeddable":true,"href":"https:\/\/ktbb.org\/v1\/wp-json\/wp\/v2\/tags?post=11185"}],"curies":[{"name":"wp","href":"https:\/\/api.w.org\/{rel}","templated":true}]}}