{"id":11187,"date":"2021-04-21T09:21:10","date_gmt":"2021-04-21T09:21:10","guid":{"rendered":"http:\/\/ktbb.org\/v1\/?p=11187"},"modified":"2021-04-22T09:53:47","modified_gmt":"2021-04-22T09:53:47","slug":"tarihi-konak-bolgeye-kazandirilacak","status":"publish","type":"post","link":"https:\/\/ktbb.org\/v1\/tarihi-konak-bolgeye-kazandirilacak\/","title":{"rendered":"Tarihi konak b\u00f6lgeye kazand\u0131r\u0131lacak"},"content":{"rendered":"<p>De\u011firmenlik Belediye Ba\u015fkan\u0131 Ali Karavezirler 21 Nisan&#8217;da, Eski Eserler Dairesi M\u00fcd\u00fcr\u00fc Naz\u0131m Ced ve ekibi ile birlikte De\u011firmenlik\u2019te bulunan ve restore edilecek olan Osmanl\u0131 Kona\u011f\u0131\u2019n\u0131 incelediler.<\/p>\n<p>Y\u0131llard\u0131r at\u0131l durumda olan ve eskiden Halk K\u00fct\u00fcphanesi olarak kullan\u0131lan De\u011firmenlik Saray Mahallesi\u2019ndeki tarihi Osmanl\u0131 Kona\u011f\u0131\u2019n\u0131n, De\u011firmenlik Belediyesi ve Eski Eserler Dairesi i\u015fbirli\u011fi ile yeniden halk\u0131n kullan\u0131m\u0131na sunulaca\u011f\u0131n\u0131 kaydeden Ba\u015fkan Ali Karavezirler, tadilat\u0131 yap\u0131lan kona\u011f\u0131n tarihi eser olarak b\u00f6lgeye b\u00fcy\u00fck de\u011fer kataca\u011f\u0131n\u0131 da belirtti.<\/p>\n<p>Ba\u015fkan Ali Karavezirler, belde s\u0131n\u0131rlar\u0131 i\u00e7erisindeki k\u00f6ylerde bulunan ve el eme\u011fi g\u00f6z nuru i\u015fleriyle ev ekonomilerine katk\u0131 sa\u011flamaya \u00e7al\u0131\u015fan kad\u0131nlar i\u00e7in Osmanl\u0131 Kona\u011f\u0131\u2019n\u0131n tahsis edilebilece\u011fini s\u00f6yledi.<\/p>\n<p>Kona\u011f\u0131n yeniden hayata kazand\u0131r\u0131lmas\u0131n\u0131n ard\u0131ndan, tarihi yap\u0131s\u0131yla turistlerin de ge\u00e7i\u015f noktas\u0131 olaca\u011f\u0131n\u0131 belirten Karavezirler, \u201cBu tarihi eserin restorasyonunun yap\u0131l\u0131p, kullan\u0131lmaya ba\u015flamas\u0131 \u00e7ok \u00f6nemlidir\u201d dedi.<\/p>\n<p>Eski Eserler Dairesi M\u00fcd\u00fcr\u00fc Naz\u0131m Ced, beraberindeki mimarlar \u00d6zge Samio\u011flu ve Ceren K\u00fcr\u00fcm ile birlikte daha sonra, De\u011firmenlik Belediyesi\u2019ne giderek, kona\u011f\u0131n yeniden hayat bulmas\u0131 hakk\u0131ndaki projelerini g\u00f6r\u00fc\u015ft\u00fcler. De\u011firmenlik Belediyesi Meclis \u00dcyesi Ahmet Erbay ile \u0130mar B\u00f6l\u00fcm\u00fc \u00e7al\u0131\u015fanlar\u0131ndan Nilg\u00fcn Ayd\u0131n Nizam da ziyarette haz\u0131r bulundu.<\/p>\n","protected":false},"excerpt":{"rendered":"<p>De\u011firmenlik Belediye Ba\u015fkan\u0131 Ali Karavezirler 21 Nisan&#8217;da, Eski Eserler Dairesi [&hellip;]<\/p>\n","protected":false},"author":10,"featured_media":11206,"comment_status":"open","ping_status":"closed","sticky":false,"template":"","format":"standard","meta":{"footnotes":""},"categories":[9],"tags":[],"class_list":["post-11187","post","type-post","status-publish","format-standard","has-post-thumbnail","hentry","category-uyelerimizin-haberleri"],"_links":{"self":[{"href":"https:\/\/ktbb.org\/v1\/wp-json\/wp\/v2\/posts\/11187","targetHints":{"allow":["GET"]}}],"collection":[{"href":"https:\/\/ktbb.org\/v1\/wp-json\/wp\/v2\/posts"}],"about":[{"href":"https:\/\/ktbb.org\/v1\/wp-json\/wp\/v2\/types\/post"}],"author":[{"embeddable":true,"href":"https:\/\/ktbb.org\/v1\/wp-json\/wp\/v2\/users\/10"}],"replies":[{"embeddable":true,"href":"https:\/\/ktbb.org\/v1\/wp-json\/wp\/v2\/comments?post=11187"}],"version-history":[{"count":1,"href":"https:\/\/ktbb.org\/v1\/wp-json\/wp\/v2\/posts\/11187\/revisions"}],"predecessor-version":[{"id":11207,"href":"https:\/\/ktbb.org\/v1\/wp-json\/wp\/v2\/posts\/11187\/revisions\/11207"}],"wp:featuredmedia":[{"embeddable":true,"href":"https:\/\/ktbb.org\/v1\/wp-json\/wp\/v2\/media\/11206"}],"wp:attachment":[{"href":"https:\/\/ktbb.org\/v1\/wp-json\/wp\/v2\/media?parent=11187"}],"wp:term":[{"taxonomy":"category","embeddable":true,"href":"https:\/\/ktbb.org\/v1\/wp-json\/wp\/v2\/categories?post=11187"},{"taxonomy":"post_tag","embeddable":true,"href":"https:\/\/ktbb.org\/v1\/wp-json\/wp\/v2\/tags?post=11187"}],"curies":[{"name":"wp","href":"https:\/\/api.w.org\/{rel}","templated":true}]}}