{"id":11213,"date":"2021-04-21T09:56:11","date_gmt":"2021-04-21T09:56:11","guid":{"rendered":"http:\/\/ktbb.org\/v1\/?p=11213"},"modified":"2021-04-22T09:58:17","modified_gmt":"2021-04-22T09:58:17","slug":"23-nisanda-balkonlarda-bulusuyoruz","status":"publish","type":"post","link":"https:\/\/ktbb.org\/v1\/23-nisanda-balkonlarda-bulusuyoruz\/","title":{"rendered":"23 Nisan&#8217;da balkonlarda bulu\u015fuyoruz"},"content":{"rendered":"<p><strong>Girne Belediyesi, 23 Nisan Ulusal Egemenlik ve \u00c7ocuk Bayram\u0131\u2019n\u0131, ge\u00e7en y\u0131l oldu\u011fu gibi bu y\u0131l da pandemi nedeniyle evlerde kutlamaya haz\u0131rlan\u0131yor. <\/strong><\/p>\n<p>&nbsp;<\/p>\n<p>Artan vir\u00fcs vakalar\u0131 nedeniyle al\u0131nan \u00f6nlemler \u00e7er\u00e7evesinde 23 Nisan 2021 g\u00fcn\u00fc saat 10.30-13.00 saatleri aras\u0131nda s\u00fcslenen ara\u00e7larla, Girne Belediye Ba\u015fkan\u0131 Nidai G\u00fcng\u00f6rd\u00fc \u00e7ocuklara seslenecek. Girne Belediyesi Binas\u0131 \u00f6n\u00fcnden ba\u015flayacak tur, Girne ve ba\u011fl\u0131 k\u00f6ylerini gezerek yeniden ayn\u0131 noktada son bulacak.<\/p>\n<p>&nbsp;<\/p>\n<p><em>Girne Belediyesi, 23 Nisan Ulusal Egemenlik ve \u00c7ocuk Bayram\u0131 nedeniyle, (23 Nisan 2021 Cuma ) saat 10.30\u2019da, Girne B\u00f6lgesinde ya\u015fayan t\u00fcm \u00e7ocuklar\u0131 yine balkonlar\u0131na \u00e7a\u011f\u0131rd\u0131.<\/em><\/p>\n<p>&nbsp;<\/p>\n<p><strong>Sosyal Medya \u00dczerinden Etkinlik Ger\u00e7ekle\u015ftirilecek<\/strong><\/p>\n<p>&nbsp;<\/p>\n<p>Ge\u00e7mi\u015f Y\u0131llarda oldu\u011fu gibi Girne Belediyesi\u2019nin yak\u0131n ili\u015fkileri bulunan \u0130zmir Kar\u015f\u0131yaka Belediyesi ile zoom platformu \u00fczerinden \u00e7evrimi\u00e7i olarak ger\u00e7ekle\u015ftirilecek etkinlik 23 Nisan 2021 Cuma g\u00fcn\u00fc Saat 13.30 da ba\u015flayacak. \u0130ki karde\u015f kentin belediye ba\u015fkanlar\u0131n\u0131n kat\u0131l\u0131m\u0131 ile yanlar\u0131nda bulunan \u00e7ocuklarla s\u00f6yle\u015fi ger\u00e7ekle\u015ftirilece\u011fi bilgisi de verildi.<\/p>\n<p>&nbsp;<\/p>\n<p>Girne Belediye Ba\u015fkan\u0131 Nidai G\u00fcng\u00f6rd\u00fc, 23 Nisan Ulusal Egemenlik ve \u00c7ocuk Bayram\u0131\u2019n\u0131n \u00e7ocuklara arma\u011fan edilen ve d\u00fcnya bar\u0131\u015f\u0131na \u00f6nemli katk\u0131 sa\u011flayan bir g\u00fcn oldu\u011funu ifade ederek, Mustafa Kemal Atat\u00fcrk\u2019\u00fcn \u2018Yurtta Sulh, D\u00fcnyada Sulh\u2019 ilkesiyle hareket etmenin \u00f6nemine vurgu yapt\u0131.<\/p>\n<p>&nbsp;<\/p>\n<p>G\u00fcng\u00f6rd\u00fc, bug\u00fcnde, t\u00fcm k\u0131s\u0131tlamalara ra\u011fmen etkinliklerin ara verilmeden evlerde kutlanmas\u0131n\u0131n birlik ve beraberli\u011fe \u00f6nemli katk\u0131larda bulunaca\u011f\u0131n\u0131 belirterek, \u00e7ocuklar\u0131n evlerinde balkonlardan kat\u0131l\u0131m\u0131yla ne\u015fe ve co\u015fku i\u00e7inde kutlanacak 23 Nisan i\u00e7in t\u00fcm ailelere ve \u00e7ocuklara seslenerek, onlar\u0131n bu anlaml\u0131 g\u00fcn\u00fc kesintiye u\u011fratmadan kutlamaya devam etmeleri \u00e7a\u011fr\u0131s\u0131nda bulundu.<\/p>\n<p>&nbsp;<\/p>\n<p>G\u00fcng\u00f6rd\u00fc, \u201cBayraklarla, balonlarla balkonlarda yine \u00e7ocuklar\u0131m\u0131z bir araya gelecek ve kendilerine arma\u011fan edilen bu g\u00fcne her zaman oldu\u011fu gibi sahip \u00e7\u0131kacaklard\u0131r. Bizler de elimizden geldi\u011fince haz\u0131rlad\u0131\u011f\u0131m\u0131z arac\u0131m\u0131zla sokaklar\u0131ndan ge\u00e7erek onlara bu anlaml\u0131 g\u00fcnde s\u00fcrpriz yapaca\u011f\u0131z. Sa\u011fl\u0131k ve huzur dolu g\u00fcnler dilerim\u201d dedi.<\/p>\n<p>&nbsp;<\/p>\n","protected":false},"excerpt":{"rendered":"<p>Girne Belediyesi, 23 Nisan Ulusal Egemenlik ve \u00c7ocuk Bayram\u0131\u2019n\u0131, ge\u00e7en [&hellip;]<\/p>\n","protected":false},"author":10,"featured_media":11214,"comment_status":"open","ping_status":"closed","sticky":false,"template":"","format":"standard","meta":{"footnotes":""},"categories":[9],"tags":[],"class_list":["post-11213","post","type-post","status-publish","format-standard","has-post-thumbnail","hentry","category-uyelerimizin-haberleri"],"_links":{"self":[{"href":"https:\/\/ktbb.org\/v1\/wp-json\/wp\/v2\/posts\/11213","targetHints":{"allow":["GET"]}}],"collection":[{"href":"https:\/\/ktbb.org\/v1\/wp-json\/wp\/v2\/posts"}],"about":[{"href":"https:\/\/ktbb.org\/v1\/wp-json\/wp\/v2\/types\/post"}],"author":[{"embeddable":true,"href":"https:\/\/ktbb.org\/v1\/wp-json\/wp\/v2\/users\/10"}],"replies":[{"embeddable":true,"href":"https:\/\/ktbb.org\/v1\/wp-json\/wp\/v2\/comments?post=11213"}],"version-history":[{"count":1,"href":"https:\/\/ktbb.org\/v1\/wp-json\/wp\/v2\/posts\/11213\/revisions"}],"predecessor-version":[{"id":11215,"href":"https:\/\/ktbb.org\/v1\/wp-json\/wp\/v2\/posts\/11213\/revisions\/11215"}],"wp:featuredmedia":[{"embeddable":true,"href":"https:\/\/ktbb.org\/v1\/wp-json\/wp\/v2\/media\/11214"}],"wp:attachment":[{"href":"https:\/\/ktbb.org\/v1\/wp-json\/wp\/v2\/media?parent=11213"}],"wp:term":[{"taxonomy":"category","embeddable":true,"href":"https:\/\/ktbb.org\/v1\/wp-json\/wp\/v2\/categories?post=11213"},{"taxonomy":"post_tag","embeddable":true,"href":"https:\/\/ktbb.org\/v1\/wp-json\/wp\/v2\/tags?post=11213"}],"curies":[{"name":"wp","href":"https:\/\/api.w.org\/{rel}","templated":true}]}}