{"id":11218,"date":"2021-04-22T10:01:14","date_gmt":"2021-04-22T10:01:14","guid":{"rendered":"http:\/\/ktbb.org\/v1\/?p=11218"},"modified":"2021-04-22T10:01:14","modified_gmt":"2021-04-22T10:01:14","slug":"girnede-gida-denetimleri-ve-covid-19-kontrolleri-suruyor-3","status":"publish","type":"post","link":"https:\/\/ktbb.org\/v1\/girnede-gida-denetimleri-ve-covid-19-kontrolleri-suruyor-3\/","title":{"rendered":"Girne&#8217;de g\u0131da denetimleri ve Covid-19 kontrolleri s\u00fcr\u00fcyor"},"content":{"rendered":"<p><strong>Girne Belediyesi taraf\u0131ndan yap\u0131lan resmi kontrollerde, 08 &#8211; 20 Nisan <\/strong><strong>2021 Tarihleri Aras\u0131nda Toplamda <\/strong><strong>273<\/strong> <strong>\u0130<\/strong><strong>\u015fletme, Hijyen Ve Covid-19 \u00d6nlemleriyle \u0130lgili Denetle<\/strong><strong>ndi,<\/strong> <strong>\u00a0Covid \u00d6nlemlerine uygun \u00e7al\u0131\u015fmad\u0131\u011f\u0131 gerek\u00e7esiyle 2 <\/strong><strong>\u0130\u015fyeri<\/strong><strong>, Yasal mevzuat ile ilgili y\u00fck\u00fcml\u00fcl\u00fcklerini yerine getirmeyen 2 i\u015fyeri olmak \u00fczere toplam 4 i\u015fyeri m<\/strong><strong>\u00fch\u00fcrlendi<\/strong><strong>, 1 i\u015fyerine de Covid \u00f6nlemlerine uygun \u00e7al\u0131\u015fmamas\u0131 nedeniyle para cezas\u0131 kesildi. <\/strong><\/p>\n<p><em>\u00a0<\/em><\/p>\n<p><em>Girne Belediyesi\u2019nden al\u0131nan bilgide, Girne Belediyesi Sa\u011fl\u0131k \u015eubesi ve Zab\u0131ta Kent G\u00fcvenli\u011fi Birimi ekiplerinin 08 Nisan &#8211; 20 Nisan 2021 tarihleri aras\u0131nda ger\u00e7ekle\u015ftirdi\u011fi denetimlerde toplam 273 i\u015fyerinin denetlendi\u011fi aktar\u0131ld\u0131.<\/em><\/p>\n<p><em>\u00a0<\/em><\/p>\n<p>Girne Belediyesi, Covid-19 Pandemisinin t\u00fcm d\u00fcnyay\u0131 etkilemeye halen devam etti\u011fi bug\u00fcnlerde ticari hizmet veren i\u015fletmeleri Bakanlar Kurulu kararlar\u0131 \u00e7er\u00e7evesinde yay\u0131nlanan genel Covid \u00f6nlemlerinin al\u0131nmas\u0131yla ilgili resmi kontrollerle takip etmeye ve bu kontrollerin sonu\u00e7lar\u0131n\u0131 da kamuoyu ile payla\u015fmaya devam ediyor.<\/p>\n<p><u>\u00a0<\/u><\/p>\n<p><em>Bask\u0131n niteli\u011findeki gece denetimlerine de devam edildi\u011fi genel i\u015fyeri kontrolleri kapsam\u0131nda 25 i\u015f yerine eksikliklerinden dolay\u0131 ihbar verildi, 1 i\u015f yeri Covid \u00f6nlemleri gere\u011fi \u00e7al\u0131\u015fma saatleri d\u0131\u015f\u0131nda \u00e7al\u0131\u015ft\u0131\u011f\u0131 i\u00e7in para cezas\u0131 kesilerek m\u00fch\u00fcrlenirken bir i\u015fyeri de PCR testlerini yenilemedi\u011fi i\u00e7in m\u00fch\u00fcrlendi. <\/em><\/p>\n<p>&nbsp;<\/p>\n<p>Ayr\u0131ca her \u00e7ar\u015famba kurulan Girne Belediyesi A\u00e7\u0131kpazar\u0131ndaki sat\u0131\u015flar\u0131n da Covid-19 Pandemi \u00f6nlemleri \u00e7er\u00e7evesinde s\u00fcrd\u00fcr\u00fcld\u00fc\u011f\u00fc belirtilen a\u00e7\u0131klamada, gerek sat\u0131c\u0131lar\u0131n sat\u0131\u015f ko\u015fullar\u0131 gerekse vatanda\u015f\u0131n al\u0131\u015f veri\u015fleri esnas\u0131ndaki Covid \u00f6nlemlerinin kontrol\u00fc i\u00e7in Sa\u011fl\u0131k ve Zab\u0131ta ekiplerinin g\u00f6rev ald\u0131\u011f\u0131 belirtildi.<\/p>\n<p>&nbsp;<\/p>\n<p><strong>Girne Belediye Ba\u015fkan\u0131 Nidai G\u00fcng\u00f6rd\u00fc<\/strong> <strong>:<\/strong><\/p>\n<p>&nbsp;<\/p>\n<p>\u201cPandemi y\u00f6netiminde hayati \u00f6nem arz eden resmi kontroller, pandeminin ilk g\u00fcn\u00fcnden bug\u00fcne kesintisiz \u015fekilde s\u00fcrd\u00fcr\u00fclmektedir. Bu kontrollerdeki amac\u0131m\u0131z, insan sa\u011fl\u0131\u011f\u0131 i\u00e7in bula\u015f riski olabilecek unsurlar\u0131n kontrol\u00fc, gerek esnaf\u0131n gerekse t\u00fcm vatanda\u015flar\u0131n sa\u011fl\u0131\u011f\u0131n\u0131 ve g\u00fcvenli\u011fini korumakt\u0131r. \u00a0G\u00fcnl\u00fck hayat\u0131n devam\u0131 yan\u0131nda ekonomik hareketlili\u011fin s\u00fcrd\u00fcr\u00fclmesi i\u00e7in hepimizin bu s\u00fcrece aktif katk\u0131 koymas\u0131 zaruridir. Ya\u015fad\u0131\u011f\u0131m\u0131z \u015fu zor g\u00fcnlerde bir kez daha kapanma olmamas\u0131 i\u00e7indir. Vaka say\u0131lar\u0131n\u0131n kontrol alt\u0131nda tutulmas\u0131 ve sa\u011fl\u0131k \u00e7al\u0131\u015fanlar\u0131m\u0131z\u0131n y\u00fck\u00fcn\u00fcn hafifletilmesi i\u00e7in maske, mesafe, hijyen kurallar\u0131n\u0131n her birey taraf\u0131ndan yerine getirilmesi elzemdir. Ticari \u0130\u015fletmelerin sorumlulu\u011fu daha fazla oldu\u011fundan gerekli t\u00fcm \u00f6nlemler al\u0131nmal\u0131d\u0131r. Sekt\u00f6rlerin kapanmamas\u0131 i\u00e7in kurallara uygun \u00e7al\u0131\u015fmayan i\u015fletmelere cezai yapt\u0131r\u0131mlar uygulanmaya devam edilecektir\u201d dedi.<\/p>\n","protected":false},"excerpt":{"rendered":"<p>Girne Belediyesi taraf\u0131ndan yap\u0131lan resmi kontrollerde, 08 &#8211; 20 Nisan [&hellip;]<\/p>\n","protected":false},"author":10,"featured_media":11219,"comment_status":"open","ping_status":"closed","sticky":false,"template":"","format":"standard","meta":{"footnotes":""},"categories":[9],"tags":[],"class_list":["post-11218","post","type-post","status-publish","format-standard","has-post-thumbnail","hentry","category-uyelerimizin-haberleri"],"_links":{"self":[{"href":"https:\/\/ktbb.org\/v1\/wp-json\/wp\/v2\/posts\/11218","targetHints":{"allow":["GET"]}}],"collection":[{"href":"https:\/\/ktbb.org\/v1\/wp-json\/wp\/v2\/posts"}],"about":[{"href":"https:\/\/ktbb.org\/v1\/wp-json\/wp\/v2\/types\/post"}],"author":[{"embeddable":true,"href":"https:\/\/ktbb.org\/v1\/wp-json\/wp\/v2\/users\/10"}],"replies":[{"embeddable":true,"href":"https:\/\/ktbb.org\/v1\/wp-json\/wp\/v2\/comments?post=11218"}],"version-history":[{"count":1,"href":"https:\/\/ktbb.org\/v1\/wp-json\/wp\/v2\/posts\/11218\/revisions"}],"predecessor-version":[{"id":11220,"href":"https:\/\/ktbb.org\/v1\/wp-json\/wp\/v2\/posts\/11218\/revisions\/11220"}],"wp:featuredmedia":[{"embeddable":true,"href":"https:\/\/ktbb.org\/v1\/wp-json\/wp\/v2\/media\/11219"}],"wp:attachment":[{"href":"https:\/\/ktbb.org\/v1\/wp-json\/wp\/v2\/media?parent=11218"}],"wp:term":[{"taxonomy":"category","embeddable":true,"href":"https:\/\/ktbb.org\/v1\/wp-json\/wp\/v2\/categories?post=11218"},{"taxonomy":"post_tag","embeddable":true,"href":"https:\/\/ktbb.org\/v1\/wp-json\/wp\/v2\/tags?post=11218"}],"curies":[{"name":"wp","href":"https:\/\/api.w.org\/{rel}","templated":true}]}}