{"id":11224,"date":"2021-04-22T05:40:07","date_gmt":"2021-04-22T05:40:07","guid":{"rendered":"http:\/\/ktbb.org\/v1\/?p=11224"},"modified":"2021-04-26T05:41:21","modified_gmt":"2021-04-26T05:41:21","slug":"baskan-sadikoglu-cocuklara-seslendi","status":"publish","type":"post","link":"https:\/\/ktbb.org\/v1\/baskan-sadikoglu-cocuklara-seslendi\/","title":{"rendered":"Ba\u015fkan Sad\u0131ko\u011flu, \u00e7ocuklara seslendi"},"content":{"rendered":"<p>\u0130skele Belediye Ba\u015fkan\u0131 Hasan Sad\u0131ko\u011flu, 23 Nisan Ulusal Egemenlik ve \u00c7ocuk Bayram\u0131\u2019n\u0131n 101. Y\u0131ld\u00f6n\u00fcm\u00fc nedeniyle bir mesaj yay\u0131nlad\u0131. Mesaj\u0131nda \u00e7ocuklara seslenen Ba\u015fkan Sad\u0131ko\u011flu, pandemi dolay\u0131s\u0131yla bu y\u0131l da bir araya gelemedikleri i\u00e7in \u00fczg\u00fcn olduklar\u0131n\u0131 ancak sokaklarda, parklarda, t\u00f6ren alanlar\u0131nda oldu\u011fu gibi heyecan\u0131m\u0131z\u0131 ve ne\u015femizi evlerimizde ya\u015famaya devam edeceklerini ifade etti.<\/p>\n<p><strong>\u00a0<\/strong><\/p>\n<p><strong>SADIKO\u011eLU: \u201cY\u00dcRE\u011e\u0130M\u0130Z BURUK AMA \u0130\u00c7\u0130M\u0130ZDE H\u0130\u00c7 B\u0130TMEYEN HEYECAN VE GURUR VAR\u201d<\/strong><\/p>\n<p>\u0130skele Belediye Ba\u015fkan\u0131 Hasan Sad\u0131ko\u011flu, 23 Nisan Ulusal Egemenlik ve \u00c7ocuk Bayram\u0131 dolay\u0131s\u0131yla \u00e7ocuklara seslendi. Mesaj\u0131nda samimi bir dil kullanan Ba\u015fkan Sad\u0131ko\u011flu, \u015funlar\u0131 kaydetti: \u201cMerhaba \u00c7ocuklar! Nas\u0131ls\u0131n\u0131z?<\/p>\n<p>Biliyorum ki y\u00fcre\u011finiz biraz buruk, bu 23 Nisan\u2019da da!<\/p>\n<p>Biliyorum; \u00e7\u00fcnk\u00fc ben de sizler gibi ayn\u0131 duygular\u0131 ya\u015f\u0131yorum.<\/p>\n<p>Y\u00fcre\u011fimiz buruk ama hi\u00e7 bitmeyen, bitmeyecek heyecan ve gururumuz var hepimizin de\u011fil mi?<\/p>\n<p>\u00c7\u00fcnk\u00fc Ulu \u00d6nderimiz, Mustafa Kemal Atat\u00fcrk\u2019\u00fcn a\u00e7t\u0131\u011f\u0131 yolda, g\u00f6sterdi\u011fi hedefte y\u00fcr\u00fcmeye ant i\u00e7tik.<\/p>\n<p>Haydi, \u015fimdi t\u0131pk\u0131; sokaklarda, parklarda, t\u00f6ren alanlar\u0131nda oldu\u011fu gibi heyecan\u0131m\u0131z\u0131 ve ne\u015femizi evlerimizde ya\u015fayal\u0131m, ge\u00e7en y\u0131l oldu\u011fu gibi! Atat\u00fcrk\u2019\u00fcm\u00fcz\u00fc anal\u0131m, g\u00f6zlerimizi kapatarak onu d\u00fc\u015fleyerek. Sizlere arma\u011fan etti\u011fi bu \u00f6zel ve g\u00fczel g\u00fcn\u00fc doya doya ya\u015fay\u0131n \u00e7ocuklar. Ya\u015fay\u0131n ki \u00e7ocuk olmak i\u015fte b\u00f6yle bir \u015fey dedirtin!<\/p>\n<p>&nbsp;<\/p>\n<p>Sevgili \u00c7ocuklar;<\/p>\n<p>Gelece\u011fimize y\u00f6n verecek, d\u00fcnyay\u0131 g\u00fclen g\u00f6zleri ile \u015fekillendirecek olan sizlersiniz.<\/p>\n<p>Sizler; \u00e7ocuk ya\u015fta olman\u0131za ra\u011fmen \u00e7ok \u00f6nemli bir s\u00fcrece tan\u0131kl\u0131k etmeye devam ediyorsunuz. S\u0131k\u0131ld\u0131n\u0131z onu da biliyoruz ama sa\u011fl\u0131\u011f\u0131m\u0131z i\u00e7in, gelece\u011fe daha umutla bakmak ve sa\u011flam ad\u0131mlarla ilerleyebilmek i\u00e7in biraz daha sab\u0131rl\u0131 olmal\u0131y\u0131z. Ben inan\u0131yorum ki bu s\u00fcreci, hep birlikle ba\u015far\u0131yla tamamlayaca\u011f\u0131z ve tekrardan nice 23 Nisan\u2019larda bulu\u015faca\u011f\u0131z.<\/p>\n<p>&nbsp;<\/p>\n<p>Sevgili \u00e7ocuklar;<\/p>\n<p>Sizler, gelece\u011fimizin teminat\u0131, yar\u0131nlar\u0131m\u0131z\u0131n g\u00fcvencesisiniz. \u00c7ocuk olmak co\u015fkulu olmak, \u00e7ocuk olmak y\u00fcre\u011findeki s\u0131n\u0131rs\u0131z, hesaps\u0131z sevgiye s\u0131k\u0131 s\u0131k\u0131ya sar\u0131lmak demektir.\u201d<\/p>\n<p>&nbsp;<\/p>\n<p>Ba\u015fkan Sad\u0131ko\u011flu, mesaj\u0131n\u0131n sonunda ise \u00e7ocuklar\u0131 \u00e7ok \u00f6zledi\u011fini belirterek 23 Nisan Ulusal Egemenlik ve \u00c7ocuk Bayram\u0131\u2019n\u0131 kutlad\u0131, Ulu \u00d6nder Gazi Mustafa Kemal Atat\u00fcrk ve silah arkada\u015flar\u0131n\u0131 rahmet ve \u015f\u00fckranla and\u0131.<\/p>\n<p>&nbsp;<\/p>\n<p>&nbsp;<\/p>\n","protected":false},"excerpt":{"rendered":"<p>\u0130skele Belediye Ba\u015fkan\u0131 Hasan Sad\u0131ko\u011flu, 23 Nisan Ulusal Egemenlik ve [&hellip;]<\/p>\n","protected":false},"author":10,"featured_media":9387,"comment_status":"open","ping_status":"closed","sticky":false,"template":"","format":"standard","meta":{"footnotes":""},"categories":[9],"tags":[],"class_list":["post-11224","post","type-post","status-publish","format-standard","has-post-thumbnail","hentry","category-uyelerimizin-haberleri"],"_links":{"self":[{"href":"https:\/\/ktbb.org\/v1\/wp-json\/wp\/v2\/posts\/11224","targetHints":{"allow":["GET"]}}],"collection":[{"href":"https:\/\/ktbb.org\/v1\/wp-json\/wp\/v2\/posts"}],"about":[{"href":"https:\/\/ktbb.org\/v1\/wp-json\/wp\/v2\/types\/post"}],"author":[{"embeddable":true,"href":"https:\/\/ktbb.org\/v1\/wp-json\/wp\/v2\/users\/10"}],"replies":[{"embeddable":true,"href":"https:\/\/ktbb.org\/v1\/wp-json\/wp\/v2\/comments?post=11224"}],"version-history":[{"count":1,"href":"https:\/\/ktbb.org\/v1\/wp-json\/wp\/v2\/posts\/11224\/revisions"}],"predecessor-version":[{"id":11225,"href":"https:\/\/ktbb.org\/v1\/wp-json\/wp\/v2\/posts\/11224\/revisions\/11225"}],"wp:featuredmedia":[{"embeddable":true,"href":"https:\/\/ktbb.org\/v1\/wp-json\/wp\/v2\/media\/9387"}],"wp:attachment":[{"href":"https:\/\/ktbb.org\/v1\/wp-json\/wp\/v2\/media?parent=11224"}],"wp:term":[{"taxonomy":"category","embeddable":true,"href":"https:\/\/ktbb.org\/v1\/wp-json\/wp\/v2\/categories?post=11224"},{"taxonomy":"post_tag","embeddable":true,"href":"https:\/\/ktbb.org\/v1\/wp-json\/wp\/v2\/tags?post=11224"}],"curies":[{"name":"wp","href":"https:\/\/api.w.org\/{rel}","templated":true}]}}