{"id":11228,"date":"2021-04-22T05:43:23","date_gmt":"2021-04-22T05:43:23","guid":{"rendered":"http:\/\/ktbb.org\/v1\/?p=11228"},"modified":"2021-04-26T05:48:55","modified_gmt":"2021-04-26T05:48:55","slug":"suleyman-cengiz-eminoglunun-adi-yasatilacak","status":"publish","type":"post","link":"https:\/\/ktbb.org\/v1\/suleyman-cengiz-eminoglunun-adi-yasatilacak\/","title":{"rendered":"S\u00fcleyman Cengiz Emino\u011flu&#8217;nun ad\u0131 ya\u015fat\u0131lacak"},"content":{"rendered":"<p><strong>Girne Belediyesi\u2019ne Ait Ye\u015fil Alana Cengo Vakf\u0131 Taraf\u0131ndan Yap\u0131lacak Olan Park\u0131n 22 Nisan 2021 Per\u015fembe G\u00fcn\u00fc Temel Atma T\u00f6reni Ger\u00e7ekle\u015ftirildi<\/strong><\/p>\n<p>&nbsp;<\/p>\n<p>\u00c7ocuk ve 25 ya\u015f alt\u0131 gen\u00e7lerin, sportif,\u00a0 k\u00fclt\u00fcrel sosyal becerilerini art\u0131rmak, geli\u015fimlerine kakt\u0131 sa\u011flamak, bilgi beceri ve mutluluklar\u0131n\u0131 art\u0131racak projeleri hayata ge\u00e7irmek amac\u0131yla kurulan S\u00fcleyman Cengiz Emino\u011flu Vakf\u0131 ile Girne Belediyesi i\u015fbirli\u011finde, P\u00fcsk\u00fcll\u00fc B\u00f6lgesinde hayat bulacak park ve aktivite alan\u0131n\u0131n temeli bug\u00fcn at\u0131ld\u0131.<\/p>\n<p>&nbsp;<\/p>\n<p>\u00c7ocukluk \u00e7a\u011f\u0131 kanserinden N\u00f6roblostom hastal\u0131\u011f\u0131 nedeniyle, 8 Ekim 2019\u2019 da 9 bu\u00e7uk ya\u015f\u0131nda ya\u015fama veda eden S\u00fcleyman Cengiz Emino\u011flu\u2019nun ad\u0131, Girne P\u00fcsk\u00fcll\u00fc b\u00f6lgesinde hayata ge\u00e7irilecek park ve aktivite alan\u0131nda ya\u015fat\u0131lacak.<\/p>\n<p>&nbsp;<\/p>\n<p>Temel atma t\u00f6renine kat\u0131lan Girne Belediye Ba\u015fkan\u0131 Nidai G\u00fcng\u00f6rd\u00fc, \u00e7ocuk ya\u015fta ya\u015fam\u0131n\u0131 kaybeden S\u00fcleyman Cengiz Emino\u011flu\u2019nun ad\u0131n\u0131 ta\u015f\u0131yan Vak\u0131fla i\u015fbirli\u011fi yapmaktan ve S\u00fcleyman Cengiz Emino\u011flu\u2019nun ad\u0131n\u0131 ya\u015fatacak b\u00f6yle bir projeye katk\u0131 koymaktan onur duyduklar\u0131n\u0131 dile getirdi.<\/p>\n<p>&nbsp;<\/p>\n<p>S\u00fcleyman Cengiz Emino\u011flu\u2019nun,\u00a0 parkta oynayaca\u011f\u0131 bir ya\u015fta ya\u015fama veda etti\u011fini an\u0131msatan G\u00fcng\u00f6rd\u00fc, bu nedenle ad\u0131n\u0131 ta\u015f\u0131yan projenin bir park alan\u0131 olmas\u0131 konusunda aileyle hemfikir olduklar\u0131n\u0131 dile getirdi. G\u00fcng\u00f6rd\u00fc, s\u00f6z konusu alan\u0131n b\u00f6lgede ya\u015fayanlar hem de Girne sakinleri i\u00e7in \u00f6nemli bir nefes alma ve aktivite mekan\u0131 olaca\u011f\u0131n\u0131 ifade etti.<\/p>\n<p>&nbsp;<\/p>\n<p>Sa\u011fl\u0131k, sevgi, bar\u0131\u015f ve uzun \u00f6mr\u00fcn simgesi olan Zeytin a\u011fa\u00e7lar\u0131n\u0131n, t\u00fcm dinlerde kutsal say\u0131ld\u0131\u011f\u0131n\u0131 an\u0131msatan G\u00fcng\u00f6rd\u00fc, parka bunu sembolize eden 150-200 y\u0131ll\u0131k bir zeytin a\u011fac\u0131n\u0131n da dikildi\u011fini kaydetti.<\/p>\n<p>&nbsp;<\/p>\n<p>P\u00fcsk\u00fcll\u00fc B\u00f6lgesinde, 750 metrekarelik alanda hayata ge\u00e7irilecek S\u00fcleyman Cengiz Emino\u011flu Cengo\u2013V Park\u0131 ve Aktivite alan\u0131nda; \u00e7\u0131lg\u0131n kayd\u0131rak, yar\u0131 basketbol sahas\u0131, oyun \u00fcniteleri, trambolinler,\u00a0 dinlenme alan\u0131, tuvaletler, b\u00fcfe ve depo yer alacak. G\u00fcng\u00f6rd\u00fc, yap\u0131lacak olan parka katk\u0131 koyan herkese te\u015fekk\u00fcr etti.<\/p>\n<p>&nbsp;<\/p>\n<p>T\u00f6rende bir konu\u015fma yapan S\u00fcleyman Cengiz Emino\u011flu Vakf\u0131 Ba\u015fkan\u0131 ve S\u00fcleyman Cengiz Emino\u011flu\u2019nun annesi \u00d6zge \u00d6zbeko\u011flu, 23 Nisan Ulusal Egemenlik ve \u00c7ocuk Bayram\u0131 \u00f6ncesinde, projenin temelini atmaktan mutluluk duyduklar\u0131n\u0131 belirterek, Eyl\u00fcl ay\u0131nda tamamlamay\u0131 hedefledikleri projenin Girne Belediyesi i\u015fbirli\u011finde hayat bulaca\u011f\u0131n\u0131 ifade etti.<\/p>\n<p>\u00d6zbeko\u011flu, Vak\u0131f \u00c7al\u0131\u015fmalar\u0131na katk\u0131 koyan g\u00f6n\u00fcll\u00fclere ba\u011f\u0131\u015f\u00e7\u0131lara ve park\u0131n hayata ge\u00e7mesine katk\u0131 koyan ba\u015fta Girne Belediyesi\u2019ne te\u015fekk\u00fcr etti.<\/p>\n<p>&nbsp;<\/p>\n","protected":false},"excerpt":{"rendered":"<p>Girne Belediyesi\u2019ne Ait Ye\u015fil Alana Cengo Vakf\u0131 Taraf\u0131ndan Yap\u0131lacak Olan [&hellip;]<\/p>\n","protected":false},"author":10,"featured_media":11229,"comment_status":"open","ping_status":"closed","sticky":false,"template":"","format":"standard","meta":{"footnotes":""},"categories":[9],"tags":[],"class_list":["post-11228","post","type-post","status-publish","format-standard","has-post-thumbnail","hentry","category-uyelerimizin-haberleri"],"_links":{"self":[{"href":"https:\/\/ktbb.org\/v1\/wp-json\/wp\/v2\/posts\/11228","targetHints":{"allow":["GET"]}}],"collection":[{"href":"https:\/\/ktbb.org\/v1\/wp-json\/wp\/v2\/posts"}],"about":[{"href":"https:\/\/ktbb.org\/v1\/wp-json\/wp\/v2\/types\/post"}],"author":[{"embeddable":true,"href":"https:\/\/ktbb.org\/v1\/wp-json\/wp\/v2\/users\/10"}],"replies":[{"embeddable":true,"href":"https:\/\/ktbb.org\/v1\/wp-json\/wp\/v2\/comments?post=11228"}],"version-history":[{"count":1,"href":"https:\/\/ktbb.org\/v1\/wp-json\/wp\/v2\/posts\/11228\/revisions"}],"predecessor-version":[{"id":11230,"href":"https:\/\/ktbb.org\/v1\/wp-json\/wp\/v2\/posts\/11228\/revisions\/11230"}],"wp:featuredmedia":[{"embeddable":true,"href":"https:\/\/ktbb.org\/v1\/wp-json\/wp\/v2\/media\/11229"}],"wp:attachment":[{"href":"https:\/\/ktbb.org\/v1\/wp-json\/wp\/v2\/media?parent=11228"}],"wp:term":[{"taxonomy":"category","embeddable":true,"href":"https:\/\/ktbb.org\/v1\/wp-json\/wp\/v2\/categories?post=11228"},{"taxonomy":"post_tag","embeddable":true,"href":"https:\/\/ktbb.org\/v1\/wp-json\/wp\/v2\/tags?post=11228"}],"curies":[{"name":"wp","href":"https:\/\/api.w.org\/{rel}","templated":true}]}}