{"id":11239,"date":"2021-04-23T07:08:32","date_gmt":"2021-04-23T07:08:32","guid":{"rendered":"http:\/\/ktbb.org\/v1\/?p=11239"},"modified":"2021-04-26T07:11:40","modified_gmt":"2021-04-26T07:11:40","slug":"gungordu-ile-tugay-dijital-etkinlikte-biraraya-geldi","status":"publish","type":"post","link":"https:\/\/ktbb.org\/v1\/gungordu-ile-tugay-dijital-etkinlikte-biraraya-geldi\/","title":{"rendered":"G\u00fcng\u00f6rd\u00fc ile Tugay dijital etkinlikte biraraya geldi"},"content":{"rendered":"<p><strong>Girne Belediye Ba\u015fkan\u0131 Nidai G\u00fcng\u00f6rd\u00fc ile Kar\u015f\u0131yaka Belediye Ba\u015fkan\u0131 Cemil Tugay 23 Nisan Ulusal Egemenlik ve \u00c7ocuk Bayram\u0131 dolay\u0131s\u0131 ile zoom platformu \u00fczerinden \u00e7evrim i\u00e7i olarak d\u00fczenlenen etkinlikte bir araya geldi.<\/strong><\/p>\n<p>&nbsp;<\/p>\n<p>Girne Belediyesi facebook sayfas\u0131ndan 23 Nisan 2021 saat 13.30\u2019da canl\u0131 olarak yay\u0131nlanan etkinlik sayesinde iki kentin halk danslar\u0131 ekiplerinden \u00e7ocuklar bir araya geldi. Daha \u00f6nceki y\u0131llarda Kar\u015f\u0131yaka belediyesinin ev sahipli\u011fini yapt\u0131\u011f\u0131 organizasyonlarla bir araya gelen \u00e7ocuklar, Pandemi dolay\u0131s\u0131 ile bu kez \u00e7evrim i\u00e7i olarak \u00f6zlem giderme f\u0131rsat\u0131 buldu.<\/p>\n<p>&nbsp;<\/p>\n<p>\u0130zmir Kar\u015f\u0131yaka Belediye Ba\u015fkanl\u0131\u011f\u0131 Koltu\u011funa Oturan Ya\u011fmur Yakuplar: \u201cAtat\u00fcrk\u2019\u00fcn bize arma\u011fan etti\u011fi 23 Nisan Egemenlik ve \u00c7ocuk Bayram\u0131m\u0131z Kutlu Olsun dedi.\u201d<\/p>\n<p>&nbsp;<\/p>\n<p>Girne Belediyesi \u00c7ocuk Meclisi Ba\u015fkan\u0131 Zehra Bilge Bayram: Covid \u00f6nlemleri alarak gezici tren ve s\u00fcslemeli kamyonla balon ve \u015feker da\u011f\u0131tarak 23 Nisan\u2019\u0131 kutlamak i\u00e7in yollara \u00e7\u0131kt\u0131k ve 23 Nisan Ulusal Egemenlik ve \u00c7ocuk Bayram\u0131\u2019n\u0131n t\u00fcm \u00e7ocuklarla bulu\u015fmas\u0131n\u0131 sa\u011flad\u0131k. T\u00fcm \u00e7ocuklar\u0131n bayram\u0131n\u0131 kutlar\u0131m \u201ddedi.<\/p>\n<p>&nbsp;<\/p>\n<p>Sude Aky\u0131llar: 23 Nisan Ulusal Egemenlik ve \u00c7ocuk bayram\u0131 hakk\u0131nda bilgi verdi. Aky\u0131llar, \u00e7ocuklar\u0131n en sevin\u00e7li, en mutlu g\u00fcn\u00fc ve bu g\u00fcn\u00fc bir \u015fiir ile kutlad\u0131\u011f\u0131n\u0131 belirtti.<\/p>\n<p>&nbsp;<\/p>\n<p>Ka\u011fan Karaka\u015f: \u201cAtat\u00fcrk\u2019\u00fcn bize arma\u011fan etti\u011fi 23 Nisan Ulusal Egemenlik ve \u00c7ocuk Bayram\u0131m\u0131z kutlu olsun\u201d dedi.<\/p>\n<p>&nbsp;<\/p>\n<p>Ya\u011fmur Ba\u015fl\u0131: Covid-19 pandemisi nedeniyle maalesef \u00e7ocuk \u015fenli\u011fi ger\u00e7ekle\u015ftirilemiyor, fakat \u015fuanda dijital platformda bize sunulan imkanlarla t\u00fcm \u00e7ocuklar\u0131n 23 Nisan Ulusal Egemenlik ve \u00c7ocuk Bayram\u0131n\u0131 kutlar\u0131m \u201d dedi ve \u00e7ocuklara bir \u015fiir arma\u011fan etti.<\/p>\n<p>&nbsp;<\/p>\n<p>Girne Belediye Ba\u015fkan\u0131 Nidai G\u00fcng\u00f6rd\u00fc: 1995-1996 y\u0131l\u0131ndan beri Kar\u015f\u0131yaka Belediyesi ile Girne Belediyesi aras\u0131nda bir karde\u015flik ba\u011f\u0131 olu\u015fmu\u015ftur. \u201cGirne Belediyesi olarak bu konuda \u00e7ok mutluyuz. Ge\u00e7mi\u015f y\u0131llarda oldu\u011fu gibi \u00e7ocuklar\u0131m\u0131z\u0131n yeniden fiziki olarak bulu\u015fabilecekleri etkinlikleri g\u00f6rmekten mutluluk duyaca\u011f\u0131z. Bug\u00fcn\u00fcn \u00e7ocuklar\u0131n\u0131 sevgi, bar\u0131\u015f ve ho\u015fg\u00f6r\u00fc k\u00fclt\u00fcr\u00fcyle yeti\u015ftirmemiz laz\u0131m. Dijital ortamda da olsa tekrardan \u00e7ocuklar\u0131m\u0131z\u0131 y\u00fcz y\u00fcze getirebilmemizin mutlulu\u011fu i\u00e7erisindeyim ve \u015fahs\u0131m, belediye meclis \u00fcyelerim, b\u00fct\u00fcn belediye \u00e7al\u0131\u015fanlar\u0131, \u00e7ocuk meclisi ve \u00e7ocuk meclisi \u00fcyeleri ad\u0131na da \u00e7ok mutlu oldu\u011fumu ifade etmek isterim. Tekrardan \u0130zmir Kar\u015f\u0131yaka Belediyesi\u2019nde g\u00f6rev yapan herkesi sayg\u0131 ile selaml\u0131yorum ve Kar\u015f\u0131yaka\u2019da bulunan \u00e7ocuklar\u0131 da ho\u015fg\u00f6r\u00fcyle kucakl\u0131yorum, te\u015fekk\u00fcr ederim\u201d dedi.<\/p>\n<p>&nbsp;<\/p>\n<p>\u0130zmir Kar\u015f\u0131yaka Belediye Ba\u015fkan\u0131 Dr. Cemil Tugay: \u201cB\u00f6yle \u00f6zel bir g\u00fcnde sizleri g\u00f6rmek ve sesinizi duymak bizleri \u00e7ok mutlu etti. Pandemi nedeniyle b\u00f6yle g\u00fcnlerde etkinlik yapamad\u0131\u011f\u0131m\u0131z i\u00e7in b\u00fcy\u00fck \u00fcz\u00fcnt\u00fc duyuyoruz. Salg\u0131n\u0131n bitmesiyle ilk f\u0131rsatta sizlerle bulu\u015fmay\u0131 ve etkinlikler yapmay\u0131 hedefliyoruz. Bu bayram g\u00fcn\u00fcn\u00fc sizlerle de dijital ortamda da olsa kutlamaktan dolay\u0131 mutluyuz. Kar\u015f\u0131yaka Belediyesi\u2019nin t\u00fcm \u00e7al\u0131\u015fanlar\u0131yla ve Kar\u015f\u0131yaka\u2019da bulunan t\u00fcm \u00e7ocuklarla beraber sizlerin ve b\u00fct\u00fcn \u00fclkemizin bayram\u0131n\u0131 kutluyorum. B\u00f6yle bir organizasyona katk\u0131 koyan herkese de te\u015fekk\u00fcrlerimi sunar\u0131m\u201d dedi.<\/p>\n<p>&nbsp;<\/p>\n<p>&nbsp;<\/p>\n<p>&nbsp;<\/p>\n<p>&nbsp;<\/p>\n","protected":false},"excerpt":{"rendered":"<p>Girne Belediye Ba\u015fkan\u0131 Nidai G\u00fcng\u00f6rd\u00fc ile Kar\u015f\u0131yaka Belediye Ba\u015fkan\u0131 Cemil [&hellip;]<\/p>\n","protected":false},"author":10,"featured_media":11243,"comment_status":"open","ping_status":"closed","sticky":false,"template":"","format":"standard","meta":{"footnotes":""},"categories":[9],"tags":[],"class_list":["post-11239","post","type-post","status-publish","format-standard","has-post-thumbnail","hentry","category-uyelerimizin-haberleri"],"_links":{"self":[{"href":"https:\/\/ktbb.org\/v1\/wp-json\/wp\/v2\/posts\/11239","targetHints":{"allow":["GET"]}}],"collection":[{"href":"https:\/\/ktbb.org\/v1\/wp-json\/wp\/v2\/posts"}],"about":[{"href":"https:\/\/ktbb.org\/v1\/wp-json\/wp\/v2\/types\/post"}],"author":[{"embeddable":true,"href":"https:\/\/ktbb.org\/v1\/wp-json\/wp\/v2\/users\/10"}],"replies":[{"embeddable":true,"href":"https:\/\/ktbb.org\/v1\/wp-json\/wp\/v2\/comments?post=11239"}],"version-history":[{"count":1,"href":"https:\/\/ktbb.org\/v1\/wp-json\/wp\/v2\/posts\/11239\/revisions"}],"predecessor-version":[{"id":11244,"href":"https:\/\/ktbb.org\/v1\/wp-json\/wp\/v2\/posts\/11239\/revisions\/11244"}],"wp:featuredmedia":[{"embeddable":true,"href":"https:\/\/ktbb.org\/v1\/wp-json\/wp\/v2\/media\/11243"}],"wp:attachment":[{"href":"https:\/\/ktbb.org\/v1\/wp-json\/wp\/v2\/media?parent=11239"}],"wp:term":[{"taxonomy":"category","embeddable":true,"href":"https:\/\/ktbb.org\/v1\/wp-json\/wp\/v2\/categories?post=11239"},{"taxonomy":"post_tag","embeddable":true,"href":"https:\/\/ktbb.org\/v1\/wp-json\/wp\/v2\/tags?post=11239"}],"curies":[{"name":"wp","href":"https:\/\/api.w.org\/{rel}","templated":true}]}}