{"id":11240,"date":"2021-04-23T07:08:36","date_gmt":"2021-04-23T07:08:36","guid":{"rendered":"http:\/\/ktbb.org\/v1\/?p=11240"},"modified":"2021-04-26T07:14:28","modified_gmt":"2021-04-26T07:14:28","slug":"girne-belediyesi-23-nisanda-nese-dagitti","status":"publish","type":"post","link":"https:\/\/ktbb.org\/v1\/girne-belediyesi-23-nisanda-nese-dagitti\/","title":{"rendered":"Girne Belediyesi 23 Nisan&#8217;da ne\u015fe da\u011f\u0131tt\u0131"},"content":{"rendered":"<p><strong>Girne&#8217;de 23 Nisan Ulusal Egemenlik ve \u00c7ocuk Bayram\u0131 \u015feker tad\u0131nda ge\u00e7ti. <\/strong><\/p>\n<p>&nbsp;<\/p>\n<p>Girne Belediyesinin rengarenk balonlar ve \u015fekerci d\u00fckkan\u0131 konseptiyle s\u00fcsledi\u011fi ara\u00e7 ve tren, Girne&#8217;deki sokaklardan ge\u00e7erek, balkonlarda heyecanla bekleyen \u00e7ocuklara keyifli dakikalar ya\u015fatt\u0131. Girne Belediye Ba\u015fkan\u0131 Nidai G\u00fcng\u00f6rd\u00fc de tura kat\u0131larak \u00e7ocuklar\u0131 selamlad\u0131.<\/p>\n<p>&nbsp;<\/p>\n<p>Covid 19 salg\u0131n\u0131 nedeniyle ge\u00e7ti\u011fimiz y\u0131l oldu\u011fu gibi bu y\u0131l da 23 Nisan&#8217;lar\u0131n\u0131 doyas\u0131ya ya\u015fayamayarak evlerinde ge\u00e7iren \u00e7ocuklar\u0131 bir nebze g\u00fcl\u00fcmsetmek i\u00e7in Sosyal \u0130\u015fler \u015eubesi personeli ve Girne Belediyesi \u00c7ocuk Meclisi&#8217;nden \u00e7ocuklar, ne\u015feli kost\u00fcmler giyerek, renkli \u015fekerler ve renkli maskeler da\u011f\u0131tt\u0131.<\/p>\n<p>&nbsp;<\/p>\n<p><strong>OTOB\u00dcS, G\u0130RNE VE BA\u011eLI K\u00d6YLERDEN GE\u00c7T\u0130<\/strong><\/p>\n<p><strong>\u00a0<\/strong><\/p>\n<p>Girne Belediye Ba\u015fkan\u0131 Nidai G\u00fcng\u00f6rd\u00fc,\u00a0 T\u00fcrkiye B\u00fcy\u00fck Millet Meclisi\u2019nin a\u00e7\u0131l\u0131\u015f\u0131n\u0131n 101. Y\u0131ld\u00f6n\u00fcm\u00fc ile Ulusal Egemenlik ve \u00c7ocuk Bayram\u0131\u2019n\u0131n bu y\u0131lda salg\u0131n nedeniyle evlerde kutland\u0131\u011f\u0131n\u0131 an\u0131msatarak, belediyenin, kutlamalar\u0131 ve 23 Nisan co\u015fkusunu evlere ve \u00e7ocuklara g\u00f6t\u00fcrme karar\u0131 yine ald\u0131klar\u0131n\u0131, Belediyeye ait\u00a0 gezi otob\u00fcs\u00fcyle sabah saatlerinden itibaren Girne ve ba\u011fl\u0131 k\u00f6ylerde\u00a0 23 Nisan \u015fark\u0131lar\u0131 e\u015fli\u011finde \u015fehir turu yapt\u0131klar\u0131n\u0131 kaydetti.<\/p>\n<p>&nbsp;<\/p>\n<p>G\u00fcng\u00f6rd\u00fc, 101&#8217;inci y\u0131l\u0131nda 23 Nisan Ulusal Egemenlik ve \u00c7ocuk Bayram\u0131n\u0131 kutlaman\u0131n sevincini ya\u015fad\u0131klar\u0131n\u0131 ifade ederek, Atat\u00fcrk&#8217;\u00fcn \u00e7ocuklara \u00f6nem verdi\u011fini ve \u00fclkemizde ve d\u00fcnyada kutlanan tek \u00e7ocuk bayram\u0131n\u0131 hediye etti\u011fini s\u00f6yledi. Girne Belediyesi olarak t\u00fcm \u00e7ocuklar\u0131n bayram\u0131n\u0131 kutlayan G\u00fcng\u00f6rd\u00fc, &#8220;Covid salg\u0131n\u0131 nedeniyle biz sizlere geldik.\u00a0 Bayram\u0131n\u0131z\u0131 kutlar, t\u00fcm d\u00fcnyaya bar\u0131\u015f, sevgi ve ho\u015fg\u00f6r\u00fc dilerim. Hepinizi sevgiyle kucaklar te\u015fekk\u00fcr ederim. Sa\u011fl\u0131kl\u0131 g\u00fcnlerde bulu\u015fmak \u00fczere&#8221; dedi.<\/p>\n","protected":false},"excerpt":{"rendered":"<p>Girne&#8217;de 23 Nisan Ulusal Egemenlik ve \u00c7ocuk Bayram\u0131 \u015feker tad\u0131nda [&hellip;]<\/p>\n","protected":false},"author":10,"featured_media":11245,"comment_status":"open","ping_status":"closed","sticky":false,"template":"","format":"standard","meta":{"footnotes":""},"categories":[9],"tags":[],"class_list":["post-11240","post","type-post","status-publish","format-standard","has-post-thumbnail","hentry","category-uyelerimizin-haberleri"],"_links":{"self":[{"href":"https:\/\/ktbb.org\/v1\/wp-json\/wp\/v2\/posts\/11240","targetHints":{"allow":["GET"]}}],"collection":[{"href":"https:\/\/ktbb.org\/v1\/wp-json\/wp\/v2\/posts"}],"about":[{"href":"https:\/\/ktbb.org\/v1\/wp-json\/wp\/v2\/types\/post"}],"author":[{"embeddable":true,"href":"https:\/\/ktbb.org\/v1\/wp-json\/wp\/v2\/users\/10"}],"replies":[{"embeddable":true,"href":"https:\/\/ktbb.org\/v1\/wp-json\/wp\/v2\/comments?post=11240"}],"version-history":[{"count":1,"href":"https:\/\/ktbb.org\/v1\/wp-json\/wp\/v2\/posts\/11240\/revisions"}],"predecessor-version":[{"id":11251,"href":"https:\/\/ktbb.org\/v1\/wp-json\/wp\/v2\/posts\/11240\/revisions\/11251"}],"wp:featuredmedia":[{"embeddable":true,"href":"https:\/\/ktbb.org\/v1\/wp-json\/wp\/v2\/media\/11245"}],"wp:attachment":[{"href":"https:\/\/ktbb.org\/v1\/wp-json\/wp\/v2\/media?parent=11240"}],"wp:term":[{"taxonomy":"category","embeddable":true,"href":"https:\/\/ktbb.org\/v1\/wp-json\/wp\/v2\/categories?post=11240"},{"taxonomy":"post_tag","embeddable":true,"href":"https:\/\/ktbb.org\/v1\/wp-json\/wp\/v2\/tags?post=11240"}],"curies":[{"name":"wp","href":"https:\/\/api.w.org\/{rel}","templated":true}]}}