{"id":11246,"date":"2021-04-23T07:12:32","date_gmt":"2021-04-23T07:12:32","guid":{"rendered":"http:\/\/ktbb.org\/v1\/?p=11246"},"modified":"2021-04-26T07:14:12","modified_gmt":"2021-04-26T07:14:12","slug":"23-nisan-ulusal-egemenlik-ve-cocuk-bayrami-iskelede-de-kutlandi","status":"publish","type":"post","link":"https:\/\/ktbb.org\/v1\/23-nisan-ulusal-egemenlik-ve-cocuk-bayrami-iskelede-de-kutlandi\/","title":{"rendered":"23 Nisan Ulusal Egemenlik ve \u00c7ocuk Bayram\u0131 \u0130skele&#8217;de de kutland\u0131"},"content":{"rendered":"<p>Her y\u0131l b\u00fcy\u00fck bir co\u015fku ve heyecanla kutlamaya al\u0131\u015fk\u0131n oldu\u011fumuz, Anavatan T\u00fcrkiye ve \u00fclkemiz i\u00e7in b\u00fcy\u00fck \u00f6neme sahip \u00f6zel g\u00fcnler, son iki y\u0131ld\u0131r Koronavir\u00fcs salg\u0131n\u0131n\u0131n g\u00f6lgesinde ger\u00e7ekle\u015fiyor. O \u00f6zel t\u00f6renlerden biri de Ulu \u00d6nder Mustafa Kemal Atat\u00fcrk\u2019\u00fcn \u00e7ocuklara arma\u011fan etti\u011fi 23 Nisan Ulusal Egemenlik ve \u00c7ocuk Bayram\u0131. G\u00fcn \u0130skele\u2019de Atat\u00fcrk An\u0131t\u0131 \u00f6n\u00fcnde d\u00fczenlenen t\u00f6renle kutland\u0131.<\/p>\n<p>&nbsp;<\/p>\n<p><strong>23 N\u0130SAN ULUSAL EGEMENL\u0130K VE \u00c7OCUK BAYRAMI, PANDEM\u0130 KURALLARI \u00c7ER\u00c7EVES\u0130NDE KUTLANIYOR<\/strong><\/p>\n<p>TBMM\u2019nin a\u00e7\u0131l\u0131\u015f\u0131n\u0131n 101 y\u0131ld\u00f6n\u00fcm\u00fc ayn\u0131 zamanda T\u00fcrk Halk\u0131n\u0131n egemenli\u011finin ilan edildi\u011fi g\u00fcn ve Ulu \u00d6nder Mustafa Kemal Atat\u00fcrk&#8217;\u00fcn t\u00fcm d\u00fcnya \u00e7ocuklar\u0131na arma\u011fan etti\u011fi g\u00fcn olan bug\u00fcn, 23 Nisan Ulusal Egemenlik ve \u00c7ocuk Bayram\u0131, \u0130skele\u2019de, \u00e7ocuk c\u0131v\u0131lt\u0131lar\u0131 olmadan, resmi ve sade bir t\u00f6renle kutland\u0131. Pandemi kurallar\u0131 \u00e7er\u00e7evesinde, sosyal mesafe, maske ve hijyen kurallar\u0131na dikkat edilerek yap\u0131lan \u0130skele Atat\u00fcrk An\u0131t\u0131 \u00f6n\u00fcndeki t\u00f6rende, protokol s\u0131ras\u0131na g\u00f6re an\u0131ta \u00e7elenkler sunuldu. 1 dakikal\u0131k sayg\u0131 duru\u015funun ard\u0131ndan ise \u0130stiklal Mar\u015f\u0131 e\u015fli\u011finde bayraklar g\u00f6ndere \u00e7ekildi. \u0130skele\u2019de d\u00fczenlenen t\u00f6renlere; \u0130skele Kaymakam\u0131 Ertu\u011frul Toroslu, \u0130skele Belediye Ba\u015fkan\u0131 Hasan Sad\u0131ko\u011flu, GKK ad\u0131na Binba\u015f\u0131 Aziz Ery\u0131lmaz, KTBK ad\u0131na Yarbay Harun Se\u00e7ilmi\u015fo\u011flu, \u0130skele Polis M\u00fcd\u00fcr\u00fc G\u00f6kay Karagil, \u0130skele Sivil Savunma B\u00f6lge M\u00fcd\u00fcrl\u00fc\u011f\u00fc ad\u0131na Varol Kalkanel, \u0130skele Belediyesi M\u00fcd\u00fcr Vekili Mustafa Kabasakal, siyasi parti temsilcileri, dernekler, askeri erk\u00e2n ve kurum kurulu\u015f ve dernek temsilcileri haz\u0131r bulundu.<\/p>\n","protected":false},"excerpt":{"rendered":"<p>Her y\u0131l b\u00fcy\u00fck bir co\u015fku ve heyecanla kutlamaya al\u0131\u015fk\u0131n oldu\u011fumuz, [&hellip;]<\/p>\n","protected":false},"author":10,"featured_media":11247,"comment_status":"open","ping_status":"closed","sticky":false,"template":"","format":"standard","meta":{"footnotes":""},"categories":[9],"tags":[],"class_list":["post-11246","post","type-post","status-publish","format-standard","has-post-thumbnail","hentry","category-uyelerimizin-haberleri"],"_links":{"self":[{"href":"https:\/\/ktbb.org\/v1\/wp-json\/wp\/v2\/posts\/11246","targetHints":{"allow":["GET"]}}],"collection":[{"href":"https:\/\/ktbb.org\/v1\/wp-json\/wp\/v2\/posts"}],"about":[{"href":"https:\/\/ktbb.org\/v1\/wp-json\/wp\/v2\/types\/post"}],"author":[{"embeddable":true,"href":"https:\/\/ktbb.org\/v1\/wp-json\/wp\/v2\/users\/10"}],"replies":[{"embeddable":true,"href":"https:\/\/ktbb.org\/v1\/wp-json\/wp\/v2\/comments?post=11246"}],"version-history":[{"count":1,"href":"https:\/\/ktbb.org\/v1\/wp-json\/wp\/v2\/posts\/11246\/revisions"}],"predecessor-version":[{"id":11249,"href":"https:\/\/ktbb.org\/v1\/wp-json\/wp\/v2\/posts\/11246\/revisions\/11249"}],"wp:featuredmedia":[{"embeddable":true,"href":"https:\/\/ktbb.org\/v1\/wp-json\/wp\/v2\/media\/11247"}],"wp:attachment":[{"href":"https:\/\/ktbb.org\/v1\/wp-json\/wp\/v2\/media?parent=11246"}],"wp:term":[{"taxonomy":"category","embeddable":true,"href":"https:\/\/ktbb.org\/v1\/wp-json\/wp\/v2\/categories?post=11246"},{"taxonomy":"post_tag","embeddable":true,"href":"https:\/\/ktbb.org\/v1\/wp-json\/wp\/v2\/tags?post=11246"}],"curies":[{"name":"wp","href":"https:\/\/api.w.org\/{rel}","templated":true}]}}