{"id":11250,"date":"2021-04-23T07:14:15","date_gmt":"2021-04-23T07:14:15","guid":{"rendered":"http:\/\/ktbb.org\/v1\/?p=11250"},"modified":"2021-04-26T07:16:54","modified_gmt":"2021-04-26T07:16:54","slug":"buyuyen-ve-gelisen-iskele-yeni-bir-ilkokula-kavusuyor","status":"publish","type":"post","link":"https:\/\/ktbb.org\/v1\/buyuyen-ve-gelisen-iskele-yeni-bir-ilkokula-kavusuyor\/","title":{"rendered":"B\u00fcy\u00fcyen ve geli\u015fen \u0130skele yeni bir ilkokula kavu\u015fuyor"},"content":{"rendered":"<p>B\u00fcy\u00fcyen, geli\u015fen ve buna ba\u011fl\u0131 olarak n\u00fcfusu her ge\u00e7en g\u00fcn artan \u0130skele, en b\u00fcy\u00fck ihtiya\u00e7lar\u0131 aras\u0131nda bulunan yeni bir ilkokul binas\u0131na kavu\u015fuyor. Milli E\u011fitim ve K\u00fclt\u00fcr Bakanl\u0131\u011f\u0131\u2019n\u0131n kullan\u0131m\u0131na verilen \u0130skele Belediyesi\u2019ne ait \u0130skele-Ardahan anayolu \u00fczerinde bulunan 9 d\u00f6n\u00fcml\u00fck araziye yap\u0131lacak 500 \u00f6\u011frenci kapasiteli, tam te\u015fekk\u00fcll\u00fc ilkokul binas\u0131nda Yak\u0131n Do\u011fu Olu\u015fumunun imzas\u0131 bulunuyor. Ge\u00e7ti\u011fimiz g\u00fcnlerde arazinin teslimini alan Yak\u0131n Do\u011fu Olu\u015fumu, 6 il\u00e7eye 6 okul kazand\u0131rmak i\u00e7in \u00e7\u0131kt\u0131\u011f\u0131 yolda ikinci ilkokul binas\u0131n\u0131 \u0130skele\u2019ye yapmak i\u00e7in vakit kaybetmedi. Dr. Suat G\u00fcnsel Devlet \u0130lkokulu \u0130skele\u2019nin temeli, bug\u00fcn (23 Nisan) d\u00fczenlenen\u00a0 t\u00f6renle at\u0131ld\u0131. Bug\u00fcn d\u00fczenlenen temel atma t\u00f6renine Ba\u015fbakan Ersan Saner, Milli E\u011fitim ve K\u00fclt\u00fcr Bakan\u0131 Olgun Amcao\u011flu, \u0130skele Belediye Ba\u015fkan\u0131 Hasan Sad\u0131ko\u011flu ve YD\u00dc Kurucu Rekt\u00f6r\u00fc Dr. Suat G\u00fcnsel\u2019in yan\u0131 s\u0131ra bakanlar, b\u00f6lge milletvekilleri, \u0130skele Kaymakam\u0131, \u00f6\u011fretmenler, bakanl\u0131k b\u00fcrokratlar\u0131 ve \u00e7ok say\u0131da ki\u015fi kat\u0131ld\u0131. Pandemi kurallar\u0131 \u00e7er\u00e7evesinde sosyal mesafenin uyguland\u0131\u011f\u0131 t\u00f6rende maske kullan\u0131m\u0131 da dikkat edildi.<\/p>\n<p>&nbsp;<\/p>\n<p><strong>SANER: \u201cYATIRIMLARIN KISITLI OLDU\u011eU B\u0130R D\u00d6NEMDE TEMEL\u0130N ATILMASI \u00c7OK KIYMETL\u0130\u201d<\/strong><\/p>\n<p>Temel atma t\u00f6renine kat\u0131larak bir konu\u015fma yapan Ba\u015fbakan Ersan Saner de, T\u00fcrkiye B\u00fcy\u00fck Millet Meclisi\u2019nin kurulu\u015funun 101. y\u0131ld\u00f6n\u00fcm\u00fcn\u00fc kutlad\u0131klar\u0131n\u0131 ifade ederek Ulu \u00d6nder Mustafa Kemal Atat\u00fcrk\u2019\u00fcn bu \u00f6nemli g\u00fcn\u00fc \u00e7ocuklara arma\u011fan etti\u011fini hat\u0131rlatt\u0131. G\u00fcnsel ailesinin 6 il\u00e7ede 6 ilkokul projesini y\u00fcrekten kutlad\u0131\u011f\u0131n\u0131 belirten Ba\u015fbakan Saner, Merkezi ile Yerel y\u00f6netimler ve \u00f6zel sekt\u00f6r\u00fcn i\u015fbirli\u011finin \u00f6nemli oldu\u011funu ifade etti ve temeli at\u0131lan ilkokulun da buna en iyi \u00f6rnek oldu\u011funu belirtti. Ba\u015fbakan Ersan Saner, b\u00f6ylesi bir ilkokulunun \u00fclkeye kazand\u0131r\u0131lmas\u0131na vesile olan G\u00fcnsel ailesine te\u015fekk\u00fcr ederek, yat\u0131r\u0131mlar\u0131n t\u00fcm D\u00fcnya\u2019da k\u0131s\u0131tl\u0131 oldu\u011fu Covit-19 salg\u0131n\u0131 d\u00f6neminde b\u00f6ylesi bir ilkokulun temelinin at\u0131lmas\u0131n\u0131n bir o kadar daha k\u0131ymetli oldu\u011funu s\u00f6yledi.<\/p>\n<p>&nbsp;<\/p>\n<p>Ba\u015fbakan Saner konu\u015fmas\u0131nda \u00fclkeye gerek e\u011fitim gerek sa\u011fl\u0131k gerekse ekonomik anlamda \u00f6nemli katk\u0131lar sa\u011flayan G\u00fcnsel ailesine ve Dr. Suat G\u00fcnsel Devlet \u0130lkokulu \u0130skele\u2019nin 9 d\u00f6n\u00fcml\u00fck araziye yap\u0131lmas\u0131na olanak sa\u011flayan \u0130skele Belediye Ba\u015fkan\u0131 Hasan Sad\u0131ko\u011flu\u2019na te\u015fekk\u00fcr etti.<\/p>\n<p>&nbsp;<\/p>\n<p>&nbsp;<\/p>\n<p><strong>AMCAO\u011eLU: \u201cHASAN SADIKO\u011eLU\u2019NU VE MECL\u0130S \u00dcYELER\u0130N\u0130 Y\u00dcREKTEN TEBR\u0130K ED\u0130YORUM\u201d<\/strong><\/p>\n<p>Konu\u015fmas\u0131na \u2018\u00e7ocuk sevgidir, \u00e7ocuk gelecektir, \u00e7ocuk \u0131\u015f\u0131kt\u0131r, \u00e7ocuk can\u0131m\u0131z, ci\u011ferimiz, can paremizdir\u2019 diyerek ba\u015flayan Milli E\u011fitim ve K\u00fclt\u00fcr Bakan\u0131 Olgun Amcao\u011flu, bug\u00fcn temeli at\u0131lan okul i\u00e7in \u0130skele Belediyesi\u2019ne ait 9 d\u00f6n\u00fcml\u00fck arazinin kullan\u0131m\u0131n\u0131, e\u011fitim i\u00e7in hi\u00e7 d\u00fc\u015f\u00fcnmeden verme karar\u0131 alan \u0130skele Belediye Ba\u015fkan\u0131 Hasan Sad\u0131ko\u011flu ve Meclis \u00dcyelerini tebrik etti: \u201c Onlar\u0131n y\u00fcrekli bir \u015fekilde talebize verdi\u011fi cevap bizleri onurland\u0131rm\u0131\u015f ve y\u00fcreklendirmi\u015ftir. Say\u0131n Hasan Sad\u0131ko\u011flu\u2019na ve Meclis \u00dcyelerine y\u00fcrekten te\u015fekk\u00fcr etmek istiyorum, haklar\u0131d\u0131r\u201d dedi.<\/p>\n<p>&nbsp;<\/p>\n<p><strong>AMCAO\u011eLU: \u201cE\u011e\u0130T\u0130ME \u00c7OK C\u0130DD\u0130 YATIRIMLAR YAPIYORUZ\u00a0\u00a0\u00a0\u00a0\u00a0\u00a0 \u201c<\/strong><\/p>\n<p>Bakan Amcao\u011flu, e\u011fitim alan\u0131nda \u00e7ok ciddi yat\u0131r\u0131mlar yap\u0131ld\u0131\u011f\u0131na dikkat \u00e7ekerek, \u201cbug\u00fcn burada at\u0131lan teme, bug\u00fcnden sonra bu \u00fclkenin \u00e7ocuklar\u0131n\u0131n bu \u00fclkenin evlatlar\u0131n\u0131n \u00fclkesinde en iyi e\u011fitimi alabilecek \u015fekilde in\u015fa ediliyorsa bunlar takdire \u015fayand\u0131r\u201d dedi.<\/p>\n<p>&nbsp;<\/p>\n<p><strong>SADIKO\u011eLU:\u00a0 \u201cOKULUN B\u0130R PAR\u00c7ASI OLMAKTAN MUTLU VE GURURLUYUM\u201d<\/strong><\/p>\n<p>Temel atma t\u00f6reninde konu\u015fan bir di\u011fer isim ise \u0130skele Belediyesi\u2019ne ait 9 d\u00f6n\u00fcml\u00fck arazinin kullan\u0131m\u0131n\u0131 Milli E\u011fitim ve K\u00fclt\u00fcr Bakanl\u0131\u011f\u0131\u2019na vererek bu araziye Dr. Suat G\u00fcnsel Devlet \u0130lkokulu \u0130skele\u2019nin yap\u0131lmas\u0131na vesile olan \u0130skele Belediye Ba\u015fkan\u0131 Hasan Sad\u0131ko\u011flu oldu. Konu\u015fmas\u0131na 23 Nisan Ulusal Egemenlik ve \u00c7ocuk Bayram\u0131 gibi \u00f6zel bir g\u00fcnde, temeli at\u0131lacak Dr. Suat G\u00fcnsel Devlet \u0130lkokulu \u0130skele\u2019nin bir par\u00e7as\u0131 olmaktan ve ev sahipli\u011fi yap\u0131yor olmaktan, duydu\u011fu mutlulu\u011fu ve gururu dile getirdi.<\/p>\n<p>&nbsp;<\/p>\n<p><strong>SADIKO\u011eLU: \u201cE\u011e\u0130T\u0130ME YATIRIM, GELECE\u011eE YATIRIM\u2019 PRENS\u0130B\u0130 \u0130LE HAREKET ED\u0130YORUZ\u201d <\/strong><\/p>\n<p>\u0130skele Belediyesi olarak \u2018e\u011fitime yap\u0131lan yat\u0131r\u0131m\u0131n, gelece\u011fe yap\u0131lan yat\u0131r\u0131md\u0131r\u2019 prensibi ile hareket ettiklerini de ifade eden Ba\u015fkan Sad\u0131ko\u011flu, Belde s\u0131n\u0131rlar\u0131nda bulunan t\u00fcm okullara, imk\u00e2nlar el verdi\u011fi s\u00fcrece hatta kimi zaman da imk\u00e2nlar\u0131 zorlayarak, Milli E\u011fitim ve K\u00fclt\u00fcr Bakanl\u0131\u011f\u0131\u2019yla da isti\u015fare ederek katk\u0131da bulunduklar\u0131n\u0131, bulunmaya da devam edeceklerini s\u00f6yledi: \u201c\u015eu an \u00fczerinde bulundu\u011fumuz 9 d\u00f6n\u00fcml\u00fck arazi de \u0130skele Belediyesi\u2019nin e\u011fitim i\u00e7in yapt\u0131\u011f\u0131 en \u00f6nemli katk\u0131lardan birisidir. Lakin sizlerin de takdir etti\u011fi gibi h\u0131zla geli\u015fen, b\u00fcy\u00fcyen ve tabii ki buna ba\u011fl\u0131 olarak n\u00fcfusu da artan \u0130skele\u2019mizde art\u0131k yeni bir ilkokul ihtiyac\u0131 da ka\u00e7\u0131n\u0131lmaz hale gelmi\u015fti.\u201d<\/p>\n<p>Ba\u015fkan Sad\u0131ko\u011flu konu\u015fmas\u0131n\u0131n devam\u0131nda ise 9 d\u00f6n\u00fcml\u00fck arazinin e\u011fitime kazand\u0131r\u0131lmas\u0131na olanak tan\u0131yan \u0130skele Belediyesi Meclis \u00dcyelerine, kendileriyle her zaman isti\u015fare i\u00e7erisinde olan Milli E\u011fitim ve K\u00fclt\u00fcr Bakan\u0131 Olgun Amcao\u011flu\u2019na ve Alt\u0131 \u0130l\u00e7eye bir okul diyerek yola \u00e7\u0131kan ve bu okullardan ikincisini \u0130skele\u2019ye yapma karar\u0131 alan YD\u00dc Kurucu Rekt\u00f6r\u00fc Dr. Suat G\u00fcnsel\u2019e te\u015fekk\u00fcr etti.<\/p>\n<p>&nbsp;<\/p>\n<p>&nbsp;<\/p>\n<p><strong>G\u00dcNSEL: \u201cATACA\u011eIMIZ TEMEL ULUSAL EGEMENL\u0130\u011e\u0130M\u0130Z\u0130 PER\u00c7\u0130NLEYECEK\u201d<\/strong><\/p>\n<p>23 Nisan ruhuyla \u00f6rt\u00fc\u015fen \u00e7ok \u00f6zel bir t\u00f6rende bir arada bulduklar\u0131n\u0131 ifade ederek konu\u015fmas\u0131na ba\u015flayan YD\u00dc M\u00fctevelli Heyeti Ba\u015fkan\u0131 Prof. Dr. \u0130rfan Suat G\u00fcnsel, 23 Nisan Ulusal Egemenlik ve \u00c7ocuk Bayram\u0131\u2019n\u0131n 101. y\u0131l\u0131n\u0131n kutland\u0131\u011f\u0131n\u0131, B\u00fcy\u00fck \u00d6nder Mustafa Kemal Atat\u00fcrk\u2019\u00fcn engin ileri g\u00f6r\u00fc\u015f\u00fcyle sadece T\u00fcrk \u00e7ocuklar\u0131na de\u011fil b\u00fct\u00fcn d\u00fcnya \u00e7ocuklar\u0131na adad\u0131\u011f\u0131 bu anlaml\u0131 g\u00fcnde, \u00e7ocuklar\u0131n gelece\u011fi i\u00e7in \u00f6nemli bir temel att\u0131klar\u0131n\u0131 vurgulad\u0131.<\/p>\n<p>G\u00fcnsel konu\u015fmas\u0131n\u0131n devam\u0131nda ise \u015funlara yer verdi: \u201cAtaca\u011f\u0131m\u0131z temel bir y\u00f6n\u00fcyle g\u00fczel \u00fclkemizde ulusal egemenli\u011fimizi per\u00e7inleyecek, di\u011fer yandan \u00e7ocuklar\u0131m\u0131z i\u00e7in daha iyi bir gelecek umudumuzu g\u00fc\u00e7lendirecek. B\u00f6yle bir temelin Ulusal Egemenlik ve \u00c7ocuk Bayram\u0131\u2019nda at\u0131lacak olmas\u0131 gururumuzu, umudumuzu ve mutlulu\u011fumuzu bin kat art\u0131rmaktad\u0131r.<\/p>\n<p>Sadece 4 ay \u00f6nce G\u00fcnsel Aile kurumu olarak KKTC\u2019nin 6 il\u00e7esine 6 devlet ilkokulu in\u015fa etme ve \u00fclke \u00e7ocuklar\u0131na bu okullar\u0131 kazand\u0131rma karar\u0131 ald\u0131klar\u0131n\u0131 da ifade eden G\u00fcnsel,\u00a0 ilk temelini yakla\u015f\u0131k 1 ay \u00f6nce Lefko\u015fa\u2019da att\u0131klar\u0131n\u0131, ikincisini ise \u0130skele\u2019de att\u0131klar\u0131n\u0131 hat\u0131rlatt\u0131. Dr. Suat G\u00fcnsel Devlet \u0130lkokulu \u0130skele\u2019yi de en k\u0131sa s\u00fcrede tamamlamay\u0131 hedeflediklerini vurgulayan YD\u00dc M\u00fctevelli Heyeti Ba\u015fkan\u0131 Prof. Dr. \u0130rfan Suat G\u00fcnsel, bu okulda da c\u0131v\u0131l c\u0131v\u0131l \u00e7ocuk seslerinin olaca\u011f\u0131 g\u00fcne haz\u0131rlad\u0131klar\u0131n\u0131 belirtti.<\/p>\n<p>&nbsp;<\/p>\n<p><strong>G\u00dcNSEL: \u201cKORUYUCU BURUN SPREY\u0130N\u0130 KULLANIMA SUNMAK \u0130\u00c7\u0130N HAZIRIZ\u201d<\/strong><\/p>\n<p>G\u00fclsel konu\u015fmas\u0131nda, Yak\u0131n Do\u011fu Olu\u015fumu\u2019nun 43 y\u0131ld\u0131r s\u00fcrd\u00fcrd\u00fc\u011f\u00fc \u00e7al\u0131\u015fmalar\u0131, y\u00fcr\u00fctt\u00fckleri faaliyetlerinden de bahsetti. G\u00fcnsel, sa\u011fl\u0131k alan\u0131nda yapt\u0131klar\u0131 konusunda ise pandemi ile m\u00fccadelede neler yapt\u0131klar\u0131n\u0131 da anlatt\u0131. \u201cGeli\u015ftirme a\u015famas\u0131nda yer alarak proje ve Patent orta\u011f\u0131 oldu\u011fumuz koruyucu burun spreyini, \u00fclkemizde ve T\u00fcrkiye\u2019mizde Covid-19 ile m\u00fccadelede halk\u0131m\u0131z\u0131n kullan\u0131m\u0131na sunmak i\u00e7in haz\u0131r\u0131z.<\/p>\n<p>YD\u00dc M\u00fctevelli Heyeti Ba\u015fkan\u0131 Prof. Dr. \u0130rfan Suat G\u00fcnsel, konu\u015fmas\u0131nda Yak\u0131n Do\u011fu Olu\u015fumunun, PCR Tan\u0131 kitlerini KKTC\u2019de \u00fcretmek ve ihra\u00e7 edebilmek i\u00e7in gerekli ara\u015ft\u0131rma ve geli\u015ftirme s\u00fcrecini de tamamlad\u0131klar\u0131n\u0131n m\u00fcjdesini verdi.<\/p>\n<p>&nbsp;<\/p>\n<p><strong>9 D\u00d6N\u00dcML\u00dcK ARAZ\u0130 \u00dcZER\u0130NE YAPILACAK OKULUN 6 AYDA TAMAMLANMASI HEDEFLEN\u0130YOR<\/strong><\/p>\n<p>Dr. Suat G\u00fcnsel Devlet \u0130lkokulu \u0130skele\u2019nin temel atma t\u00f6reni 1 dakikal\u0131k sayg\u0131 duru\u015funda bulunulmas\u0131 ve \u0130stiklal Mar\u015f\u0131n\u0131\u2019n\u0131n okunmas\u0131 ile ba\u015flad\u0131.<\/p>\n<p>T\u00f6rende \u015eehit \u0130lker Karter \u0130lkokulu \u00f6\u011frencisi Do\u011fa Ayd\u0131n g\u00fcn\u00fcn anlam ve \u00f6nemini belirten bir konu\u015fma yaparken, 23 Nisan isimli \u015fiiri ise yine ayn\u0131 okuldan Sezgin Orkun okudu. T\u00f6ren konu\u015fmalar\u0131n ard\u0131ndan protokol\u00fcn kat\u0131l\u0131m\u0131 ile ger\u00e7ekle\u015fen temel atma ile son buldu.\u00a0 Temeli bug\u00fcn (23 Nisan) at\u0131lan Dr. Suat G\u00fcnsel Devlet \u0130lkokulu \u0130skele\u2019nin 6 ay gibi k\u0131sa bir s\u00fcrede tamamlanmas\u0131 hedefleniyor. \u00a0Bug\u00fcn s\u00f6z konusu okulun temel atma t\u00f6renine Ba\u015fbakan Ersan Saner, Milli E\u011fitim ve K\u00fclt\u00fcr Bakan\u0131 Olgun Amcao\u011flu, \u0130skele Belediye Ba\u015fkan\u0131 Hasan Sad\u0131ko\u011flu ve YD\u00dc Kurucu Rekt\u00f6r\u00fc Dr. Suat G\u00fcnsel\u2019in yan\u0131 s\u0131ra bakanlar, b\u00f6lge milletvekilleri, \u0130skele Kaymakam\u0131, \u00f6\u011fretmenler, bakanl\u0131k b\u00fcrokratlar\u0131 ve \u00e7ok say\u0131da ki\u015fi kat\u0131ld\u0131. Pandemi kurallar\u0131 \u00e7er\u00e7evesinde sosyal mesafenin uyguland\u0131\u011f\u0131 t\u00f6rende maske kullan\u0131m\u0131 da dikkat edildi.<\/p>\n","protected":false},"excerpt":{"rendered":"<p>B\u00fcy\u00fcyen, geli\u015fen ve buna ba\u011fl\u0131 olarak n\u00fcfusu her ge\u00e7en g\u00fcn [&hellip;]<\/p>\n","protected":false},"author":10,"featured_media":11253,"comment_status":"open","ping_status":"closed","sticky":false,"template":"","format":"standard","meta":{"footnotes":""},"categories":[9],"tags":[],"class_list":["post-11250","post","type-post","status-publish","format-standard","has-post-thumbnail","hentry","category-uyelerimizin-haberleri"],"_links":{"self":[{"href":"https:\/\/ktbb.org\/v1\/wp-json\/wp\/v2\/posts\/11250","targetHints":{"allow":["GET"]}}],"collection":[{"href":"https:\/\/ktbb.org\/v1\/wp-json\/wp\/v2\/posts"}],"about":[{"href":"https:\/\/ktbb.org\/v1\/wp-json\/wp\/v2\/types\/post"}],"author":[{"embeddable":true,"href":"https:\/\/ktbb.org\/v1\/wp-json\/wp\/v2\/users\/10"}],"replies":[{"embeddable":true,"href":"https:\/\/ktbb.org\/v1\/wp-json\/wp\/v2\/comments?post=11250"}],"version-history":[{"count":1,"href":"https:\/\/ktbb.org\/v1\/wp-json\/wp\/v2\/posts\/11250\/revisions"}],"predecessor-version":[{"id":11254,"href":"https:\/\/ktbb.org\/v1\/wp-json\/wp\/v2\/posts\/11250\/revisions\/11254"}],"wp:featuredmedia":[{"embeddable":true,"href":"https:\/\/ktbb.org\/v1\/wp-json\/wp\/v2\/media\/11253"}],"wp:attachment":[{"href":"https:\/\/ktbb.org\/v1\/wp-json\/wp\/v2\/media?parent=11250"}],"wp:term":[{"taxonomy":"category","embeddable":true,"href":"https:\/\/ktbb.org\/v1\/wp-json\/wp\/v2\/categories?post=11250"},{"taxonomy":"post_tag","embeddable":true,"href":"https:\/\/ktbb.org\/v1\/wp-json\/wp\/v2\/tags?post=11250"}],"curies":[{"name":"wp","href":"https:\/\/api.w.org\/{rel}","templated":true}]}}