{"id":11256,"date":"2021-04-27T05:40:48","date_gmt":"2021-04-27T05:40:48","guid":{"rendered":"http:\/\/ktbb.org\/v1\/?p=11256"},"modified":"2021-04-27T05:40:48","modified_gmt":"2021-04-27T05:40:48","slug":"mahalle-anneleri-projesi-manne-basladi","status":"publish","type":"post","link":"https:\/\/ktbb.org\/v1\/mahalle-anneleri-projesi-manne-basladi\/","title":{"rendered":"Mahalle Anneleri Projesi (MANNE) ba\u015flad\u0131"},"content":{"rendered":"<p><strong>Ba\u015fbakanl\u0131k Uyu\u015fturucu ile M\u00fccadele Komisyonu\u2019nun ba\u011f\u0131ml\u0131l\u0131kla m\u00fccadele \u00e7al\u0131\u015fmalar\u0131 \u00e7er\u00e7evesinde geli\u015ftirdi\u011fi Mahalle Anneleri Projesi (MANNE)\u00a0 Girne Belediyesi i\u015fbirli\u011finde Girne\u2019de ba\u015flad\u0131.<\/strong><\/p>\n<p>&nbsp;<\/p>\n<p>Girne Belediyesi Sosyal Ya\u015fam Merkezi\u2019nde Girne\u2019de ya\u015fayan g\u00f6n\u00fcll\u00fc annelerle yap\u0131lan bulu\u015fma sonras\u0131, 22 Nisan 2021 Per\u015fembe g\u00fcn\u00fc Girne Belediyesi Sanat Galerisi\u2019nde ilk e\u011fitim \u00e7al\u0131\u015fmas\u0131 ger\u00e7ekle\u015ftirildi.<\/p>\n<p>&nbsp;<\/p>\n<p>Ba\u015fbakanl\u0131k Uyu\u015fturucu ile M\u00fccadele Komisyonu Ba\u015fkan\u0131 Hasan Karaok\u00e7u, Girne Belediyesi\u2019yle bir\u00e7ok projede i\u015fbirli\u011fi i\u00e7erisinde \u00e7al\u0131\u015fmaktan duydu\u011fu memnuniyeti ifade ederek, De\u011firmenlik ve \u0130skele\u2019 de ba\u015flatm\u0131\u015f olduklar\u0131 g\u00f6n\u00fcll\u00fc anne projesinin Girne Belediyesi deste\u011fiyle, Girne\u2019de ba\u015flayacak olmas\u0131n\u0131n \u00f6nemini dile getirdi.<\/p>\n<p>&nbsp;<\/p>\n<p>Karaok\u00e7u, (MANNE) Projesi\u2019nin uyu\u015fturucu ve ba\u011f\u0131ml\u0131l\u0131klarla m\u00fccadelede \u00f6nemli bir rol \u00fcstlendi\u011fini belirterek, g\u00f6n\u00fcll\u00fc annelerin ald\u0131klar\u0131 e\u011fitimlerde, etraflar\u0131ndaki ki\u015fileri ba\u011f\u0131ml\u0131l\u0131k konusunda bilgilendirirken, daha fazla kitleye ula\u015fmay\u0131 ama\u00e7lad\u0131klar\u0131n\u0131, her t\u00fcrl\u00fc ba\u011f\u0131ml\u0131l\u0131kla m\u00fccadelede bunun \u00f6nemini vurgulad\u0131.<\/p>\n<p>&nbsp;<\/p>\n<p>Proje Sorumlusu Teyfide Tecel Hatipo\u011flu taraf\u0131ndan be\u015f anneye ve Dan\u0131\u015fma ve Destek Merkezi personeline, (MANNE) Projesi\u2019nin ilk e\u011fitimi olan \u201cBa\u011f\u0131ml\u0131l\u0131kta Fark\u0131ndal\u0131k\u201d e\u011fitimi verilerek, kad\u0131nlar, alkol, uyu\u015fturucu maddeler ve ba\u011f\u0131ml\u0131l\u0131k konusunda bilgilendirildi.<\/p>\n<p>&nbsp;<\/p>\n<p>Girne Belediyesi Sosyal \u0130\u015fler \u015eube Amiri Misli Kad\u0131o\u011flu \u2019da yapt\u0131\u011f\u0131 konu\u015fmada, Uyu\u015fturucuyla M\u00fccadele Komisyonu\u2019yla birlikte \u00f6nceki projelerde oldu\u011fu gibi bu projede de yer almaktan ve b\u00f6ylesi \u00f6nemli bir projeye destek vermekten memnuniyet duyduklar\u0131n\u0131 dile getirdi. Kad\u0131o\u011flu, \u00e7o\u011funlu\u011fu ev han\u0131mlar\u0131ndan olu\u015fan annelerin, ebeveynlerin bilin\u00e7lendirilmesi konusunda koyaca\u011f\u0131 katk\u0131n\u0131n, \u00e7ocuk ve gen\u00e7ler yan\u0131 s\u0131ra t\u00fcm topluma yans\u0131yaca\u011f\u0131na inanc\u0131n\u0131 belirtti.<\/p>\n<p>&nbsp;<\/p>\n<p>Girne Belediye Ba\u015fkan\u0131 Nidai G\u00fcng\u00f6rd\u00fc de, uyu\u015fturucu kullan\u0131m\u0131 ve madde ba\u011f\u0131ml\u0131l\u0131\u011f\u0131n\u0131n t\u00fcm d\u00fcnyada oldu\u011fu gibi \u00fclkemizde de ciddi boyutlara ula\u015ft\u0131\u011f\u0131n\u0131 ifade ederek, bununla m\u00fccadelenin yollar\u0131ndan birinin bilgilenmek oldu\u011funu s\u00f6yledi. G\u00fcng\u00f6rd\u00fc, \u201cUyu\u015fmu\u015f beyinler ve hayattan izole olmu\u015f bireyler yerine spor ve sanatla ilgilenen, ya\u015fam\u0131n i\u00e7erisinde dahil olan, sorgulayan ve umut dolu bireyler yeti\u015fmesini arzuluyoruz.&#8221; dedi. Uyu\u015fturucuyla M\u00fccadele Komisyonuna ve bu projeye katk\u0131 koyanlara te\u015fekk\u00fcr etti.<\/p>\n<p>&nbsp;<\/p>\n","protected":false},"excerpt":{"rendered":"<p>Ba\u015fbakanl\u0131k Uyu\u015fturucu ile M\u00fccadele Komisyonu\u2019nun ba\u011f\u0131ml\u0131l\u0131kla m\u00fccadele \u00e7al\u0131\u015fmalar\u0131 \u00e7er\u00e7evesinde geli\u015ftirdi\u011fi [&hellip;]<\/p>\n","protected":false},"author":10,"featured_media":11258,"comment_status":"open","ping_status":"closed","sticky":false,"template":"","format":"standard","meta":{"footnotes":""},"categories":[9],"tags":[],"class_list":["post-11256","post","type-post","status-publish","format-standard","has-post-thumbnail","hentry","category-uyelerimizin-haberleri"],"_links":{"self":[{"href":"https:\/\/ktbb.org\/v1\/wp-json\/wp\/v2\/posts\/11256","targetHints":{"allow":["GET"]}}],"collection":[{"href":"https:\/\/ktbb.org\/v1\/wp-json\/wp\/v2\/posts"}],"about":[{"href":"https:\/\/ktbb.org\/v1\/wp-json\/wp\/v2\/types\/post"}],"author":[{"embeddable":true,"href":"https:\/\/ktbb.org\/v1\/wp-json\/wp\/v2\/users\/10"}],"replies":[{"embeddable":true,"href":"https:\/\/ktbb.org\/v1\/wp-json\/wp\/v2\/comments?post=11256"}],"version-history":[{"count":1,"href":"https:\/\/ktbb.org\/v1\/wp-json\/wp\/v2\/posts\/11256\/revisions"}],"predecessor-version":[{"id":11260,"href":"https:\/\/ktbb.org\/v1\/wp-json\/wp\/v2\/posts\/11256\/revisions\/11260"}],"wp:featuredmedia":[{"embeddable":true,"href":"https:\/\/ktbb.org\/v1\/wp-json\/wp\/v2\/media\/11258"}],"wp:attachment":[{"href":"https:\/\/ktbb.org\/v1\/wp-json\/wp\/v2\/media?parent=11256"}],"wp:term":[{"taxonomy":"category","embeddable":true,"href":"https:\/\/ktbb.org\/v1\/wp-json\/wp\/v2\/categories?post=11256"},{"taxonomy":"post_tag","embeddable":true,"href":"https:\/\/ktbb.org\/v1\/wp-json\/wp\/v2\/tags?post=11256"}],"curies":[{"name":"wp","href":"https:\/\/api.w.org\/{rel}","templated":true}]}}