{"id":11261,"date":"2021-04-27T09:00:35","date_gmt":"2021-04-27T09:00:35","guid":{"rendered":"http:\/\/ktbb.org\/v1\/?p=11261"},"modified":"2021-04-27T09:00:35","modified_gmt":"2021-04-27T09:00:35","slug":"girne-belediyesini-gectigimiz-yil-ziyaret-eden-milli-yuzuculerden-avrupada-basari","status":"publish","type":"post","link":"https:\/\/ktbb.org\/v1\/girne-belediyesini-gectigimiz-yil-ziyaret-eden-milli-yuzuculerden-avrupada-basari\/","title":{"rendered":"Girne Belediyesi\u2019ni ge\u00e7ti\u011fimiz y\u0131l ziyaret eden milli y\u00fcz\u00fcc\u00fclerden Avrupa&#8217;da ba\u015far\u0131"},"content":{"rendered":"<p><strong>\u0130talya\u2019da Ger\u00e7ekle\u015ftirilen Paralimpik Y\u00fczme D\u00fcnya Serisi&#8217;nin Son G\u00fcn\u00fcnde Ge\u00e7ti\u011fimiz Sene Girne Belediyesi\u2019ni Ziyaret Eden Heyet Aras\u0131nda Bulunan S\u00fcmeyye Boyac\u0131 ve Sevilay \u00d6zt\u00fcrk Ba\u015far\u0131 Elde Etti.<\/strong><\/p>\n<p>&nbsp;<\/p>\n<p>Ge\u00e7ti\u011fimiz y\u0131l Girne Belediyesi\u2019ni ziyaret eden Milli y\u00fcz\u00fcc\u00fclerimizden S\u00fcmeyye Boyac\u0131 ve Sevilay \u00d6zt\u00fcrk, bu kez 50 metre kelebek kad\u0131nlar kategorisinde k\u00fcrs\u00fcye birlikte \u00e7\u0131kt\u0131.\u00a0Final yar\u0131\u015f\u0131nda ikinci olan Sevilay \u00d6zt\u00fcrk 46.58&#8217;lik derecesiyle g\u00fcm\u00fc\u015f, \u00fc\u00e7\u00fcnc\u00fc olan\u00a0S\u00fcmeyye Boyac\u0131 ise 49.50&#8217;lik derecesiyle bronz madalya kazand\u0131.\u00a0Millilerimizin bu sonu\u00e7lar\u0131 gen\u00e7ler kategorisinde de de\u011ferlendirildi ve bu kategoride iki sporcu olan Sevilay alt\u0131n, S\u00fcmeyye ise g\u00fcm\u00fc\u015f madalya elde etmi\u015f oldu.<\/p>\n<p>&nbsp;<\/p>\n<p>Girne Belediye Ba\u015fkan\u0131 Nidai G\u00fcng\u00f6rd\u00fc: Ge\u00e7ti\u011fimiz y\u0131l Pandemi \u00f6ncesi Girne Belediyesi\u2019nde misafir etti\u011fimiz gen\u00e7lerimizden g\u00fczel haberler geldi\u011fini s\u00f6yledi. G\u00fcng\u00f6rd\u00fc, \u201cGirne Belediyesi sponsorlu\u011funda adam\u0131zda antrenman yapma f\u0131rsat\u0131 yaratt\u0131\u011f\u0131m\u0131z gen\u00e7lerimizi daha iyi yerlerde g\u00f6rmek temennimizdir. Milli Sporcu S\u00fcmeyye Boyac\u0131 ve Sevilay \u00d6zt\u00fcrk\u2019\u00fc tebrik ederim ve ba\u015far\u0131lar\u0131n\u0131n devam\u0131n\u0131 dilerim\u201d dedi.<\/p>\n","protected":false},"excerpt":{"rendered":"<p>\u0130talya\u2019da Ger\u00e7ekle\u015ftirilen Paralimpik Y\u00fczme D\u00fcnya Serisi&#8217;nin Son G\u00fcn\u00fcnde Ge\u00e7ti\u011fimiz Sene [&hellip;]<\/p>\n","protected":false},"author":10,"featured_media":11262,"comment_status":"open","ping_status":"closed","sticky":false,"template":"","format":"standard","meta":{"footnotes":""},"categories":[9],"tags":[],"class_list":["post-11261","post","type-post","status-publish","format-standard","has-post-thumbnail","hentry","category-uyelerimizin-haberleri"],"_links":{"self":[{"href":"https:\/\/ktbb.org\/v1\/wp-json\/wp\/v2\/posts\/11261","targetHints":{"allow":["GET"]}}],"collection":[{"href":"https:\/\/ktbb.org\/v1\/wp-json\/wp\/v2\/posts"}],"about":[{"href":"https:\/\/ktbb.org\/v1\/wp-json\/wp\/v2\/types\/post"}],"author":[{"embeddable":true,"href":"https:\/\/ktbb.org\/v1\/wp-json\/wp\/v2\/users\/10"}],"replies":[{"embeddable":true,"href":"https:\/\/ktbb.org\/v1\/wp-json\/wp\/v2\/comments?post=11261"}],"version-history":[{"count":1,"href":"https:\/\/ktbb.org\/v1\/wp-json\/wp\/v2\/posts\/11261\/revisions"}],"predecessor-version":[{"id":11263,"href":"https:\/\/ktbb.org\/v1\/wp-json\/wp\/v2\/posts\/11261\/revisions\/11263"}],"wp:featuredmedia":[{"embeddable":true,"href":"https:\/\/ktbb.org\/v1\/wp-json\/wp\/v2\/media\/11262"}],"wp:attachment":[{"href":"https:\/\/ktbb.org\/v1\/wp-json\/wp\/v2\/media?parent=11261"}],"wp:term":[{"taxonomy":"category","embeddable":true,"href":"https:\/\/ktbb.org\/v1\/wp-json\/wp\/v2\/categories?post=11261"},{"taxonomy":"post_tag","embeddable":true,"href":"https:\/\/ktbb.org\/v1\/wp-json\/wp\/v2\/tags?post=11261"}],"curies":[{"name":"wp","href":"https:\/\/api.w.org\/{rel}","templated":true}]}}