{"id":11264,"date":"2021-04-27T10:32:03","date_gmt":"2021-04-27T10:32:03","guid":{"rendered":"http:\/\/ktbb.org\/v1\/?p=11264"},"modified":"2021-04-27T10:32:03","modified_gmt":"2021-04-27T10:32:03","slug":"16-kibris-ipek-koza-festivali-sosyal-medya-uzerinden-gerceklestiriliyor","status":"publish","type":"post","link":"https:\/\/ktbb.org\/v1\/16-kibris-ipek-koza-festivali-sosyal-medya-uzerinden-gerceklestiriliyor\/","title":{"rendered":"16. K\u0131br\u0131s \u0130pek Koza Festivali, Sosyal Medya \u00dczerinden Ger\u00e7ekle\u015ftiriliyor"},"content":{"rendered":"<p><strong>Girne Belediyesi, Beylerbeyi Muhtarl\u0131\u011f\u0131 ve Ye\u015fil Bar\u0131\u015f Hareketi i\u015fbirli\u011finde bu y\u0131l yine sosyal medya \u00fczerinden ger\u00e7ekle\u015fecek festivalle ilgili olarak Girne Belediyesi Hizmet Binas\u0131nda bas\u0131n toplant\u0131s\u0131 d\u00fczenlendi.<\/strong><\/p>\n<p><strong>\u00a0<\/strong><\/p>\n<p>Bas\u0131n toplant\u0131s\u0131na Girne Belediye Ba\u015fkan\u0131 Nidai G\u00fcng\u00f6rd\u00fc, Beylerbeyi Muhtar\u0131 Niyazi Engin, Ye\u015fil Bar\u0131\u015f Hareketi genel Sekreteri Do\u011fan Sahir kat\u0131ld\u0131.<\/p>\n<p>&nbsp;<\/p>\n<p>Covid 19 salg\u0131n\u0131 nedeniyle, d\u00fcnyada ve \u00fclkemizde, festival konser gibi organizasyonlar\u0131n uzun bir s\u00fcredir tedbir ama\u00e7l\u0131 yasaklanmas\u0131ndan dolay\u0131 16. \u0130pek Koza Festivali bu y\u0131l 1 &#8211; 2 May\u0131s tarihlerinde sosyal medya \u00fczerinden ger\u00e7ekle\u015fecek.<\/p>\n<p>&nbsp;<\/p>\n<p>Ye\u015fil Bar\u0131\u015f Hareketi Genel Sekreteri Do\u011fan Sahir, festivalin k\u00fclt\u00fcrel, sanatsal, turistik ve kendilerine \u00f6zg\u00fc boyutu ile \u00e7ok \u00f6nemli bir festival olmas\u0131n\u0131 ama\u00e7lad\u0131klar\u0131n\u0131, fakat festivalin Covid 19 salg\u0131n\u0131 nedeniyle bu y\u0131l da sosyal medya( facebook) \u00a0\u00fczerinden ger\u00e7ekle\u015ftirilece\u011fini belirtti. Sahir ko\u015fullara uyum sa\u011flanmas\u0131 gerekti\u011fini, yeni modeller uygulayarak ileriye d\u00f6n\u00fck bir ba\u015fka pencere a\u00e7t\u0131klar\u0131n\u0131 s\u00f6yleyerek, festivalin devam edebilmesi konusunda katk\u0131 koyan herkese te\u015fekk\u00fcrlerini iletti.<\/p>\n<p>&nbsp;<\/p>\n<p>Beylerbeyi Muhtar\u0131 Niyazi Engin, Corona Vir\u00fcs salg\u0131n\u0131n\u0131n t\u00fcm d\u00fcnyada bu gibi organizasyonlar\u0131 olumsuz etkiledi\u011fine vurgu yaparak, festivalin yinede renkli ve g\u00fczel bir programla hayat bulaca\u011f\u0131n\u0131 ifade etti.<\/p>\n<p>&nbsp;<\/p>\n<p>Girne Belediye Ba\u015fkan\u0131 Nidai G\u00fcng\u00f6rd\u00fc yapt\u0131\u011f\u0131 a\u00e7\u0131klamada, Covid 19 salg\u0131n\u0131 nedeniyle bu senede ge\u00e7en sene oldu\u011fu gibi festivali sosyal medya \u00fczerinden ger\u00e7ekle\u015ftireceklerini belirterek, yakla\u015f\u0131k 15 ayd\u0131r d\u00fcnyay\u0131 etkisi alt\u0131na alan Covid-19 pandemisi nedeniyle festival gibi organizasyonlar\u0131n t\u00fcm d\u00fcnyada ask\u0131ya al\u0131nd\u0131\u011f\u0131n\u0131, festivalin kesintiye u\u011framamas\u0131 i\u00e7in, konsept de\u011fi\u015fikli\u011fine giderek sosyal medya \u00fczerinden ger\u00e7ekle\u015ftirme karar\u0131 ald\u0131klar\u0131n\u0131 kaydetti.<\/p>\n<p>&nbsp;<\/p>\n<p>G\u00fcng\u00f6rd\u00fc, festivali bu y\u0131l da stantlar kurarak k\u00f6y meydan\u0131nda kutlayamad\u0131klar\u0131n\u0131 ifade ederken, program\u0131n dolu dolu bir i\u00e7erikle sosyal medyadan ger\u00e7ekle\u015fece\u011fini dile getirdi.<\/p>\n<p>&nbsp;<\/p>\n<p>G\u00fcng\u00f6rd\u00fc konu\u015fmas\u0131n\u0131n sonunda festivalin i\u00e7eri\u011fiyle ilgili bilgi vererek, festivalin bu g\u00fcnlere gelmesine emek veren herkese te\u015fekk\u00fcr etti.<\/p>\n<p>&nbsp;<\/p>\n<p><strong>Festival Program\u0131 \u015f\u00f6yle:<\/strong><\/p>\n<p>&nbsp;<\/p>\n<p><strong>1 MAYIS 2021 Cumartesi<\/strong><\/p>\n<p>&nbsp;<\/p>\n<p><strong>17:00 Festival A\u00e7\u0131l\u0131\u015f Konu\u015fmalar\u0131<\/strong><\/p>\n<p>Nidai G\u00fcng\u00f6rd\u00fc (Girne Belediye Ba\u015fkan\u0131)<\/p>\n<p>Niyazi Engin (Beylerbeyi Muhtar\u0131)<\/p>\n<p>Do\u011fan Sahir (Ye\u015fil Bar\u0131\u015f Hareketi Genel Sekreteri)<\/p>\n<p>&nbsp;<\/p>\n<p><strong>17:30 Konser:<\/strong> Grup Otantik<\/p>\n<p>&nbsp;<\/p>\n<p><strong>18:00 Dut A\u011fac\u0131n\u0131n \u00d6nemi ve Meyvesinin Kurutulmas\u0131 (Uygulamal\u0131) <\/strong><\/p>\n<p>Sunum: Mehmet Atak Ziraat Y\u00fcksek M\u00fchendisi<\/p>\n<p>&nbsp;<\/p>\n<p><strong>18:30 \u0130pek Kozas\u0131ndan El \u0130\u015fi \u00c7al\u0131\u015fmalar\u0131 <\/strong><\/p>\n<p>\u0130lknur Soysal (Koza El Sanatlar\u0131 Sanat\u00e7\u0131s\u0131)<\/p>\n<p>&nbsp;<\/p>\n<p><strong>19:00 K\u0131sa Tan\u0131t\u0131m Filmi:<\/strong> Bellapais Manast\u0131r\u0131<\/p>\n<p>Video Prod\u00fcksiyon: Mehmet S\u00f6kmen<\/p>\n<p>&nbsp;<\/p>\n<p><strong>19:30 \u0130pekb\u00f6ce\u011fi\u2019nin Yolculu\u011fu<\/strong><\/p>\n<p>Ballapais\u2019te \u0130pek B\u00f6ce\u011fi ve Koza \u00dcretim \u00c7al\u0131\u015fmalar\u0131: Mustafa K\u00fc\u00e7\u00fck<\/p>\n<p>&nbsp;<\/p>\n<p><strong>20:00 K\u0131br\u0131s Edebiyat\u0131nda ve Efsanelerde \u2018Bellapais\u2019 <\/strong><\/p>\n<p>Sunum: Prof. Do\u00e7. Dr. \u015eevket \u00d6znur<\/p>\n<p>K\u0131br\u0131s T\u00fcrk Yazarlar Birli\u011fi Ba\u015fkan\u0131 &#8211; YD\u00dc \u00d6\u011fretim G\u00f6revlisi<\/p>\n<p>&nbsp;<\/p>\n<p><strong>20:30 \u015eiir Dinletisi:<\/strong> Dr. Turgay Akal\u0131n (\u015eair), Altay Bura\u011fan (\u015eair)<\/p>\n<p>K\u0131br\u0131s T\u00fcrk Yazarlar Birli\u011fi<\/p>\n<p>&nbsp;<\/p>\n<p><strong>21:00 Klasik M\u00fczik Konseri:<\/strong> R\u00fcya Taner \u0130zmir Devlet Opera Orkestras\u0131 \u0130le<\/p>\n<p>&nbsp;<\/p>\n<p>&nbsp;<\/p>\n<p><strong>2 MAYIS 2021 Pazar<\/strong><\/p>\n<p>&nbsp;<\/p>\n<p><strong>14:00 Halk Danslar\u0131 G\u00f6sterisi:<\/strong> Girne Gen\u00e7 Sanatseverler Derne\u011fi<\/p>\n<p>&nbsp;<\/p>\n<p><strong>14:30 K\u00fclt\u00fcrel ve Yerli Geleneklerle S\u00fcrd\u00fcr\u00fclebilir Turizm <\/strong><\/p>\n<p>Konu\u015fmac\u0131: Yrd. Do\u00e7. Dr. Nafiya G\u00fcden<\/p>\n<p>Uluslararas\u0131 Final \u00dcniversitesi Turizm ve Mutfak Sanatlar\u0131 Y\u00fcksekokulu M\u00fcd\u00fcr\u00fc<\/p>\n<p>&nbsp;<\/p>\n<p><strong>15:00 Karikat\u00fcr Sanat\u0131yla D\u00fcnya\u2019ya<\/strong>: Anlat\u0131 ve Karikat\u00fcr Sergisi<\/p>\n<p>K\u0131br\u0131s T\u00fcrk Karikat\u00fcrc\u00fcler Derne\u011fi Ba\u015fkan ve Y\u00f6netim Kurulu \u00dcyeleri<\/p>\n<p>Serhan Gazio\u011flu, H\u00fcseyin \u00c7akmak, Musa Kayra, Selen Sel\u0131\u015f\u0131k<\/p>\n<p>&nbsp;<\/p>\n<p><strong>15:30 S\u00f6yle\u015fi<\/strong> (Ye\u015fil Bar\u0131\u015f Hareketi Zoom Etkinli\u011fi Ar\u015fiv Yay\u0131n)<\/p>\n<p>Dut A\u011fa\u00e7lar\u0131ndan Koza El \u0130\u015flerine<\/p>\n<p>Kat\u0131l\u0131mc\u0131lar:<\/p>\n<p>Erg\u00fcn Bey (Ara\u015ft\u0131rmac\u0131-\u00c7evre Bilimci), Beng\u00fcl-Benal Cicibaba (\u0130pek B\u00f6ce\u011fi ve Koza El \u0130\u015fleri \u00dcreticisi), Vijdan Karag\u00f6zl\u00fc (\u0130pek Kozas\u0131 El \u0130\u015fleri \u00dcreticisi), \u015eenay Ekingen (El Sanatlar\u0131 \u00dcreticisi-Pazarlamac\u0131s\u0131), Kani Kanol (Hasder Halk Sanatlar\u0131 Vakf\u0131 Ba\u015fkan\u0131),<\/p>\n<p>Zekai Altan (Eko Turizmci-Ara\u015ft\u0131rmac\u0131 Yazar), Ersun Ayta\u00e7 (EzKoop Genel Sekreteri)<\/p>\n<p>&nbsp;<\/p>\n<p><strong>16:00 \u00c7amurdan Heykele:<\/strong> \u015eenol \u00d6zdevrim Sanat\u00e7\u0131 &#8211; KA\u00dc \u00d6\u011fretim G\u00f6revlisi<\/p>\n<p><strong>\u00a0<\/strong><\/p>\n<p><strong>17:00 Tiyatro G\u00f6sterimi:<\/strong> \u00c7\u00f6kme Tehlikesi Var \u00c7atalk\u00f6y Belediyesi Tiyatro Su<\/p>\n<p><strong>\u00a0<\/strong><\/p>\n<p><strong>19:00 Foto\u011fraf Sergisi:<\/strong> K\u0131br\u0131s\u2019ta Orkideler<\/p>\n<p>Erkan \u00c7elikeri Foto\u011fraf Sanat\u00e7\u0131s\u0131<\/p>\n<p><strong>20:00 Konser:<\/strong> Cahit Kutrafal\u0131<\/p>\n<p>&nbsp;<\/p>\n<p>&nbsp;<\/p>\n<p>&nbsp;<\/p>\n<p>&nbsp;<\/p>\n<p>&nbsp;<\/p>\n","protected":false},"excerpt":{"rendered":"<p>Girne Belediyesi, Beylerbeyi Muhtarl\u0131\u011f\u0131 ve Ye\u015fil Bar\u0131\u015f Hareketi i\u015fbirli\u011finde bu [&hellip;]<\/p>\n","protected":false},"author":10,"featured_media":11265,"comment_status":"open","ping_status":"closed","sticky":false,"template":"","format":"standard","meta":{"footnotes":""},"categories":[9],"tags":[],"class_list":["post-11264","post","type-post","status-publish","format-standard","has-post-thumbnail","hentry","category-uyelerimizin-haberleri"],"_links":{"self":[{"href":"https:\/\/ktbb.org\/v1\/wp-json\/wp\/v2\/posts\/11264","targetHints":{"allow":["GET"]}}],"collection":[{"href":"https:\/\/ktbb.org\/v1\/wp-json\/wp\/v2\/posts"}],"about":[{"href":"https:\/\/ktbb.org\/v1\/wp-json\/wp\/v2\/types\/post"}],"author":[{"embeddable":true,"href":"https:\/\/ktbb.org\/v1\/wp-json\/wp\/v2\/users\/10"}],"replies":[{"embeddable":true,"href":"https:\/\/ktbb.org\/v1\/wp-json\/wp\/v2\/comments?post=11264"}],"version-history":[{"count":1,"href":"https:\/\/ktbb.org\/v1\/wp-json\/wp\/v2\/posts\/11264\/revisions"}],"predecessor-version":[{"id":11266,"href":"https:\/\/ktbb.org\/v1\/wp-json\/wp\/v2\/posts\/11264\/revisions\/11266"}],"wp:featuredmedia":[{"embeddable":true,"href":"https:\/\/ktbb.org\/v1\/wp-json\/wp\/v2\/media\/11265"}],"wp:attachment":[{"href":"https:\/\/ktbb.org\/v1\/wp-json\/wp\/v2\/media?parent=11264"}],"wp:term":[{"taxonomy":"category","embeddable":true,"href":"https:\/\/ktbb.org\/v1\/wp-json\/wp\/v2\/categories?post=11264"},{"taxonomy":"post_tag","embeddable":true,"href":"https:\/\/ktbb.org\/v1\/wp-json\/wp\/v2\/tags?post=11264"}],"curies":[{"name":"wp","href":"https:\/\/api.w.org\/{rel}","templated":true}]}}