{"id":11267,"date":"2021-04-28T06:00:34","date_gmt":"2021-04-28T06:00:34","guid":{"rendered":"http:\/\/ktbb.org\/v1\/?p=11267"},"modified":"2021-04-28T06:00:34","modified_gmt":"2021-04-28T06:00:34","slug":"iskele-belediyesi-insan-odakli-projeler-uretmeye-devam-ediyor","status":"publish","type":"post","link":"https:\/\/ktbb.org\/v1\/iskele-belediyesi-insan-odakli-projeler-uretmeye-devam-ediyor\/","title":{"rendered":"\u0130skele Belediyesi, insan odakl\u0131 projeler \u00fcretmeye devam ediyor"},"content":{"rendered":"<p>\u0130skele Belediyesi\u2019nin \u00f6z kaynaklar\u0131 ile TC Ekonomik Kalk\u0131nma ve \u0130\u015fbirli\u011fi Ofisi\u2019nin katk\u0131lar\u0131yla yakla\u015f\u0131k 10 milyon liraya mal olacak \u0130skele Belediyesi Kapal\u0131 Pazar Yeri ve Terminal Alan\u0131\u2019n\u0131n temeli bug\u00fcn (27 Nisan) at\u0131ld\u0131. Pandemi nedeni ile t\u00f6ren d\u00fczenlememe karar\u0131 alan \u0130skele Belediye Ba\u015fkan\u0131 Hasan Sad\u0131ko\u011flu, temel at\u0131ld\u0131\u011f\u0131 s\u0131rada \u00e7al\u0131\u015fmalar\u0131 yerinde inceledi, halka ve tabii ki pazarc\u0131 esnaf\u0131na rahat bir nefes ald\u0131racak projenin hay\u0131rl\u0131 olmas\u0131n\u0131 diledi.<\/p>\n<p><strong>\u00a0<\/strong><\/p>\n<p><strong>\u0130SKELE BELED\u0130YES\u0130 \u0130NSAN ODAKLI PROJELER \u00dcRETMEYE DEVAM ED\u0130YOR<\/strong><\/p>\n<p>Ge\u00e7ti\u011fimiz hafta Onay Fad\u0131l Demirciler Caddesi \u00fczerinde 15.500 metrekarelik Alan \u00fczerinde in\u015fa edilmeye ba\u015flanan \u0130skele Belediyesi Kapal\u0131 Pazar Yeri ve Terminal Alan\u0131\u2019n\u0131n temeli bug\u00fcn (27 Nisan) at\u0131ld\u0131. Ge\u00e7ti\u011fimiz haftalarda projenin i\u015f teslimini ilgili firmaya teslim eden \u0130skele Belediyesi, \u2018Hizmet G\u00f6n\u00fcl \u0130\u015fidir\u2019 prensibi ile bir kez daha insan odakl\u0131 bir projeye daha imza att\u0131.\u00a0 TC Lefko\u015fa B\u00fcy\u00fckel\u00e7ili\u011fi Ekonomik Kalk\u0131nma ve \u0130\u015fbirli\u011fi Ofisi\u2019nin destekleri ve \u0130skele Belediyesi\u2019nin \u00f6z kaynaklar\u0131 ile yap\u0131lacak \u0130skele Belediyesi Kapal\u0131 Pazar Yeri ve Terminal Alan\u0131 15.500 metrekarelik alanda yap\u0131lacak ve iki etaptan olu\u015facak. Karkas, \u00e7at\u0131 \u00f6rt\u00fcs\u00fcne ait yap\u0131sal \u00e7elik i\u015fler ve \u00e7at\u0131 \u00f6rt\u00fcs\u00fc\u00a0kaplama i\u015fleri, bal\u0131k\u00e7\u0131 stantlar\u0131, WC karkas, altyap\u0131 ve drenaj i\u015fleri ile elektrik altyap\u0131 i\u015flerinin yer ald\u0131\u011f\u0131 projenin birinci etab\u0131 on iki ayda tamamlanacak. Proje tamamland\u0131\u011f\u0131nda ise yaln\u0131zca Pazar yeri olarak kullan\u0131lmayacak. Kapal\u0131 Pazar ayn\u0131 zamanda k\u0131\u015f ve yaz mevsiminde \u00f6zel organizasyonlar i\u00e7in de kullan\u0131labilecek.15.500 metre karelik alan\u0131n 3.958 metre karesi kapal\u0131 alandan olu\u015facak \u0130skele Belediyesi Kapal\u0131 Pazar Yeri ve Terminal Alan\u0131 D\u00fczenleme Projesinin i\u00e7erisinde, 160 stant, 2 b\u00fcfe, 2 bal\u0131k\u00e7\u0131 stand\u0131, WC, 33 Pazarc\u0131 otopark\u0131, 120 ara\u00e7 park yeri, 1.300 metrekare ye\u015fil alan olacak.<\/p>\n<p>&nbsp;<\/p>\n<p><strong>SADIKO\u011eLU: \u201cB\u00d6LGE HALKIMIZA VE PAZARCI ESNAFIMIZA HAYIRLI OLSUN\u201d<\/strong><\/p>\n<p>Projelerini pandemiye ra\u011fmen bir bir hayata ge\u00e7irmeye devam eden \u0130skele Belediyesi, \u0130skele\u2019nin \u00f6nemli bir eksi\u011fini daha gidermek i\u00e7in geli\u015ftirdi\u011fi projesini hayata ge\u00e7irdi. Ge\u00e7ti\u011fimiz ay ihaleye \u00e7\u0131kan ve bu ay i\u00e7inde ihaleyi kazanan firmayla s\u00f6zle\u015fme imzalad\u0131ktan hemen sonra yap\u0131lan i\u015f tesliminden sonra \u00e7al\u0131\u015fmalar\u0131n ba\u015fland\u0131\u011f\u0131 \u0130skele Belediyesi Kapal\u0131 Pazar Yeri ve Terminal Alan\u0131\u2019n\u0131n temeli at\u0131ld\u0131. \u0130skele Belediye Ba\u015fkan\u0131 Hasan Sad\u0131ko\u011flu, s\u00f6z konusu projenin temel at\u0131lma \u00e7al\u0131\u015fmalar\u0131n\u0131 yerinde inceledi. Konuyla ilgili a\u00e7\u0131klama yapan Ba\u015fkan Sad\u0131ko\u011flu, b\u00f6lgenin en \u00f6nemli ihtiya\u00e7lar\u0131ndan olan Kapal\u0131 Pazar ve Terminal Alan\u0131 Projesi\u2019nin temelinin at\u0131l\u0131yor olmas\u0131ndan duydu\u011fu mutlulu\u011fu dile getirdi. Kapal\u0131 Pazar ve Terminal Alan\u0131 Projesi\u2019nin y\u0131llard\u0131r ihtiyac\u0131 duyulan bir proje oldu\u011funu belirten Ba\u015fkan Sad\u0131ko\u011flu, devam\u0131nda ise \u015funlara yer verdi: \u201c15.500 metrekarelik alan \u00fczerine in\u015fas\u0131 ba\u015flanan projenin i\u00e7erisinde yakla\u015f\u0131k 4bin metre karelik alan kapal\u0131 Pazar olacak. Geri kalan alan \u00fczerinde ise ara\u00e7 otoparklar\u0131, ye\u015fil alan, stantlar yer alacak.<\/p>\n<p>Projemizin toplam maliyeti 10 milyon TL\u2019ye mal olacak. Projemizi etaptan olu\u015fturduk. Birinci etab\u0131nda elektrik alt yap\u0131lar\u0131, ya\u011fmur suyu drenaj altyap\u0131lar\u0131, karkas, kapal\u0131 alan, \u00e7at\u0131n\u0131n olu\u015fturulmas\u0131 ve d\u0131\u015f kaplama olacak. 1. Etap \u00e7al\u0131\u015fmalar\u0131n ortalama maliyeti 6 milyon TL\u2019dir. Bunun 2 milyon TL\u2019si TC Ekonomik Kalk\u0131nma ve \u0130\u015fbirli\u011fi Ofisi taraf\u0131ndan kar\u015f\u0131lanacak. Geri kalan\u0131n\u0131 ise \u0130skele Belediyesi\u2019nin \u00f6z kaynaklar\u0131ndan kar\u015f\u0131lanacakt\u0131r. Yakla\u015f\u0131k 6 ayl\u0131k bir s\u00fcrede 1. Etab\u0131n\u0131n bitmesini hedefliyoruz. Yap\u0131lacak olan kapal\u0131 pazar\u0131m\u0131z \u00f6zelde \u0130skele ve belde halk\u0131na hizmet verecek. Cuma g\u00fcnleri kurulacak Pazar yerinin d\u0131\u015f\u0131nda t\u00fcm etkinliklere de ev sahipli\u011fi yapabilecek.\u201d<\/p>\n<p>&nbsp;<\/p>\n<p>&nbsp;<\/p>\n<p>&nbsp;<\/p>\n<p>&nbsp;<\/p>\n<p>&nbsp;<\/p>\n","protected":false},"excerpt":{"rendered":"<p>\u0130skele Belediyesi\u2019nin \u00f6z kaynaklar\u0131 ile TC Ekonomik Kalk\u0131nma ve \u0130\u015fbirli\u011fi [&hellip;]<\/p>\n","protected":false},"author":10,"featured_media":11268,"comment_status":"open","ping_status":"closed","sticky":false,"template":"","format":"standard","meta":{"footnotes":""},"categories":[9],"tags":[],"class_list":["post-11267","post","type-post","status-publish","format-standard","has-post-thumbnail","hentry","category-uyelerimizin-haberleri"],"_links":{"self":[{"href":"https:\/\/ktbb.org\/v1\/wp-json\/wp\/v2\/posts\/11267","targetHints":{"allow":["GET"]}}],"collection":[{"href":"https:\/\/ktbb.org\/v1\/wp-json\/wp\/v2\/posts"}],"about":[{"href":"https:\/\/ktbb.org\/v1\/wp-json\/wp\/v2\/types\/post"}],"author":[{"embeddable":true,"href":"https:\/\/ktbb.org\/v1\/wp-json\/wp\/v2\/users\/10"}],"replies":[{"embeddable":true,"href":"https:\/\/ktbb.org\/v1\/wp-json\/wp\/v2\/comments?post=11267"}],"version-history":[{"count":1,"href":"https:\/\/ktbb.org\/v1\/wp-json\/wp\/v2\/posts\/11267\/revisions"}],"predecessor-version":[{"id":11269,"href":"https:\/\/ktbb.org\/v1\/wp-json\/wp\/v2\/posts\/11267\/revisions\/11269"}],"wp:featuredmedia":[{"embeddable":true,"href":"https:\/\/ktbb.org\/v1\/wp-json\/wp\/v2\/media\/11268"}],"wp:attachment":[{"href":"https:\/\/ktbb.org\/v1\/wp-json\/wp\/v2\/media?parent=11267"}],"wp:term":[{"taxonomy":"category","embeddable":true,"href":"https:\/\/ktbb.org\/v1\/wp-json\/wp\/v2\/categories?post=11267"},{"taxonomy":"post_tag","embeddable":true,"href":"https:\/\/ktbb.org\/v1\/wp-json\/wp\/v2\/tags?post=11267"}],"curies":[{"name":"wp","href":"https:\/\/api.w.org\/{rel}","templated":true}]}}