{"id":11270,"date":"2021-04-28T08:39:40","date_gmt":"2021-04-28T08:39:40","guid":{"rendered":"http:\/\/ktbb.org\/v1\/?p=11270"},"modified":"2021-04-28T08:39:40","modified_gmt":"2021-04-28T08:39:40","slug":"girne-belediyesi-oyku-yarismasinin-dorduncusu-duzenleniyor","status":"publish","type":"post","link":"https:\/\/ktbb.org\/v1\/girne-belediyesi-oyku-yarismasinin-dorduncusu-duzenleniyor\/","title":{"rendered":"Girne Belediyesi \u00d6yk\u00fc Yar\u0131\u015fmas\u0131\u2019n\u0131n d\u00f6rd\u00fcnc\u00fcs\u00fc d\u00fczenleniyor"},"content":{"rendered":"<p>Girne Belediyesi \u00d6yk\u00fc Yar\u0131\u015fmas\u0131\u2019n\u0131n d\u00f6rd\u00fcnc\u00fcs\u00fc, \u201cHayat\u0131n i\u00e7inde, hayat\u0131n d\u0131\u015f\u0131nda\u201d engelli bireylerin ya\u015fam\u0131 temas\u0131yla d\u00fczenleniyor.<\/p>\n<p>Girne Belediyesi\u2019nden verilen bilgide, (9-10-11 ya\u015f grubu), (12-13-14 ya\u015f grubu), (15-16-17 ya\u015f grubu) olarak \u00fc\u00e7 kategoride de\u011ferlendirme yap\u0131lacak olan \u00f6yk\u00fc yar\u0131\u015fmas\u0131na kat\u0131lmak isteyenlerin en ge\u00e7 1 Haziran 2021 Sal\u0131 g\u00fcn\u00fcne kadar \u00f6yk\u00fclerini Girne Belediyesi Sosyal \u0130\u015fler \u015eubesi\u2019ne veya sosyalisler@girnebelediyesi.com adresine g\u00f6ndermeleri gerekti\u011fi ifade edildi. Haziran ay\u0131 i\u00e7erisinde ger\u00e7ekle\u015ftirilecek de\u011ferlendirmelerin sonucunda birincilere 1000 TL, ikincilere 500 TL, \u00fc\u00e7\u00fcnc\u00fclere 300 TL \u00f6d\u00fcl verilecek.<\/p>\n<p>De\u011ferlendirme Kurulu\u2019nda, Ceyhan \u00d6zy\u0131ld\u0131z (Yazar, Foto\u011fraf\u00e7\u0131), Y\u0131ltan Ta\u015f\u00e7\u0131 (Edebiyat\u00e7\u0131, Foto\u011fraf\u00e7\u0131), \u015eenay Sa\u00e7b\u00fcker ( Oyuncu, \u00d6\u011fretim G\u00f6revlisi, \u00c7ocuk Kitab\u0131 Yazar\u0131), Ahmet Bilgili (K\u00f6\u015fe Yazar\u0131) ve Misli Kad\u0131o\u011flu (Girne Belediyesi Sosyal \u0130\u015fler Amiri) yer al\u0131yor.<\/p>\n<p>&nbsp;<\/p>\n<p>\u201cOkuyan, yazan, d\u00fc\u015f\u00fcnen, sorgulayan bireyler i\u00e7in\u2026\u201d<\/p>\n<p>&nbsp;<\/p>\n<p>Girne Belediye Ba\u015fkan\u0131 Nidai G\u00fcng\u00f6rd\u00fc, her y\u0131l d\u00fczenledikleri \u00f6yk\u00fc yar\u0131\u015fmas\u0131yla \u00e7ocuk ve gen\u00e7lerin, okuyan, yazan, d\u00fc\u015f\u00fcnen, sorgulayan bireyler olmas\u0131na katk\u0131 sa\u011flamak ve yarat\u0131m g\u00fc\u00e7lerini ortaya koymalar\u0131na f\u0131rsat sunmak istediklerini s\u00f6yledi.<\/p>\n<p>Bu y\u0131l, engelli bireylerin ya\u015fam\u0131na y\u00f6nelik fark\u0131ndal\u0131k yaratacak bir teman\u0131n belirlenmesinin de \u00f6nemine i\u015faret eden G\u00fcng\u00f6rd\u00fc, insanca ya\u015fam\u0131n, farkl\u0131l\u0131klar\u0131 kabullenerek m\u00fcmk\u00fcn olabilece\u011fini i\u015faret etti. D\u00fcnyay\u0131 etkisi alt\u0131na alan salg\u0131n s\u00fcrecinde, sosyal ya\u015famda ve e\u011fitimde meydana gelen k\u0131s\u0131tlamalar\u0131n belirli s\u0131k\u0131nt\u0131lar yaratt\u0131\u011f\u0131n\u0131 da hat\u0131rlatan G\u00fcng\u00f6rd\u00fc, \u00f6\u011fretmen ve ailelerin de \u00e7ocuklar\u0131n ve gen\u00e7lerin \u00f6yk\u00fc yazmaya y\u00f6nlendirmesi gerekti\u011fi \u00e7a\u011fr\u0131s\u0131nda bulundu.<\/p>\n<p>&nbsp;<\/p>\n<p>&nbsp;<\/p>\n<p>Kat\u0131l\u0131m \u015fartlar\u0131 \u015f\u00f6yle;<\/p>\n<p>&nbsp;<\/p>\n<ul>\n<li>Yar\u0131\u015fmaya kat\u0131lacak eserlerde a\u015fa\u011f\u0131daki \u015fartlar aran\u0131r.<\/li>\n<\/ul>\n<p>&nbsp;<\/p>\n<ol>\n<li>a) Yar\u0131\u015fmaya g\u00f6nderilecek \u00f6yk\u00fcler A4 \u00e7izgisiz dosya k\u00e2\u011f\u0131d\u0131na bilgisayarla ya da elle yaz\u0131lacakt\u0131r.<\/li>\n<\/ol>\n<p>&nbsp;<\/p>\n<ol>\n<li>b) \u00d6yk\u00fclerin daha \u00f6nce herhangi bir yar\u0131\u015fmaya kat\u0131lmam\u0131\u015f, herhangi bir yar\u0131\u015fmada \u00f6d\u00fcl almam\u0131\u015f ve herhangi bir yay\u0131n organ\u0131nda yay\u0131mlanmam\u0131\u015f olmas\u0131 gerekir.<\/li>\n<\/ol>\n<p>&nbsp;<\/p>\n<ol>\n<li>c) Orijinal olmayan (fotokopi olarak g\u00f6nderilen) \u00f6yk\u00fcler de\u011ferlendirmeye al\u0131nmaz.<\/li>\n<\/ol>\n<p>&nbsp;<\/p>\n<p>\u00e7) \u00d6yk\u00fcn\u00fcn herhangi bir yerinde, bir yerden al\u0131nm\u0131\u015f ve esere yap\u0131\u015ft\u0131r\u0131lm\u0131\u015f veya \u00e7izilmi\u015f resimler yer alamaz.<\/p>\n<p>&nbsp;<\/p>\n<ol>\n<li>d) Yar\u0131\u015fmaya g\u00f6nderilecek \u00f6yk\u00fcler 5 (be\u015f) sayfay\u0131 ge\u00e7emez.<\/li>\n<\/ol>\n<p>&nbsp;<\/p>\n<ol>\n<li>e) Yar\u0131\u015fmaya g\u00f6nderilecek \u00f6yk\u00fclerde s\u00f6zc\u00fck say\u0131s\u0131 400\u2019den (d\u00f6rt y\u00fcz) az, 1200\u2019den (bin iki y\u00fcz) \u00e7ok olamaz.<\/li>\n<\/ol>\n<p>&nbsp;<\/p>\n<ol>\n<li>f) Yar\u0131\u015fmaya g\u00f6nderilecek \u00f6yk\u00fclerin \u00f6n y\u00fcz\u00fcne \u00f6\u011frenci veya okuluyla ilgili ki\u015fisel bilgiler yaz\u0131lmaz. Ayr\u0131ca \u00f6yk\u00fclerin arka sayfas\u0131, kullan\u0131lamaz.<\/li>\n<\/ol>\n<p>&nbsp;<\/p>\n<ol>\n<li>g) \u00d6yk\u00fcn\u00fcn son sayfas\u0131nda \u00f6\u011frencinin ad\u0131-soyad\u0131, adresi, okulu, telefon numaras\u0131, foto\u011fraf\u0131 ve k\u0131sa \u00f6zge\u00e7mi\u015fi eklenmelidir.<\/li>\n<\/ol>\n<p>&nbsp;<\/p>\n<ol>\n<li>h) Yar\u0131\u015fman\u0131n \u00f6d\u00fcl t\u00f6reni Haziran ay\u0131 i\u00e7erisinde j\u00fcri \u00fcyelerinin de kat\u0131ld\u0131\u011f\u0131 bir t\u00f6ren ile yap\u0131lacakt\u0131r.<\/li>\n<\/ol>\n<p>&nbsp;<\/p>\n<p>(2) Birinci f\u0131krada belirtilen \u015fartlar\u0131 ta\u015f\u0131mayan eserler de\u011ferlendirmeye al\u0131nmaz.<\/p>\n<p>&nbsp;<\/p>\n<p>(3) \u00d6yk\u00fcler, 1 Haziran 2021 Sal\u0131 g\u00fcn\u00fc mesai bitimine kadar Girne Belediyesi\u2019ne kapal\u0131 zarf i\u00e7erisinde veya sosyalisler@girnebelediyesi.com adresine mail yoluyla ula\u015ft\u0131r\u0131lacakt\u0131r.<\/p>\n<p>&nbsp;<\/p>\n<p>G\u0130RNE BELED\u0130YE BA\u015eKANLI\u011eI<\/p>\n<p>&nbsp;<\/p>\n","protected":false},"excerpt":{"rendered":"<p>Girne Belediyesi \u00d6yk\u00fc Yar\u0131\u015fmas\u0131\u2019n\u0131n d\u00f6rd\u00fcnc\u00fcs\u00fc, \u201cHayat\u0131n i\u00e7inde, hayat\u0131n d\u0131\u015f\u0131nda\u201d engelli [&hellip;]<\/p>\n","protected":false},"author":10,"featured_media":11271,"comment_status":"open","ping_status":"closed","sticky":false,"template":"","format":"standard","meta":{"footnotes":""},"categories":[9],"tags":[],"class_list":["post-11270","post","type-post","status-publish","format-standard","has-post-thumbnail","hentry","category-uyelerimizin-haberleri"],"_links":{"self":[{"href":"https:\/\/ktbb.org\/v1\/wp-json\/wp\/v2\/posts\/11270","targetHints":{"allow":["GET"]}}],"collection":[{"href":"https:\/\/ktbb.org\/v1\/wp-json\/wp\/v2\/posts"}],"about":[{"href":"https:\/\/ktbb.org\/v1\/wp-json\/wp\/v2\/types\/post"}],"author":[{"embeddable":true,"href":"https:\/\/ktbb.org\/v1\/wp-json\/wp\/v2\/users\/10"}],"replies":[{"embeddable":true,"href":"https:\/\/ktbb.org\/v1\/wp-json\/wp\/v2\/comments?post=11270"}],"version-history":[{"count":1,"href":"https:\/\/ktbb.org\/v1\/wp-json\/wp\/v2\/posts\/11270\/revisions"}],"predecessor-version":[{"id":11272,"href":"https:\/\/ktbb.org\/v1\/wp-json\/wp\/v2\/posts\/11270\/revisions\/11272"}],"wp:featuredmedia":[{"embeddable":true,"href":"https:\/\/ktbb.org\/v1\/wp-json\/wp\/v2\/media\/11271"}],"wp:attachment":[{"href":"https:\/\/ktbb.org\/v1\/wp-json\/wp\/v2\/media?parent=11270"}],"wp:term":[{"taxonomy":"category","embeddable":true,"href":"https:\/\/ktbb.org\/v1\/wp-json\/wp\/v2\/categories?post=11270"},{"taxonomy":"post_tag","embeddable":true,"href":"https:\/\/ktbb.org\/v1\/wp-json\/wp\/v2\/tags?post=11270"}],"curies":[{"name":"wp","href":"https:\/\/api.w.org\/{rel}","templated":true}]}}