{"id":11276,"date":"2021-04-29T11:58:35","date_gmt":"2021-04-29T11:58:35","guid":{"rendered":"http:\/\/ktbb.org\/v1\/?p=11276"},"modified":"2021-04-29T11:58:35","modified_gmt":"2021-04-29T11:58:35","slug":"ltb-baskani-harmanci-evrensel-hasta-haklari-dernegini-ziyaret-etti","status":"publish","type":"post","link":"https:\/\/ktbb.org\/v1\/ltb-baskani-harmanci-evrensel-hasta-haklari-dernegini-ziyaret-etti\/","title":{"rendered":"LTB Ba\u015fkan\u0131 Harmanc\u0131, Evrensel Hasta Haklar\u0131 Derne\u011fi\u2019ni ziyaret etti"},"content":{"rendered":"<p>Lefko\u015fa T\u00fcrk Belediyesi (LTB) Ba\u015fkan\u0131 Mehmet Harmanc\u0131, Evrensel Hasta Haklar\u0131 Derne\u011fi\u2019(EHHD)ni ziyaret ederek derne\u011fin y\u00fcr\u00fctt\u00fc\u011f\u00fc \u201cHastan\u0131n Sesi II Projesi\u201d sorumlular\u0131 ile g\u00f6r\u00fc\u015ft\u00fc.<\/p>\n<p><strong>Ba\u015fkan Harmanc\u0131: \u201cEHHD ile ortakla\u015ft\u0131\u011f\u0131m\u0131z alanlarda birlikte \u00e7al\u0131\u015farak faydal\u0131 i\u015flere imza at\u0131yoruz\u201d<br \/>\n<\/strong>G\u00f6r\u00fc\u015fmede Evrensel Hasta Haklar\u0131 Derne\u011fi ile i\u015f birliklerinin toplumsal fayda olarak sonu\u00e7 verdi\u011fini belirten Mehmet Harmanc\u0131, bu konuda LTB ve dernek \u00e7al\u0131\u015fmalar\u0131n\u0131n daha da ileriye ta\u015f\u0131nmas\u0131 i\u00e7in \u00e7al\u0131\u015ft\u0131klar\u0131n\u0131 s\u00f6yledi.<\/p>\n<p><strong>\u00a0\u201cPandemi s\u00fcrecide yerel y\u00f6netimlerin \u00f6nemi bir kez daha ortaya \u00e7\u0131kt\u0131\u201d<br \/>\n<\/strong>Ulusal Sa\u011fl\u0131k Plan\u0131 olu\u015fturulmas\u0131 hakk\u0131nda da fikir al\u0131\u015fveri yap\u0131lan toplant\u0131da dernek yetkilileri Ba\u015fkan Harmanc\u0131\u2019ya bu konudaki d\u00fc\u015f\u00fcncelerini ve \u00f6n \u00e7al\u0131\u015fmalar\u0131n\u0131 anlatt\u0131lar. Pandemi s\u00fcrecinde Ulusal Sa\u011fl\u0131k Plan\u0131 ve Kuzey K\u0131br\u0131s i\u00e7in sa\u011fl\u0131k risk haritas\u0131n\u0131n bulunmamas\u0131n\u0131n genel sa\u011fl\u0131k hizmetlerinin planlanmas\u0131n\u0131 sekteye u\u011fratt\u0131\u011f\u0131, pandemi \u00f6zelinde ise insan hayat\u0131n\u0131 etkileyici sorunlar ortaya \u00e7\u0131kard\u0131\u011f\u0131n\u0131 g\u00f6zlemlediklerini ifade eden dernek yetkilileri bu s\u00fcre\u00e7te s\u00fcrecinde yerel y\u00f6netimlerin \u00f6neminin bir kez daha ortaya \u00e7\u0131kt\u0131\u011f\u0131n\u0131 belirttiler.<\/p>\n<p>Hasta haklar\u0131n\u0131 da kapsayan insan haklar\u0131 a\u00e7\u0131s\u0131ndan yerel y\u00f6netimlerin kapasitesinin \u00e7o\u011falt\u0131lmas\u0131n\u0131n elzem oldu\u011funun alt\u0131n\u0131 \u00e7izen yetkililer bu konuda en iyi uygulamay\u0131 yapan, en b\u00fcy\u00fck yerel y\u00f6netim olan LTB ile ortak pilot projelere imza at\u0131labilece\u011fini ve bu i\u015f birli\u011finin di\u011fer belediyelere de geni\u015flemesini arzu ettiklerini dile getirdiler.<\/p>\n<p><strong>\u201cUlusal Sa\u011fl\u0131k Plan\u0131 \u00e7\u0131kmas\u0131 durumunda belediyelerin rol\u00fcn\u00fcn nas\u0131l g\u00fc\u00e7lendirilece\u011fini konu\u015ftuk\u201d<\/strong><br \/>\nUlusal Sa\u011fl\u0131k Plan\u0131 \u00e7\u0131kmas\u0131 durumunda belediyelerin rol\u00fcn\u00fcn nas\u0131l g\u00fc\u00e7lendirilece\u011fi konusunda da g\u00f6r\u00fc\u015f al\u0131\u015fveri\u015fi yap\u0131lan toplant\u0131da LTB ile EHHD\u2019nin ortak vizyonu da ortaya konuldu.<\/p>\n<p>&nbsp;<\/p>\n<p>&nbsp;<\/p>\n","protected":false},"excerpt":{"rendered":"<p>Lefko\u015fa T\u00fcrk Belediyesi (LTB) Ba\u015fkan\u0131 Mehmet Harmanc\u0131, Evrensel Hasta Haklar\u0131 [&hellip;]<\/p>\n","protected":false},"author":10,"featured_media":11278,"comment_status":"open","ping_status":"closed","sticky":false,"template":"","format":"standard","meta":{"footnotes":""},"categories":[9],"tags":[],"class_list":["post-11276","post","type-post","status-publish","format-standard","has-post-thumbnail","hentry","category-uyelerimizin-haberleri"],"_links":{"self":[{"href":"https:\/\/ktbb.org\/v1\/wp-json\/wp\/v2\/posts\/11276","targetHints":{"allow":["GET"]}}],"collection":[{"href":"https:\/\/ktbb.org\/v1\/wp-json\/wp\/v2\/posts"}],"about":[{"href":"https:\/\/ktbb.org\/v1\/wp-json\/wp\/v2\/types\/post"}],"author":[{"embeddable":true,"href":"https:\/\/ktbb.org\/v1\/wp-json\/wp\/v2\/users\/10"}],"replies":[{"embeddable":true,"href":"https:\/\/ktbb.org\/v1\/wp-json\/wp\/v2\/comments?post=11276"}],"version-history":[{"count":1,"href":"https:\/\/ktbb.org\/v1\/wp-json\/wp\/v2\/posts\/11276\/revisions"}],"predecessor-version":[{"id":11279,"href":"https:\/\/ktbb.org\/v1\/wp-json\/wp\/v2\/posts\/11276\/revisions\/11279"}],"wp:featuredmedia":[{"embeddable":true,"href":"https:\/\/ktbb.org\/v1\/wp-json\/wp\/v2\/media\/11278"}],"wp:attachment":[{"href":"https:\/\/ktbb.org\/v1\/wp-json\/wp\/v2\/media?parent=11276"}],"wp:term":[{"taxonomy":"category","embeddable":true,"href":"https:\/\/ktbb.org\/v1\/wp-json\/wp\/v2\/categories?post=11276"},{"taxonomy":"post_tag","embeddable":true,"href":"https:\/\/ktbb.org\/v1\/wp-json\/wp\/v2\/tags?post=11276"}],"curies":[{"name":"wp","href":"https:\/\/api.w.org\/{rel}","templated":true}]}}