{"id":11277,"date":"2021-04-29T12:01:02","date_gmt":"2021-04-29T12:01:02","guid":{"rendered":"http:\/\/ktbb.org\/v1\/?p=11277"},"modified":"2021-04-29T12:01:02","modified_gmt":"2021-04-29T12:01:02","slug":"mehmet-pars-anisina-koruluga-fidan-dikimi-gerceklestirildi","status":"publish","type":"post","link":"https:\/\/ktbb.org\/v1\/mehmet-pars-anisina-koruluga-fidan-dikimi-gerceklestirildi\/","title":{"rendered":"Mehmet Pars an\u0131s\u0131na korulu\u011fa fidan dikimi ger\u00e7ekle\u015ftirildi"},"content":{"rendered":"<p><strong>Girne Belediyesi ve Girne Vatan Lions Kul\u00fcb\u00fc i\u015fbirli\u011finde Girne Bo\u011faz\u0131\u2019ndaki Mehmet Pars Korulu\u011funa fidan dikimi ger\u00e7ekle\u015ftirildi.<\/strong><\/p>\n<p><strong>\u00a0<\/strong><\/p>\n<p>Girne Belediyesi ve Girne Vatan Lions Kul\u00fcb\u00fc i\u015fbirli\u011finde Girne Bo\u011faz\u0131\u2019ndaki Mehmet Pars Korulu\u011funa fidan dikimi ger\u00e7ekle\u015ftirildi. Etkinli\u011fe Girne Belediye Ba\u015fkan\u0131 Nidai G\u00fcng\u00f6rd\u00fc, merhum Mehmet Pars\u2019\u0131n e\u015fi Nurper Pars, o\u011flu Kemal Pars ve Girne Vatan Lions Kul\u00fcb\u00fc Y\u00f6netim Kurulu \u00dcyeleri kat\u0131ld\u0131.<\/p>\n<p>&nbsp;<\/p>\n<p>Etkinlikte konu\u015fan Girne Belediye Ba\u015fkan\u0131 Nidai G\u00fcng\u00f6rd\u00fc, hayat\u0131n\u0131n her d\u00f6neminde kendini topluma adam\u0131\u015f; gerek sporculu\u011fu, gerekse de spor camias\u0131ndaki y\u00f6neticili\u011fi ve de siyasi ki\u015fili\u011fiyle toplumun \u00f6nde gelen simalar\u0131ndan biri olan merhum Mehmet Pars an\u0131s\u0131na korulu\u011fa fidan dikmekten duydu\u011fu mutlulu\u011fu dile getirdi.<\/p>\n<p>&nbsp;<\/p>\n<p>G\u00fcng\u00f6rd\u00fc, merhum Mehmet Pars i\u00e7in olu\u015fturulan korulukta, an\u0131s\u0131n\u0131 ya\u015fatmak i\u00e7in fidan diktiklerini belirterek, her y\u0131l d\u00fczenledikleri etkinlikte fidanlar\u0131n b\u00fcy\u00fcy\u00fcp ye\u015ferdi\u011fini g\u00f6rmenin mutluluk verici oldu\u011funu s\u00f6yledi.<\/p>\n<p>Babas\u0131 ad\u0131na olu\u015fturulan hat\u0131ra orman\u0131 ad\u0131na te\u015fekk\u00fcr eden Kemal Pars, \u201cB\u00f6yle g\u00fczel bir g\u00fcnde burada bulunan herkese g\u00f6n\u00fclden te\u015fekk\u00fcr ediyorum. Babam\u0131n an\u0131s\u0131na yap\u0131lan bu korulu\u011fu ya\u015fatmak i\u00e7in elimizden gelen b\u00fct\u00fcn \u00e7abay\u0131 g\u00f6sterece\u011fiz. Herkese \u00e7ok te\u015fekk\u00fcr ediyorum\u201d diye konu\u015ftu.<\/p>\n<p>&nbsp;<\/p>\n<p>Konu\u015fmalar\u0131n ard\u0131ndan korulu\u011fa fidanlar dikildi.<\/p>\n<p>&nbsp;<\/p>\n","protected":false},"excerpt":{"rendered":"<p>Girne Belediyesi ve Girne Vatan Lions Kul\u00fcb\u00fc i\u015fbirli\u011finde Girne Bo\u011faz\u0131\u2019ndaki [&hellip;]<\/p>\n","protected":false},"author":10,"featured_media":11280,"comment_status":"open","ping_status":"closed","sticky":false,"template":"","format":"standard","meta":{"footnotes":""},"categories":[9],"tags":[],"class_list":["post-11277","post","type-post","status-publish","format-standard","has-post-thumbnail","hentry","category-uyelerimizin-haberleri"],"_links":{"self":[{"href":"https:\/\/ktbb.org\/v1\/wp-json\/wp\/v2\/posts\/11277","targetHints":{"allow":["GET"]}}],"collection":[{"href":"https:\/\/ktbb.org\/v1\/wp-json\/wp\/v2\/posts"}],"about":[{"href":"https:\/\/ktbb.org\/v1\/wp-json\/wp\/v2\/types\/post"}],"author":[{"embeddable":true,"href":"https:\/\/ktbb.org\/v1\/wp-json\/wp\/v2\/users\/10"}],"replies":[{"embeddable":true,"href":"https:\/\/ktbb.org\/v1\/wp-json\/wp\/v2\/comments?post=11277"}],"version-history":[{"count":1,"href":"https:\/\/ktbb.org\/v1\/wp-json\/wp\/v2\/posts\/11277\/revisions"}],"predecessor-version":[{"id":11281,"href":"https:\/\/ktbb.org\/v1\/wp-json\/wp\/v2\/posts\/11277\/revisions\/11281"}],"wp:featuredmedia":[{"embeddable":true,"href":"https:\/\/ktbb.org\/v1\/wp-json\/wp\/v2\/media\/11280"}],"wp:attachment":[{"href":"https:\/\/ktbb.org\/v1\/wp-json\/wp\/v2\/media?parent=11277"}],"wp:term":[{"taxonomy":"category","embeddable":true,"href":"https:\/\/ktbb.org\/v1\/wp-json\/wp\/v2\/categories?post=11277"},{"taxonomy":"post_tag","embeddable":true,"href":"https:\/\/ktbb.org\/v1\/wp-json\/wp\/v2\/tags?post=11277"}],"curies":[{"name":"wp","href":"https:\/\/api.w.org\/{rel}","templated":true}]}}