{"id":11282,"date":"2021-04-30T06:30:09","date_gmt":"2021-04-30T06:30:09","guid":{"rendered":"http:\/\/ktbb.org\/v1\/?p=11282"},"modified":"2021-04-30T06:30:09","modified_gmt":"2021-04-30T06:30:09","slug":"gonyelide-hizli-testler-basliyor","status":"publish","type":"post","link":"https:\/\/ktbb.org\/v1\/gonyelide-hizli-testler-basliyor\/","title":{"rendered":"G\u00f6nyeli&#8217;de &#8216;h\u0131zl\u0131 testler&#8217; ba\u015fl\u0131yor"},"content":{"rendered":"<p>G\u00f6nyeli Belediyesi ile Sa\u011fl\u0131k Bakanl\u0131\u011f\u0131 i\u015fbirli\u011fi ile Antijen (H\u0131zl\u0131) Testlerinin uygulamas\u0131 03 May\u0131s 2021&#8217;de ba\u015fl\u0131yor. Pazartesi, \u00c7ar\u015famba ve Cuma g\u00fcnleri 09.00 &#8211; 12.00 saatleri aras\u0131nda G\u00f6nyeli Sosyal Aktiviteler Merkezi (SAM) binas\u0131nda antijen testleri yap\u0131lacak.<\/p>\n<p>&nbsp;<\/p>\n<p>Sa\u011fl\u0131k Bakanl\u0131\u011f\u0131 i\u015fbirli\u011fi ile \u00f6zel e\u011fitim alm\u0131\u015f G\u00f6nyeli Belediyesi Sa\u011fl\u0131k \u015eubesi uzmanlar\u0131 taraf\u0131ndan yap\u0131lacak h\u0131zl\u0131 testler, G\u00f6nyeli esnaf\u0131 ve \u00f6zel sekt\u00f6r \u00e7al\u0131\u015fanlar\u0131na a\u00e7\u0131k olacak. Pandemiyi kontrol alt\u0131na alman\u0131n en \u00f6nemli y\u00f6ntemi olarak g\u00f6sterilen h\u0131zl\u0131 test kitleri ile daha \u00e7ok ki\u015fiye ve daha k\u0131sa s\u00fcrede ula\u015f\u0131lmas\u0131 ayr\u0131ca daha erken sonu\u00e7 al\u0131nmas\u0131 hedefleniyor.<\/p>\n<p>&nbsp;<\/p>\n<p>Sa\u011fl\u0131k Bakanl\u0131\u011f\u0131 i\u015f birli\u011fi ile a\u015f\u0131lama yapan G\u00f6nyeli Belediyesi, h\u0131zl\u0131 testlerle de pandemi s\u00fcrecindeki hizmetlerini geni\u015fletiyor. G\u00f6nyeli Belediyesi salg\u0131n d\u00f6neminde ayr\u0131ca etkin denetim, hijyen, g\u0131da deste\u011fi ve e\u011fitim \u00e7al\u0131\u015fmalar\u0131n\u0131 da aral\u0131ks\u0131z s\u00fcrd\u00fcr\u00fcyor.<\/p>\n<p>&nbsp;<\/p>\n<p>G\u00f6nyeli Belediyesinden yap\u0131lan a\u00e7\u0131klamada, G\u00f6nyeli Belediyesi personelinin e\u011fitiminde eme\u011fi ge\u00e7en Sa\u011fl\u0131k Bakanl\u0131\u011f\u0131 uzman e\u011fitmeni Filiz Uzun\u2019a te\u015fekk\u00fcr edildi.<\/p>\n","protected":false},"excerpt":{"rendered":"<p>G\u00f6nyeli Belediyesi ile Sa\u011fl\u0131k Bakanl\u0131\u011f\u0131 i\u015fbirli\u011fi ile Antijen (H\u0131zl\u0131) Testlerinin [&hellip;]<\/p>\n","protected":false},"author":10,"featured_media":11283,"comment_status":"open","ping_status":"closed","sticky":false,"template":"","format":"standard","meta":{"footnotes":""},"categories":[9],"tags":[],"class_list":["post-11282","post","type-post","status-publish","format-standard","has-post-thumbnail","hentry","category-uyelerimizin-haberleri"],"_links":{"self":[{"href":"https:\/\/ktbb.org\/v1\/wp-json\/wp\/v2\/posts\/11282","targetHints":{"allow":["GET"]}}],"collection":[{"href":"https:\/\/ktbb.org\/v1\/wp-json\/wp\/v2\/posts"}],"about":[{"href":"https:\/\/ktbb.org\/v1\/wp-json\/wp\/v2\/types\/post"}],"author":[{"embeddable":true,"href":"https:\/\/ktbb.org\/v1\/wp-json\/wp\/v2\/users\/10"}],"replies":[{"embeddable":true,"href":"https:\/\/ktbb.org\/v1\/wp-json\/wp\/v2\/comments?post=11282"}],"version-history":[{"count":1,"href":"https:\/\/ktbb.org\/v1\/wp-json\/wp\/v2\/posts\/11282\/revisions"}],"predecessor-version":[{"id":11284,"href":"https:\/\/ktbb.org\/v1\/wp-json\/wp\/v2\/posts\/11282\/revisions\/11284"}],"wp:featuredmedia":[{"embeddable":true,"href":"https:\/\/ktbb.org\/v1\/wp-json\/wp\/v2\/media\/11283"}],"wp:attachment":[{"href":"https:\/\/ktbb.org\/v1\/wp-json\/wp\/v2\/media?parent=11282"}],"wp:term":[{"taxonomy":"category","embeddable":true,"href":"https:\/\/ktbb.org\/v1\/wp-json\/wp\/v2\/categories?post=11282"},{"taxonomy":"post_tag","embeddable":true,"href":"https:\/\/ktbb.org\/v1\/wp-json\/wp\/v2\/tags?post=11282"}],"curies":[{"name":"wp","href":"https:\/\/api.w.org\/{rel}","templated":true}]}}