{"id":11288,"date":"2021-04-30T08:25:16","date_gmt":"2021-04-30T08:25:16","guid":{"rendered":"http:\/\/ktbb.org\/v1\/?p=11288"},"modified":"2021-04-30T08:25:16","modified_gmt":"2021-04-30T08:25:16","slug":"degirmenlik-belediyesi-antijen-testi-uygulamasina-basliyor","status":"publish","type":"post","link":"https:\/\/ktbb.org\/v1\/degirmenlik-belediyesi-antijen-testi-uygulamasina-basliyor\/","title":{"rendered":"De\u011firmenlik Belediyesi antijen testi uygulamas\u0131na ba\u015fl\u0131yor"},"content":{"rendered":"<p><strong>DE\u011e\u0130RMENL\u0130K BELED\u0130YES\u0130 <\/strong><strong>ANT\u0130JEN TEST\u0130 <\/strong><strong>\u0130LE <\/strong><strong>COV\u0130D 19\u2019A RA\u011eMEN, H\u0130ZMET KAL\u0130TES\u0130N\u0130 ARTTIRIYOR!<\/strong><\/p>\n<p>De\u011firmenlik Belediyesi G\u00fcnd\u00fcz Bak\u0131m Merkezi Sorumlusu, Y\u00fcksek Hem\u015fire Laden Serinsu Konu\u015fur, kendi sa\u011fl\u0131k ekibi ile birlikte b\u00f6lgemizde yeni bir ilke imza at\u0131yor. \u00a0De\u011firmenlik Belediyesi, bug\u00fcne kadar Covid 19 s\u00fcresince d\u0131\u015ftan hizmet alarak ger\u00e7ekle\u015ftirdi\u011fi PCR testi uygulamas\u0131n\u0131, kendi personeli b\u00fcnyesinde olu\u015fturdu\u011fu sa\u011fl\u0131k ekipleri ile <strong>ANT\u0130JEN TEST\u0130 <\/strong>uygulamas\u0131na ba\u015fl\u0131yor.<\/p>\n<p>G\u00fcnd\u00fcz Bak\u0131m Merkezi Sorumlusu, Y\u00fcksek Hem\u015fire Laden Serinsu Konu\u015fur\u2019un, Sa\u011fl\u0131k Bakanl\u0131\u011f\u0131\u2019n\u0131n deste\u011fiyle olu\u015fturdu\u011fu e\u011fitimli ekibi, bundan b\u00f6yle De\u011firmenlik Belediyesi b\u00fcnyesinde <strong>ANT\u0130JEN TEST\u0130<\/strong> yapacak. <strong>ANT\u0130JEN TEST\u0130<\/strong>, bug\u00fcne dek uygulanan ve 24 saat i\u00e7erisinde sonu\u00e7 veren PCR\u2019dan farkl\u0131 olarak, k\u0131sa s\u00fcrede (20 dk) sonuca ula\u015fmay\u0131 sa\u011fl\u0131yor. Bu testin amac\u0131, bula\u015ft\u0131r\u0131c\u0131l\u0131\u011f\u0131 erken tespit edip \u00f6nlemek.<\/p>\n<p><strong>ANT\u0130JEN TEST\u0130<\/strong> uygulamas\u0131; 4 May\u0131s Sal\u0131 g\u00fcn\u00fc, Meri\u00e7\u2019te bulunan G\u00fcnd\u00fcz Bak\u0131m Merkezi\u2019nde, \u00a0Y\u00fcksek Hem\u015fire Laden Serinsu Konu\u015fur ve ekibi taraf\u0131ndan, saat 09:00 \u2013 12:00 saatleri aras\u0131nda uygulanmaya ba\u015flanacak.<\/p>\n<p>Testler ayr\u0131ca; 6 May\u0131s Per\u015fembe g\u00fcn\u00fc de yine; saat 09:00 \u2013 12:00 saatleri ve 13:00 \u2013 16:00 saatleri aras\u0131nda De\u011firmenlik\u2019te bulunan \u00d6zle T\u00fcrkel Sosyal Aktivite Merkezi\u2019nde yap\u0131lacak.<\/p>\n<p>De\u011firmenlik Belediye Ba\u015fkan\u0131 Ali Karavezirler, Sa\u011fl\u0131k Bakanl\u0131\u011f\u0131 ve t\u00fcm ekibine, ayr\u0131ca De\u011firmenlik Belediyesi personeline \u00f6zverili \u00e7al\u0131\u015fmalar\u0131ndan dolay\u0131 te\u015fekk\u00fcr etti.<\/p>\n<p><strong>ANT\u0130JEN TEST\u0130N\u0130 BAKANLAR KURULU KARARI \u0130LE \u0130LK ETAPTA YAPTIRACAK MESLEK GRUPLARI \u015eUNLARDIR:<\/strong><\/p>\n<p>Restoran \/ Kafe \/ Pastane \/ Bar \u00e7al\u0131\u015fanlar\u0131<\/p>\n<p>Meyhane \u00e7al\u0131\u015fanlar\u0131<\/p>\n<p>K\u0131raathane \/ Kahvehane \/ Kafeterya \/ Lokal \u00e7al\u0131\u015fanlar\u0131<\/p>\n<p>Bet Ofis \u00e7al\u0131\u015fanlar\u0131<\/p>\n<p>Berber \/ Kuaf\u00f6r \/ D\u00f6vme \/ G\u00fczellik Salonu \u00e7al\u0131\u015fanlar\u0131<\/p>\n<p>12\u2019nci s\u0131n\u0131f \u00f6\u011fretmenleri \/ Kre\u015f \u00f6\u011fretmenleri<\/p>\n","protected":false},"excerpt":{"rendered":"<p>DE\u011e\u0130RMENL\u0130K BELED\u0130YES\u0130 ANT\u0130JEN TEST\u0130 \u0130LE COV\u0130D 19\u2019A RA\u011eMEN, H\u0130ZMET KAL\u0130TES\u0130N\u0130 [&hellip;]<\/p>\n","protected":false},"author":10,"featured_media":11289,"comment_status":"open","ping_status":"closed","sticky":false,"template":"","format":"standard","meta":{"footnotes":""},"categories":[9],"tags":[],"class_list":["post-11288","post","type-post","status-publish","format-standard","has-post-thumbnail","hentry","category-uyelerimizin-haberleri"],"_links":{"self":[{"href":"https:\/\/ktbb.org\/v1\/wp-json\/wp\/v2\/posts\/11288","targetHints":{"allow":["GET"]}}],"collection":[{"href":"https:\/\/ktbb.org\/v1\/wp-json\/wp\/v2\/posts"}],"about":[{"href":"https:\/\/ktbb.org\/v1\/wp-json\/wp\/v2\/types\/post"}],"author":[{"embeddable":true,"href":"https:\/\/ktbb.org\/v1\/wp-json\/wp\/v2\/users\/10"}],"replies":[{"embeddable":true,"href":"https:\/\/ktbb.org\/v1\/wp-json\/wp\/v2\/comments?post=11288"}],"version-history":[{"count":1,"href":"https:\/\/ktbb.org\/v1\/wp-json\/wp\/v2\/posts\/11288\/revisions"}],"predecessor-version":[{"id":11290,"href":"https:\/\/ktbb.org\/v1\/wp-json\/wp\/v2\/posts\/11288\/revisions\/11290"}],"wp:featuredmedia":[{"embeddable":true,"href":"https:\/\/ktbb.org\/v1\/wp-json\/wp\/v2\/media\/11289"}],"wp:attachment":[{"href":"https:\/\/ktbb.org\/v1\/wp-json\/wp\/v2\/media?parent=11288"}],"wp:term":[{"taxonomy":"category","embeddable":true,"href":"https:\/\/ktbb.org\/v1\/wp-json\/wp\/v2\/categories?post=11288"},{"taxonomy":"post_tag","embeddable":true,"href":"https:\/\/ktbb.org\/v1\/wp-json\/wp\/v2\/tags?post=11288"}],"curies":[{"name":"wp","href":"https:\/\/api.w.org\/{rel}","templated":true}]}}