{"id":11292,"date":"2021-04-30T09:36:01","date_gmt":"2021-04-30T09:36:01","guid":{"rendered":"http:\/\/ktbb.org\/v1\/?p=11292"},"modified":"2021-04-30T09:36:01","modified_gmt":"2021-04-30T09:36:01","slug":"mahmut-ozcinar-1-mayis-isci-bayramini-kutladi","status":"publish","type":"post","link":"https:\/\/ktbb.org\/v1\/mahmut-ozcinar-1-mayis-isci-bayramini-kutladi\/","title":{"rendered":"Mahmut \u00d6z\u00e7\u0131nar, 1 May\u0131s \u0130\u015f\u00e7i Bayram\u0131&#8217;n\u0131 kutlad\u0131"},"content":{"rendered":"<p>K. T. Belediyeler Birli\u011fi ve G\u00fczelyurt Belediye Ba\u015fkan\u0131 Mahmut \u00d6z\u00e7\u0131nar, 1 May\u0131s \u0130\u015f\u00e7i Bayram\u0131 dolay\u0131s\u0131yla bir mesaj yay\u0131mlad\u0131.<\/p>\n<p>\u00d6z\u00e7\u0131nar&#8217;\u0131n mesaj\u0131 \u015f\u00f6yle:<\/p>\n<p>&nbsp;<\/p>\n<p>1 May\u0131s \u0130\u015f\u00e7i Bayram\u0131, birlik, m\u00fccadele ve dayan\u0131\u015fma g\u00fcn\u00fc olarak t\u00fcm d\u00fcnyada i\u015f\u00e7ilerin hak aray\u0131\u015flar\u0131n\u0131n simgesi ve eme\u011fin bayram\u0131 olarak kutlan\u0131yor.<\/p>\n<p>\u0130\u015f\u00e7i ve emek\u00e7ilerin dayan\u0131\u015fma g\u00fcn\u00fc olan bu \u00f6zel g\u00fcnde haks\u0131zl\u0131k, e\u015fitsizlik, adaletsizliklerin olmad\u0131\u011f\u0131, eme\u011fin s\u00f6m\u00fcr\u00fclmedi\u011fi, ayd\u0131nl\u0131k, yar\u0131nlar i\u00e7in m\u00fccadele veriliyor.<\/p>\n<p>1 May\u0131s \u0130\u015f\u00e7i Bayram\u0131, ge\u00e7ti\u011fimiz y\u0131l oldu\u011fu gibi bu y\u0131l da t\u00fcm d\u00fcnyay\u0131 etkisi alt\u0131na alan Covid-19 salg\u0131n\u0131n g\u00f6lgesinde kutlan\u0131yor.<\/p>\n<p>Belediye emek\u00e7ilerimiz, bu zorlu s\u00fcre\u00e7te de g\u00f6revlerini en \u00f6n saflarda ve en iyi \u015fekilde y\u00fcr\u00fctmektedir. Kendilerine emeklerinden dolay\u0131 bir kez daha te\u015fekk\u00fcr etmek isterim.<\/p>\n<p>Ya\u015fanan bu zorlu s\u00fcre\u00e7 bir kez daha, eme\u011fin en y\u00fcce de\u011fer oldu\u011funu g\u00f6stermektedir.<\/p>\n<p>\u00c7al\u0131\u015fan haklar\u0131n\u0131n korunmas\u0131 motivasyon ve dolay\u0131s\u0131yla verimlili\u011fi de art\u0131rmakta b\u00fcy\u00fck \u00f6nem arz etmektedir.<\/p>\n<p>Bu vesileyle ba\u015fta halk\u0131m\u0131za en iyi hizmet i\u00e7in emek veren belediye \u00e7al\u0131\u015fanlar\u0131 olmak \u00fczere, \u00fclkemizdeki ve t\u00fcm d\u00fcnyadaki i\u015f\u00e7i ve emek\u00e7ilerin 1 May\u0131s \u0130\u015f\u00e7i Bayram\u0131n\u0131 kutlar\u0131m.<\/p>\n<p>&nbsp;<\/p>\n<p>&nbsp;<\/p>\n","protected":false},"excerpt":{"rendered":"<p>K. T. Belediyeler Birli\u011fi ve G\u00fczelyurt Belediye Ba\u015fkan\u0131 Mahmut \u00d6z\u00e7\u0131nar, [&hellip;]<\/p>\n","protected":false},"author":10,"featured_media":6817,"comment_status":"open","ping_status":"closed","sticky":false,"template":"","format":"standard","meta":{"footnotes":""},"categories":[1],"tags":[],"class_list":["post-11292","post","type-post","status-publish","format-standard","has-post-thumbnail","hentry","category-birlikten-haberler"],"_links":{"self":[{"href":"https:\/\/ktbb.org\/v1\/wp-json\/wp\/v2\/posts\/11292","targetHints":{"allow":["GET"]}}],"collection":[{"href":"https:\/\/ktbb.org\/v1\/wp-json\/wp\/v2\/posts"}],"about":[{"href":"https:\/\/ktbb.org\/v1\/wp-json\/wp\/v2\/types\/post"}],"author":[{"embeddable":true,"href":"https:\/\/ktbb.org\/v1\/wp-json\/wp\/v2\/users\/10"}],"replies":[{"embeddable":true,"href":"https:\/\/ktbb.org\/v1\/wp-json\/wp\/v2\/comments?post=11292"}],"version-history":[{"count":1,"href":"https:\/\/ktbb.org\/v1\/wp-json\/wp\/v2\/posts\/11292\/revisions"}],"predecessor-version":[{"id":11293,"href":"https:\/\/ktbb.org\/v1\/wp-json\/wp\/v2\/posts\/11292\/revisions\/11293"}],"wp:featuredmedia":[{"embeddable":true,"href":"https:\/\/ktbb.org\/v1\/wp-json\/wp\/v2\/media\/6817"}],"wp:attachment":[{"href":"https:\/\/ktbb.org\/v1\/wp-json\/wp\/v2\/media?parent=11292"}],"wp:term":[{"taxonomy":"category","embeddable":true,"href":"https:\/\/ktbb.org\/v1\/wp-json\/wp\/v2\/categories?post=11292"},{"taxonomy":"post_tag","embeddable":true,"href":"https:\/\/ktbb.org\/v1\/wp-json\/wp\/v2\/tags?post=11292"}],"curies":[{"name":"wp","href":"https:\/\/api.w.org\/{rel}","templated":true}]}}