{"id":11304,"date":"2021-05-03T06:01:57","date_gmt":"2021-05-03T06:01:57","guid":{"rendered":"http:\/\/ktbb.org\/v1\/?p=11304"},"modified":"2021-05-03T06:01:57","modified_gmt":"2021-05-03T06:01:57","slug":"gonyelide-kapsamli-bakim-ve-temizlik-zamani","status":"publish","type":"post","link":"https:\/\/ktbb.org\/v1\/gonyelide-kapsamli-bakim-ve-temizlik-zamani\/","title":{"rendered":"G\u00f6nyeli\u2019de \u2018kapsaml\u0131  bak\u0131m ve temizlik\u2019 zaman\u0131"},"content":{"rendered":"<p><em>***G\u00f6nyeli kenti her y\u0131l oldu\u011fu gibi yine kapsaml\u0131 bak\u0131mdan ge\u00e7ecek, 3 May\u0131s-10 A\u011fustos tarihleri aras\u0131nda merkezinden en uzak ara soka\u011f\u0131na kadar temizlenecek.<\/p>\n<p><\/em><\/p>\n<p><strong><em>***\u201cTemiz Y\u00f6netim, Temiz Kent ilkemiz hi\u00e7bir zaman de\u011fi\u015fmemi\u015ftir\u201d <\/em><\/strong><em>diyen Benli, t\u00fcm yurtta\u015flardan \u00f6zellikle pandemi d\u00f6neminde temizli\u011fin korunmas\u0131 y\u00f6n\u00fcnde i\u015f birli\u011fi istedi.<strong>\u00a0<\/strong><\/em><\/p>\n<p><strong>\u00a0<\/strong><\/p>\n<p>G\u00f6nyeli Belediyesi, kentin kapsaml\u0131 temizlik ve bak\u0131m\u0131 i\u00e7in kollar\u0131 s\u0131vad\u0131. 3 May\u0131s pazartesi g\u00fcn\u00fc ba\u015flayacak olan temizlik kampanyas\u0131n\u0131n 10 A\u011fustos tarihine kadar\u00a0s\u00fcrmesi planlan\u0131yor.<\/p>\n<p>G\u00f6nyeli Belediye Ba\u015fkan\u0131 Ahmet Y. Benli, pandemi s\u00fcrecinde hijyen ve temizli\u011fin \u00e7ok daha \u00f6nem kazand\u0131\u011f\u0131n\u0131 s\u00f6yleyerek, her y\u0131l oldu\u011fu gibi kenti kapsaml\u0131 bir bak\u0131mdan ge\u00e7ireceklerini, tam bir seferberlik anlay\u0131\u015f\u0131 i\u00e7erisinde \u00fclkenin en temiz kenti \u00f6zelliklerini koruyacaklar\u0131n\u0131 belirtti.<\/p>\n<p>G\u00f6nyeli kenti her y\u0131l oldu\u011fu gibi yine kapsaml\u0131 bak\u0131mdan ge\u00e7ecek, 4 ay boyunca merkezinden en uzak ara soka\u011f\u0131na kadar temizlenecek.<\/p>\n<p>&nbsp;<\/p>\n<p>G\u00f6nyeli kenti harita \u00fczerinde 3 b\u00f6lgeye ayr\u0131l\u0131rken, y\u00fcz\u00f6l\u00e7\u00fcm\u00fc olarak %40\u2019\u0131na tekab\u00fcl eden b\u00f6lgenin bak\u0131m\u0131n\u0131 G\u00f6nyeli Belediyesi\u2019nin kendi temizlik ekibi yapacak.<\/p>\n<p>Di\u011fer 2 b\u00f6lgeyi ise \u00e7\u0131k\u0131lan ihale sonucunda Hassa Temizlik \u015firketi ile Osman&amp;Ahmet Dozer i\u015fletmeleri kapsaml\u0131 bak\u0131mdan ge\u00e7irecek.<\/p>\n<p>Temizlik kampanyas\u0131na belediye ve ihaleye kat\u0131lan\u00a0i\u015fletmelerden 65 Temizlik personeli,5 Dozer, 3 Trakt\u00f6r, 4 Damperli kamyon,3 \u00c7ekirge tipi kamyon,2 S\u00fcp\u00fcrge arac\u0131, 1 \u00c7\u00f6p konteyneri y\u0131kama arac\u0131 kat\u0131lacak<\/p>\n<p><strong><br \/>\n\u201cTemiz y\u00f6netim, temiz kent\u201d<br \/>\n<\/strong><br \/>\n<strong>G\u00f6nyeli Belediye Ba\u015fkan\u0131 Ahmet Y. Benli, bu y\u0131l da kapsaml\u0131 temizlik kampanyas\u0131 ile fark yaratmak istediklerine dikkat \u00e7ekerek, kenti bir u\u00e7tan bir uca bak\u0131mdan ge\u00e7ireceklerini s\u00f6yledi.<\/p>\n<p>\u201cTemiz Y\u00f6netim, Temiz Kent ilkemiz hi\u00e7bir zaman de\u011fi\u015fmemi\u015ftir\u201d <\/strong>diyen Benli, t\u00fcm yurtta\u015flardan \u00f6zellikle pandemi d\u00f6neminde temizli\u011fin korunmas\u0131 y\u00f6n\u00fcnde i\u015f birli\u011fi istedi.<\/p>\n<p>Ba\u015fkan Ahmet Benli, <strong>\u201cG\u00f6nyeli\u2019nin y\u00fcksek standartlar\u0131na sahip \u00e7\u0131kal\u0131m, ka\u00e7ak yap\u0131la\u015fmaya s\u0131rt d\u00f6nelim, belediyemizi uyaral\u0131m, ya\u015fam kalitemizi koruyal\u0131m<\/strong>\u201d diye konu\u015ftu.<\/p>\n<p>&nbsp;<\/p>\n<p>Benli, salg\u0131n s\u00fcrecine y\u00f6nelik iyi bir organizasyon y\u00fcr\u00fctt\u00fcklerini de an\u0131msatarak, <strong>\u201cD\u00fcnya Sa\u011fl\u0131k \u00d6rg\u00fct\u00fc ve yerel otoritelerin belirledi\u011fi standartlarda hem denetimlerimizi hem de e\u011fitim \u00e7al\u0131\u015fmalar\u0131m\u0131z\u0131 s\u00fcrd\u00fcr\u00fcyoruz. Tabipler Birli\u011fi uzmanlar\u0131 yan\u0131 s\u0131ra b\u00f6lgemizdeki hastane y\u00f6neticileri ile de toplant\u0131lar yaparak, en az riskle insanlar\u0131m\u0131zla ula\u015f\u0131yor, gere\u011fini yap\u0131yoruz. H\u0131zl\u0131 antijen testleri de haftan\u0131n \u00fc\u00e7 g\u00fcn\u00fc hizmete koyduk. Denetimlerimiz yan\u0131 s\u0131ra temizlik ve kapsaml\u0131 bak\u0131m kampanyam\u0131z\u0131 da bu hassasiyetle s\u00fcrd\u00fcrece\u011fiz. G\u00f6nyeli\u2019deki insan\u0131m\u0131z l\u00fctfen her zaman tedbirli olsun, bir ihtiyac\u0131 oldu\u011fu zaman belediyesine ba\u015fvurmay\u0131 ihmal etmesin. Bizler, hizmet i\u00e7in var\u0131z.\u201d<\/strong> dedi.<\/p>\n<p>T\u00fcm sokaklar\u0131 rutin olarak y\u0131l boyunca temizlenen G\u00f6nyeli kentinde, evsel at\u0131klar d\u00fczenli toplan\u0131yor, \u00e7\u00f6p konteynerleri y\u0131kan\u0131yor. G\u00f6nyeli kenti merkezinden en uzak ara soka\u011f\u0131na kadar y\u0131ll\u0131k genel bak\u0131mdan ge\u00e7iriliyor.<\/p>\n<p>&nbsp;<\/p>\n","protected":false},"excerpt":{"rendered":"<p>***G\u00f6nyeli kenti her y\u0131l oldu\u011fu gibi yine kapsaml\u0131 bak\u0131mdan ge\u00e7ecek, [&hellip;]<\/p>\n","protected":false},"author":10,"featured_media":11306,"comment_status":"open","ping_status":"closed","sticky":false,"template":"","format":"standard","meta":{"footnotes":""},"categories":[9],"tags":[],"class_list":["post-11304","post","type-post","status-publish","format-standard","has-post-thumbnail","hentry","category-uyelerimizin-haberleri"],"_links":{"self":[{"href":"https:\/\/ktbb.org\/v1\/wp-json\/wp\/v2\/posts\/11304","targetHints":{"allow":["GET"]}}],"collection":[{"href":"https:\/\/ktbb.org\/v1\/wp-json\/wp\/v2\/posts"}],"about":[{"href":"https:\/\/ktbb.org\/v1\/wp-json\/wp\/v2\/types\/post"}],"author":[{"embeddable":true,"href":"https:\/\/ktbb.org\/v1\/wp-json\/wp\/v2\/users\/10"}],"replies":[{"embeddable":true,"href":"https:\/\/ktbb.org\/v1\/wp-json\/wp\/v2\/comments?post=11304"}],"version-history":[{"count":1,"href":"https:\/\/ktbb.org\/v1\/wp-json\/wp\/v2\/posts\/11304\/revisions"}],"predecessor-version":[{"id":11308,"href":"https:\/\/ktbb.org\/v1\/wp-json\/wp\/v2\/posts\/11304\/revisions\/11308"}],"wp:featuredmedia":[{"embeddable":true,"href":"https:\/\/ktbb.org\/v1\/wp-json\/wp\/v2\/media\/11306"}],"wp:attachment":[{"href":"https:\/\/ktbb.org\/v1\/wp-json\/wp\/v2\/media?parent=11304"}],"wp:term":[{"taxonomy":"category","embeddable":true,"href":"https:\/\/ktbb.org\/v1\/wp-json\/wp\/v2\/categories?post=11304"},{"taxonomy":"post_tag","embeddable":true,"href":"https:\/\/ktbb.org\/v1\/wp-json\/wp\/v2\/tags?post=11304"}],"curies":[{"name":"wp","href":"https:\/\/api.w.org\/{rel}","templated":true}]}}