{"id":11324,"date":"2021-05-04T05:46:45","date_gmt":"2021-05-04T05:46:45","guid":{"rendered":"http:\/\/ktbb.org\/v1\/?p=11324"},"modified":"2021-05-04T05:46:45","modified_gmt":"2021-05-04T05:46:45","slug":"hedef-yaslilarimizin-yasam-kalitesini-artirmak","status":"publish","type":"post","link":"https:\/\/ktbb.org\/v1\/hedef-yaslilarimizin-yasam-kalitesini-artirmak\/","title":{"rendered":"Hedef ya\u015fl\u0131lar\u0131m\u0131z\u0131n ya\u015fam kalitesini art\u0131rmak"},"content":{"rendered":"<p>Kuruldu\u011fu ilk g\u00fcnden bu yana \u0130skele ve k\u00f6ylerindeki 65 ya\u015f ve \u00fcst\u00fc ile \u00f6zel gereksinimli vatanda\u015flar ve sosyal yard\u0131m maa\u015f\u0131 alanlara \u00fccretsiz hizmet sunan \u0130skele Belediyesi Sa\u011fl\u0131k Birimi, hizmet yelpazesini her ge\u00e7en g\u00fcn geni\u015fliyor. Son aylarda, risk te\u015fkil etti\u011fi ve PCR Testlerini yapt\u0131klar\u0131 i\u00e7in evlere hizmet g\u00f6t\u00fcremeyen \u0130skele Belediyesi Sa\u011fl\u0131k Birimi, bundan b\u00f6yle 1 y\u0131l s\u00fcreyle, ya\u015fl\u0131lar\u0131n bak\u0131m\u0131, haklar\u0131, bak\u0131c\u0131lar\u0131n ve ya\u015fl\u0131lar\u0131n ailelerinin e\u011fitimine de katk\u0131 koyacak.<\/p>\n<p>&nbsp;<\/p>\n<p><strong>HEDEF; YA\u015eLILARIMIZIN YA\u015eAM KAL\u0130TES\u0130N\u0130 ARTIRMAK <\/strong><\/p>\n<p>\u2018Hizmet G\u00f6n\u00fcl \u0130\u015fidir\u2019 diyerek insan odakl\u0131 \u00e7al\u0131\u015fmalar y\u00fcr\u00fcten \u0130skele Belediyesi, bu kez ya\u015fl\u0131 bak\u0131m ve e\u011fitimlerinin verilmesi konusunda \u00f6nemli bir projeye ortak oldu. Ya\u015fl\u0131 Haklar\u0131 ve Ruh Sa\u011fl\u0131\u011f\u0131 Derne\u011fi\u2019nin ya\u015fl\u0131lar\u0131n ya\u015fam kalitesini art\u0131rmak i\u00e7in \u00e7\u0131kt\u0131\u011f\u0131 yolda i\u015fbirli\u011fi yapma karar\u0131 alan \u0130skele Belediyesi, s\u00f6z konusu projeye \u0130skele Belediyesi Sa\u011fl\u0131k Birimi ile destek olacak. 1 y\u0131ll\u0131k i\u015fbirli\u011fini i\u00e7eren protokol ise \u0130skele Belediyesi\u2019nde \u0130skele Belediye Ba\u015fkan\u0131 Hasan Sad\u0131ko\u011flu ile Ya\u015fl\u0131 Haklar\u0131 ve Ruh Sa\u011fl\u0131\u011f\u0131 Derne\u011fi Ba\u015fkan\u0131 Prof. Dr. Hatice Jenkins aras\u0131nda imzaland\u0131.<\/p>\n<p>&nbsp;<\/p>\n<p><strong>\u0130\u015eB\u0130RL\u0130\u011e\u0130; YA\u015eLILARIN BAKIMI VE BAKICILAR \u0130LE A\u0130LELER\u0130N E\u011e\u0130T\u0130M\u0130NE KATKI KOYACAK<\/strong><\/p>\n<p><strong>SADIKO\u011eLU: \u201cBAKICILAR VE A\u0130LELER\u0130 \u00c7OK ME\u015eAKKATL\u0130 G\u00d6REV \u00dcSTLEN\u0130YOR\u201d<\/strong><\/p>\n<p>G\u00f6reve geldi\u011fi ilk y\u0131l\u0131nda, \u00f6nemli projeleri aras\u0131nda bulunan \u0130skele ve k\u00f6ylerinde ya\u015fayan ve \u00f6zellikle 65 ya\u015f ve \u00fcst\u00fc ile \u00f6zel gereksinimli vatanda\u015flar ve sosyal yard\u0131m maa\u015f\u0131 alanlara \u00fccretsiz Evde Sa\u011fl\u0131k Hizmeti sunulmas\u0131 i\u00e7in Sa\u011fl\u0131k Biriminin kurulmas\u0131n\u0131 sa\u011flayan \u0130skele Belediye Ba\u015fkan\u0131 Hasan Sad\u0131ko\u011flu,\u00a0 hizmet kalitesini artt\u0131rmak i\u00e7in \u00f6nce Physioart Fizik Tedavi Rehabilitasyon ve Sa\u011fl\u0131k Klini\u011fi ile i\u015fbirli\u011fine giden \u0130skele Belediyesi bu kez Ya\u015fl\u0131 Haklar\u0131 ve Ruh Sa\u011fl\u0131\u011f\u0131 Derne\u011fi ile 1 y\u0131l s\u00fcreyle i\u015fbirli\u011fine gitme karar\u0131 ald\u0131. \u0130\u015fbirli\u011fini resmiyete d\u00f6kerek s\u00f6z konusu dernekle protokol imzalayan \u0130skele Belediye Ba\u015fkan\u0131 Hasan Sad\u0131ko\u011flu, derne\u011fin faaliyetlerinden etkilendi\u011fini, evde sa\u011fl\u0131k hizmetinde mutlaka bu faaliyetlerin de olmas\u0131 gerekti\u011fini d\u00fc\u015f\u00fcnd\u00fc\u011f\u00fc i\u00e7in i\u015fbirli\u011fi yapma karar\u0131 ald\u0131klar\u0131n\u0131 ifade etti. Ya\u015fl\u0131lar\u0131n bak\u0131m\u0131n\u0131n son derece \u00f6nemli oldu\u011funu \u00f6zellikle ya\u015fl\u0131 bak\u0131m\u0131nda g\u00f6revli olan bak\u0131c\u0131lar\u0131n ve ailelerin \u00e7ok me\u015fakkatli bir g\u00f6rev \u00fcstlendi\u011fini s\u00f6yleyen Ba\u015fkan Sad\u0131ko\u011flu, bu i\u015fbirli\u011fi sayesinde hem bak\u0131c\u0131lar\u0131n hem de ailelerin, ya\u015fl\u0131 bak\u0131m\u0131 konusunda daha da bilin\u00e7lenece\u011fine inan\u00e7 belirtti. Sosyal sorumluluk a\u00e7\u0131s\u0131ndan \u00e7ok de\u011ferli i\u015fler yapan Ya\u015fl\u0131 Halklar\u0131 ve Ruh Sa\u011fl\u0131\u011f\u0131 Derne\u011fi\u2019ni ve Dernek Ba\u015fkan\u0131 Prof. Dr. Hatice Jenkins\u2019i tebrik eden Ba\u015fkan Sad\u0131ko\u011flu, i\u015fbirli\u011finin hay\u0131rl\u0131 olmas\u0131n\u0131 temenni etti.<\/p>\n<p>&nbsp;<\/p>\n<p>&nbsp;<\/p>\n<p><strong>JENKINS: \u201c\u0130\u015eB\u0130RL\u0130\u011e\u0130 \u0130\u00c7\u0130N \u0130SKELE BELED\u0130YES\u0130\u2019NE TE\u015eEKK\u00dcR EDER\u0130Z\u201d<\/strong><\/p>\n<p>Ya\u015fl\u0131lar\u0131n ya\u015fam kalitesini artt\u0131rmak, hak ve ihtiya\u00e7lar\u0131n\u0131n teminini sa\u011flamak i\u00e7in hukuksal ve kurumsal altyap\u0131n\u0131n olu\u015fmas\u0131 i\u00e7in m\u00fccadele ettiklerini s\u00f6yleyen Ya\u015fl\u0131 Haklar\u0131 ve Ruh Sa\u011fl\u0131\u011f\u0131 Derne\u011fi\u00a0 Ba\u015fkan\u0131 Prof. Dr. Hatice Jenkins, i\u015fbirli\u011fi teklifine ilk g\u00fcnden itibaren s\u0131cak bakan ve s\u00f6z konusu protokole imza atan \u0130skele Belediye Ba\u015fkan\u0131 Hasan Sad\u0131ko\u011flu\u2019na te\u015fekk\u00fcr etti. Ama\u00e7lar\u0131n\u0131n;\u00a0 ruh sa\u011fl\u0131\u011f\u0131 alan\u0131nda hak temelli hareketin \u00f6nc\u00fcl\u00fc\u011f\u00fcn\u00fc yapmak, ruh ve sinir hastal\u0131klar\u0131 ile ilgili toplumu bilgilendirici, stigma ve \u00f6nyarg\u0131lardan ar\u0131nd\u0131r\u0131c\u0131 projeler geli\u015ftirmek, \u00e7al\u0131\u015fmalar ve etkinlikler d\u00fczenlemek oldu\u011funun da alt\u0131n\u0131 \u00e7izen Jenkins, bu \u00e7al\u0131\u015fmalar\u0131 da \u0130skele Belediyesi ile i\u015fbirli\u011finde yapmak i\u00e7in ad\u0131m att\u0131klar\u0131n\u0131 s\u00f6zlerine ekledi. Jenkins, s\u00f6z konusu projenin \u0130skele ve k\u00f6ylerinde ya\u015fayan ya\u015fl\u0131lara, bak\u0131c\u0131lara ve ailelere hay\u0131rl\u0131 olmas\u0131n\u0131 diledi.<\/p>\n<p>\u0130skele Belediyesi\u2019nde imzalanan imza t\u00f6reninde Ya\u015fl\u0131 Haklar\u0131 ve Ruh Sa\u011fl\u0131\u011f\u0131 Derne\u011fi Ba\u015fkan Yard\u0131mc\u0131s\u0131 Semra Erel \u0130skele Belediyesi Hukuk Dan\u0131\u015fman\u0131 Fatma Emirhan haz\u0131r bulundu.<\/p>\n<p>&nbsp;<\/p>\n<p>&nbsp;<\/p>\n<p>&nbsp;<\/p>\n<h1><\/h1>\n<h1><\/h1>\n","protected":false},"excerpt":{"rendered":"<p>Kuruldu\u011fu ilk g\u00fcnden bu yana \u0130skele ve k\u00f6ylerindeki 65 ya\u015f [&hellip;]<\/p>\n","protected":false},"author":10,"featured_media":11325,"comment_status":"open","ping_status":"closed","sticky":false,"template":"","format":"standard","meta":{"footnotes":""},"categories":[9],"tags":[],"class_list":["post-11324","post","type-post","status-publish","format-standard","has-post-thumbnail","hentry","category-uyelerimizin-haberleri"],"_links":{"self":[{"href":"https:\/\/ktbb.org\/v1\/wp-json\/wp\/v2\/posts\/11324","targetHints":{"allow":["GET"]}}],"collection":[{"href":"https:\/\/ktbb.org\/v1\/wp-json\/wp\/v2\/posts"}],"about":[{"href":"https:\/\/ktbb.org\/v1\/wp-json\/wp\/v2\/types\/post"}],"author":[{"embeddable":true,"href":"https:\/\/ktbb.org\/v1\/wp-json\/wp\/v2\/users\/10"}],"replies":[{"embeddable":true,"href":"https:\/\/ktbb.org\/v1\/wp-json\/wp\/v2\/comments?post=11324"}],"version-history":[{"count":1,"href":"https:\/\/ktbb.org\/v1\/wp-json\/wp\/v2\/posts\/11324\/revisions"}],"predecessor-version":[{"id":11326,"href":"https:\/\/ktbb.org\/v1\/wp-json\/wp\/v2\/posts\/11324\/revisions\/11326"}],"wp:featuredmedia":[{"embeddable":true,"href":"https:\/\/ktbb.org\/v1\/wp-json\/wp\/v2\/media\/11325"}],"wp:attachment":[{"href":"https:\/\/ktbb.org\/v1\/wp-json\/wp\/v2\/media?parent=11324"}],"wp:term":[{"taxonomy":"category","embeddable":true,"href":"https:\/\/ktbb.org\/v1\/wp-json\/wp\/v2\/categories?post=11324"},{"taxonomy":"post_tag","embeddable":true,"href":"https:\/\/ktbb.org\/v1\/wp-json\/wp\/v2\/tags?post=11324"}],"curies":[{"name":"wp","href":"https:\/\/api.w.org\/{rel}","templated":true}]}}