{"id":11328,"date":"2021-05-05T06:27:17","date_gmt":"2021-05-05T06:27:17","guid":{"rendered":"http:\/\/ktbb.org\/v1\/?p=11328"},"modified":"2021-05-05T06:27:17","modified_gmt":"2021-05-05T06:27:17","slug":"iskeleye-onemli-bir-yatirim-daha","status":"publish","type":"post","link":"https:\/\/ktbb.org\/v1\/iskeleye-onemli-bir-yatirim-daha\/","title":{"rendered":"\u0130skele&#8217;ye \u00f6nemli bir yat\u0131r\u0131m daha"},"content":{"rendered":"<p>Son zamanlarda ad\u0131ndan \u00f6zellikle e\u011fitime yap\u0131lan \u00f6nemli yat\u0131r\u0131mlar\u0131 ile s\u00f6z ettiren, Kuzey K\u0131br\u0131s T\u00fcrk Cumhuriyeti\u2019nin parlayan y\u0131ld\u0131z\u0131 olarak nitelendirilen \u0130skele\u2019ye e\u011fitim alan\u0131ndaki yat\u0131r\u0131mlar da s\u00fcr\u00fcyor.\u00a0 \u0130skele Belediyesi, \u0130skele ve k\u00f6ylerinde bulunan okullara maddi ve manevi deste\u011fini s\u00fcrd\u00fcr\u00fcrken, \u0130skele\u2019de yat\u0131r\u0131mlar\u0131 bulunan i\u015f insanlar\u0131n\u0131n yan\u0131 s\u0131ra \u0130skele d\u0131\u015f\u0131ndan da e\u011fitime \u00f6nemli katk\u0131lar gelmeye devam ediyor. Bug\u00fcn de \u00f6nemli bir yat\u0131r\u0131ma imza at\u0131ld\u0131. \u0130skele Belediyesi ile \u0130skele\u2019de \u00f6nemli yat\u0131r\u0131mlar\u0131 bulunan Kotita\u015f K\u0131br\u0131s Turizm Ltd,\u00a0 bir kez daha i\u015fbirli\u011fine giderek \u0130skele Ticaret Lisesi\u2019ne ek derslik yap\u0131lmas\u0131 i\u00e7in d\u00fc\u011fmeye bast\u0131lar.<\/p>\n<p>&nbsp;<\/p>\n<p><strong>\u0130SKELE T\u0130CARET L\u0130SES\u0130\u2019N\u0130N MEVCUT KAPAS\u0130TES\u0130 ARTIRILIYOR<\/strong><\/p>\n<p>Mesleki Teknik O\u0308g\u0306retim Dairesi\u2019ne bag\u0306l\u0131 \u0130skele Ticaret Lisesi\u2019nin mevcut kapasitesinin art\u0131r\u0131lmas\u0131 amac\u0131yla \u0130skele Belediyesi \u0130mar Birimi taraf\u0131ndan projesi haz\u0131rlanan, zemin ve birinci kat olmak \u00fczere toplamda 410 metrekareden olu\u015facak, i\u00e7erisinde yiyecek \u0130\u00e7ecek konaklama b\u00f6l\u00fcm\u00fc ile mutfak dal\u0131 b\u00f6l\u00fcmlerinin yer alaca\u011f\u0131 2 dersli\u011fin yap\u0131m\u0131na bug\u00fcn ger\u00e7ekle\u015fen temel atma t\u00f6reni ile ba\u015fland\u0131. \u00a0T\u00f6rene Milli E\u011fitim ve K\u00fclt\u00fcr Bakan\u0131 Olgun Amcao\u011flu, \u0130skele Belediye Ba\u015fkan\u0131 Hasan Sad\u0131ko\u011flu, Kotita\u015f K\u0131br\u0131s Turizm Ltd. M\u00fcd\u00fcr\u00fc Ahmet Efe \u00dcNAL, Bakanl\u0131k B\u00fcrokratlar\u0131, \u0130skele Ticaret Lisesi M\u00fcd\u00fcr\u00fc Abd\u00fcllatif Tepe, Okul Aile Birli\u011fi Ba\u015fkan\u0131 Mustafa Deliba\u015f ile \u00f6\u011fretmenler kat\u0131ld\u0131. Sayg\u0131 duru\u015fu ve \u0130stiklal Mar\u015f\u0131\u2019n\u0131n okunmas\u0131yla ba\u015flayan t\u00f6rende Milli E\u011fitim ve K\u00fclt\u00fcr Bakan\u0131 Olgun Amcao\u011flu, \u0130skele Belediye Ba\u015fkan\u0131 Hasan Sad\u0131ko\u011flu ve \u0130skele Ticaret Lisesi M\u00fcd\u00fcr\u00fc Abd\u00fcllatif Tepe birer konu\u015fma yapt\u0131.<\/p>\n<p>&nbsp;<\/p>\n<p><strong>AMCAO\u011eLU: \u201cB\u0130R\u0130NC\u0130 G\u00d6REV\u0130M\u0130Z, \u00c7A\u011eDA\u015e \u00dcLKELER\u0130N E\u011e\u0130T\u0130M SEV\u0130YES\u0130NE GELMEK\u201d<\/strong><\/p>\n<p>Temel atma t\u00f6renine kat\u0131lan Milli E\u011fitim ve K\u00fclt\u00fcr Bakan\u0131 Olgun Amcao\u011flu, g\u00f6reve geldi\u011fi 1 y\u0131l i\u00e7inde e\u011fitim alan\u0131nda bug\u00fcn 11. Temel atma t\u00f6renini yapt\u0131klar\u0131n\u0131 s\u00f6yledi. \u2018Bakanl\u0131\u011f\u0131n birinci g\u00f6revinin \u00e7ocuklar\u0131m\u0131z\u0131n, canlar\u0131n ve gelece\u011fimizin en iyi \u015fartlarda e\u011fitimi alabilecek altyap\u0131n\u0131n s\u00fcratle tamamlanmas\u0131 ve \u00e7a\u011fda\u015f \u00fclkelerdeki verilen e\u011fitim seviyesine gelmesi ad\u0131na ad\u0131mlar\u0131n at\u0131lmas\u0131ndan ba\u015fka bir \u015fey de\u011fildir\u2019 diyen Bakan Amcao\u011flu, bug\u00fcnk\u00fc temel atma t\u00f6reninde olmaktan duydu\u011fu mutlulu\u011fu dile getirdi. \u00a0Yakla\u015f\u0131k 5 bin \u00f6\u011frenciye hitap edebilecek altyap\u0131y\u0131 bir y\u0131l i\u00e7inde hayata ge\u00e7irdiklerinin de alt\u0131n\u0131 \u00e7izen Bakan Amcao\u011flu,\u00a0 bunun da \u00e7ok b\u00fcy\u00fck \u00f6nem arz etti\u011fini belirtti. Amcao\u011flu, \u00fclkeye yat\u0131r\u0131m yapan \u015firketlerin, e\u011fitime, \u00e7ocuklar\u0131n gelece\u011fine de temel atmas\u0131n\u0131n \u00f6nemine i\u015faret ederek, e\u011fitime ve gelece\u011fe yat\u0131r\u0131m yapan herkese te\u015fekk\u00fcr etti. \u00dclkenin parlayan y\u0131ld\u0131z\u0131 konumuna gelen \u0130skele\u2019ye yat\u0131r\u0131mlar\u0131n s\u00fcrmesini dileyen Milli E\u011fitim ve K\u00fclt\u00fcr Bakan\u0131 Olgun Amcao\u011flu, yat\u0131r\u0131mlar\u0131ndan dolay\u0131 \u0130skele Belediye Ba\u015fkan\u0131 Hasan Sad\u0131ko\u011flu\u2019na ve Kotita\u015f K\u0131br\u0131s Turizm Ltd\u2019e te\u015fekk\u00fcr etti.<\/p>\n<p><strong>\u00a0<\/strong><\/p>\n<p><strong>SADIKO\u011eLU: \u0130LKEM\u0130Z; E\u011e\u0130T\u0130ME YATIRIM, GELECE\u011eE YATIRIM\u201d<\/strong><\/p>\n<p><strong>SADIKO\u011eLU: \u201cTEK GAYEM\u0130Z, GEN\u00c7LER\u0130N DAHA MODERN \u015eARTLARDA E\u011e\u0130T\u0130M ALMASI\u201d<\/strong><\/p>\n<p>Her f\u0131rsatta \u2018e\u011fitime yat\u0131r\u0131m, gelece\u011fe yat\u0131r\u0131m\u2019 \u0130skele Belediyesi\u2019nin ilkesidir diyen \u0130skele Belediye Ba\u015fkan\u0131 Hasan Sad\u0131ko\u011flu t\u00f6rendeki konu\u015fmas\u0131nda \u0130skele Belediyesi\u2019nin, i\u00e7erisinde bulunan pandemi s\u00fcrecine ra\u011fmen yat\u0131r\u0131mlar\u0131n\u0131n devam etti\u011fine dikkat \u00e7ekti. \u00a0\u00d6zellikle son d\u00f6nemlerde \u00fclke ve b\u00f6lge yat\u0131r\u0131mc\u0131lar\u0131n\u0131n kendi sekt\u00f6rleri d\u0131\u015f\u0131nda \u0130skele\u2019ye e\u011fitim anlam\u0131nda yapt\u0131klar\u0131 yat\u0131r\u0131mlar\u0131n kendilerini mutlu etti\u011fini de ifade eden Ba\u015fkan Sad\u0131ko\u011flu, konu\u015fmas\u0131nda ek derslikler ile bilgiler de verdi: \u201cGen\u00e7lerin daha iyi ve modern \u015fartlarda e\u011fitim almas\u0131 bizim tek gayemiz. Bug\u00fcn de projesi \u0130skele Belediyesi taraf\u0131ndan haz\u0131rlanan \u0130skele Ticaret Lisesi\u2019ne yap\u0131lacak ek s\u0131n\u0131f projesinin temel atma t\u00f6reni i\u00e7in buraday\u0131z. Zemin kat ve birinci kattan olu\u015facak projenin zemin kat\u0131nda Yiyecek, \u0130\u00e7ecek ve Konaklama B\u00f6l\u00fcm\u00fc\/ Mutfak Dal\u0131 i\u00e7in 2 ayr\u0131 s\u0131n\u0131f yer alacak. \u0130ki etaptan olu\u015facak projemizin ilk etab\u0131 olan zemin kat\u0131m\u0131z\u0131n yap\u0131m\u0131 ve birinci kat\u0131m\u0131z\u0131n karkas i\u015flerinin finansman\u0131n\u0131 ise b\u00f6lgemizde \u00f6nemli yat\u0131r\u0131mlar\u0131 bulunan Kotita\u015f K\u0131br\u0131s Turizm Ltd. taraf\u0131ndan yap\u0131lacak. \u0130ki etaptan olu\u015facak projemizin ikinci etab\u0131nda ise birinci katta bulunan s\u0131n\u0131flar\u0131 \u0130skele Belediyesi\u2019nin \u00f6z kaynaklar\u0131 ile yaparak tamamlayaca\u011f\u0131z.\u00a0 Bizler belediyemiz s\u0131n\u0131rlar\u0131 i\u00e7erisinde bulunan okullar\u0131m\u0131za katk\u0131da bulunmaya devam edece\u011fiz. \u0130lkemiz; e\u011fitime yap\u0131lan yat\u0131r\u0131m, gelece\u011fe yap\u0131lan yat\u0131r\u0131md\u0131r.\u201d<\/p>\n<p>&nbsp;<\/p>\n<p>Ba\u015fkan Sad\u0131ko\u011flu konu\u015fmas\u0131n\u0131, her zaman oldu\u011fu gibi bug\u00fcn de yanlar\u0131nda olan Milli E\u011fitim ve K\u00fclt\u00fcr Bakan\u0131 Olgun Amcao\u011flu\u2019na, \u0130skele Belediyesi ile her zaman i\u015fbirli\u011fine haz\u0131r olan Kotita\u015f K\u0131br\u0131s Turizm Ltd. Direkt\u00f6r\u00fc Kenan \u00d6nder Atl\u0131\u2019ya ve \u015eirket M\u00fcd\u00fcr\u00fc Ahmet Efe \u00dcnal\u2019a te\u015fekk\u00fcr etti, yeni dersliklerin \u0130skele halk\u0131na hay\u0131rl\u0131 olmas\u0131n\u0131 diledi.<\/p>\n<p>&nbsp;<\/p>\n<p><strong>TEPE: \u00a0HEDEF\u0130M\u0130Z, OKULUMUZU TAM DONANIMLI B\u0130R MESLEK L\u0130SES\u0130 HAL\u0130NE GET\u0130RMEK<\/strong><\/p>\n<p>\u0130skele Ticaret Lisesi M\u00fcd\u00fcr\u00fc Abd\u00fcllatif Tepe ise konu\u015fmas\u0131nda, ilk g\u00fcnden itibaren bina projelerine destek veren, maddi ve manevi olarak her zaman e\u011fitimin yan\u0131nda olan \u0130skele Belediye Ba\u015fkan\u0131 Hasan Sad\u0131ko\u011flu\u2019na, t\u00fcm ekipmanlar\u0131 kendilerine sa\u011flayan Milli E\u011fitim ve K\u00fclt\u00fcr Bakan\u0131 Olgun Amcao\u011flu ile okula yap\u0131lacak ek dersliklerin yap\u0131m\u0131n\u0131 \u00fcstelenen Kotita\u015f K\u0131br\u0131s Turizm Ltd Direkt\u00f6r\u00fc Kenan \u00d6nder Atl\u0131\u2019ya te\u015fekk\u00fcr etti. Tepe, hedeflerinin, \u0130skele Ticaret Lisesi\u2019ni, b\u00f6lgenin ihtiya\u00e7lar\u0131n\u0131 kar\u015f\u0131layacak tam donan\u0131ml\u0131 bir meslek lisesi haline getirmek oldu\u011funu da s\u00f6zlerine ekledi.<\/p>\n<p>\u0130skele Ticaret Lisesi\u2019nde ger\u00e7ekle\u015fen t\u00f6ren, konu\u015fmalar\u0131n ard\u0131ndan, 410 metrekareden olu\u015facak, i\u00e7erisinde yiyecek \u0130\u00e7ecek konaklama b\u00f6l\u00fcm\u00fc ile mutfak dal\u0131 b\u00f6l\u00fcmlerinin yer alaca\u011f\u0131 2 dersli\u011fin bulunaca\u011f\u0131 binan\u0131n yap\u0131m\u0131n\u0131n temelinin at\u0131lmas\u0131 ile son buldu.<\/p>\n","protected":false},"excerpt":{"rendered":"<p>Son zamanlarda ad\u0131ndan \u00f6zellikle e\u011fitime yap\u0131lan \u00f6nemli yat\u0131r\u0131mlar\u0131 ile s\u00f6z [&hellip;]<\/p>\n","protected":false},"author":10,"featured_media":11329,"comment_status":"open","ping_status":"closed","sticky":false,"template":"","format":"standard","meta":{"footnotes":""},"categories":[9],"tags":[],"class_list":["post-11328","post","type-post","status-publish","format-standard","has-post-thumbnail","hentry","category-uyelerimizin-haberleri"],"_links":{"self":[{"href":"https:\/\/ktbb.org\/v1\/wp-json\/wp\/v2\/posts\/11328","targetHints":{"allow":["GET"]}}],"collection":[{"href":"https:\/\/ktbb.org\/v1\/wp-json\/wp\/v2\/posts"}],"about":[{"href":"https:\/\/ktbb.org\/v1\/wp-json\/wp\/v2\/types\/post"}],"author":[{"embeddable":true,"href":"https:\/\/ktbb.org\/v1\/wp-json\/wp\/v2\/users\/10"}],"replies":[{"embeddable":true,"href":"https:\/\/ktbb.org\/v1\/wp-json\/wp\/v2\/comments?post=11328"}],"version-history":[{"count":1,"href":"https:\/\/ktbb.org\/v1\/wp-json\/wp\/v2\/posts\/11328\/revisions"}],"predecessor-version":[{"id":11330,"href":"https:\/\/ktbb.org\/v1\/wp-json\/wp\/v2\/posts\/11328\/revisions\/11330"}],"wp:featuredmedia":[{"embeddable":true,"href":"https:\/\/ktbb.org\/v1\/wp-json\/wp\/v2\/media\/11329"}],"wp:attachment":[{"href":"https:\/\/ktbb.org\/v1\/wp-json\/wp\/v2\/media?parent=11328"}],"wp:term":[{"taxonomy":"category","embeddable":true,"href":"https:\/\/ktbb.org\/v1\/wp-json\/wp\/v2\/categories?post=11328"},{"taxonomy":"post_tag","embeddable":true,"href":"https:\/\/ktbb.org\/v1\/wp-json\/wp\/v2\/tags?post=11328"}],"curies":[{"name":"wp","href":"https:\/\/api.w.org\/{rel}","templated":true}]}}