{"id":11339,"date":"2021-05-06T06:04:05","date_gmt":"2021-05-06T06:04:05","guid":{"rendered":"http:\/\/ktbb.org\/v1\/?p=11339"},"modified":"2021-05-06T06:04:05","modified_gmt":"2021-05-06T06:04:05","slug":"girne-belediyesinden-10-16-mayis-engelliler-haftasi-etkinlikleri","status":"publish","type":"post","link":"https:\/\/ktbb.org\/v1\/girne-belediyesinden-10-16-mayis-engelliler-haftasi-etkinlikleri\/","title":{"rendered":"Girne Belediyesi&#8217;nden, 10-16 May\u0131s Engelliler Haftas\u0131 etkinlikleri"},"content":{"rendered":"<p>Girne Belediyesi, 10-16 May\u0131s Engelliler Haftas\u0131 nedeniyle<strong> \u201cYa\u015famak i\u00e7in ve payla\u015fmak i\u00e7in engel yok\u201d <\/strong>slogan\u0131yla fark\u0131ndal\u0131k ve kayna\u015fma etkinli\u011fi d\u00fczenliyor.<\/p>\n<p>&nbsp;<\/p>\n<p>Girne Belediyesi\u2019nden yap\u0131lan a\u00e7\u0131klamada, b\u00f6lgede yer alan \u00d6zel E\u011fitim Merkezi ve 18 Ya\u015f \u00dcst\u00fc Engelli Rehabilitasyon Merkezi okullar\u0131, Girne Belediyesi Sosyal \u0130\u015fler \u015eubesi\u2019ne ba\u011fl\u0131 Engelli Birimi \u00fcyeleri ve Girne Belediyesi \u00c7ocuk Meclisi\u2019nin k\u0131s\u0131tl\u0131 say\u0131da, sosyal mesafe ve hijyen kurallar\u0131na uyarak kat\u0131l\u0131mlar\u0131yla d\u00fczenlenecek etkinlikler \u00e7er\u00e7evesinde, 10 May\u0131s Pazartesi saat 10:00\u2019da Karao\u011flano\u011flu b\u00f6lgesi H\u00fcseyin K\u00f6le Sokak\u2019ta \u201cEngelsiz Fidanl\u0131\u011f\u0131\u201d A\u011fa\u00e7 Dikimi etkinli\u011fi; 11 May\u0131s Sal\u0131 g\u00fcn\u00fc saat 10:00\u2019da, Sosyal Ya\u015fam Merkezi (Eski Belediye Binas\u0131) \u00f6n\u00fcnde Ramadan Cemil Meydan\u0131nda, \u201cKu\u015f Yuvas\u0131 Boyama Etkinli\u011fi\u201d ger\u00e7ekle\u015ftirilece\u011fi kaydedildi.<\/p>\n<p>&nbsp;<\/p>\n<p><strong>\u00d6yk\u00fc Yar\u0131\u015fmas\u0131na son kat\u0131l\u0131m 1 Haziran 2021<\/strong><\/p>\n<p>&nbsp;<\/p>\n<p>\u00d6te yandan, bu y\u0131l d\u00f6rd\u00fcnc\u00fcs\u00fc d\u00fczenlenen Girne Belediyesi \u00d6yk\u00fc Yar\u0131\u015fmas\u0131\u2019n\u0131n \u201cHayat\u0131n i\u00e7inde, Hayat\u0131n D\u0131\u015f\u0131nda Engelli Bireylerin Ya\u015fam\u0131\u201d\u00a0 konusuyla d\u00fczenlenecek, ilkokul, ortaokul ve lise \u00f6\u011frencilerine y\u00f6nelik yar\u0131\u015fmaya son kat\u0131l\u0131m\u0131n 1 Haziran 2021 oldu\u011funa dikkat \u00e7ekildi.<\/p>\n<p>&nbsp;<\/p>\n<p>Girne Belediye Ba\u015fkan\u0131 Nidai G\u00fcng\u00f6rd\u00fc, engelli bireylerin toplum i\u00e7inde rehabilitasyonu, sosyal uyumu ve onlara y\u00f6nelik f\u0131rsatlar\u0131n e\u015fitlenmesini sa\u011flamak i\u00e7in her kurum ve ki\u015fiye g\u00f6revler d\u00fc\u015ft\u00fc\u011f\u00fcn\u00fc ifade etti. G\u00fcng\u00f6rd\u00fc, \u201cBu \u00f6zel bireylere daha g\u00fczel bir ya\u015fam sunabilmek, onlar\u0131n yan\u0131nda oldu\u011fumuzu hissettirebilmek i\u00e7in elimizden geleni her zaman yapaca\u011f\u0131z. Sevmek, ya\u015famak ve payla\u015fmak i\u00e7in engel yoktur\u201d dedi.<\/p>\n<p>&nbsp;<\/p>\n","protected":false},"excerpt":{"rendered":"<p>Girne Belediyesi, 10-16 May\u0131s Engelliler Haftas\u0131 nedeniyle \u201cYa\u015famak i\u00e7in ve [&hellip;]<\/p>\n","protected":false},"author":10,"featured_media":11340,"comment_status":"open","ping_status":"closed","sticky":false,"template":"","format":"standard","meta":{"footnotes":""},"categories":[9],"tags":[],"class_list":["post-11339","post","type-post","status-publish","format-standard","has-post-thumbnail","hentry","category-uyelerimizin-haberleri"],"_links":{"self":[{"href":"https:\/\/ktbb.org\/v1\/wp-json\/wp\/v2\/posts\/11339","targetHints":{"allow":["GET"]}}],"collection":[{"href":"https:\/\/ktbb.org\/v1\/wp-json\/wp\/v2\/posts"}],"about":[{"href":"https:\/\/ktbb.org\/v1\/wp-json\/wp\/v2\/types\/post"}],"author":[{"embeddable":true,"href":"https:\/\/ktbb.org\/v1\/wp-json\/wp\/v2\/users\/10"}],"replies":[{"embeddable":true,"href":"https:\/\/ktbb.org\/v1\/wp-json\/wp\/v2\/comments?post=11339"}],"version-history":[{"count":1,"href":"https:\/\/ktbb.org\/v1\/wp-json\/wp\/v2\/posts\/11339\/revisions"}],"predecessor-version":[{"id":11341,"href":"https:\/\/ktbb.org\/v1\/wp-json\/wp\/v2\/posts\/11339\/revisions\/11341"}],"wp:featuredmedia":[{"embeddable":true,"href":"https:\/\/ktbb.org\/v1\/wp-json\/wp\/v2\/media\/11340"}],"wp:attachment":[{"href":"https:\/\/ktbb.org\/v1\/wp-json\/wp\/v2\/media?parent=11339"}],"wp:term":[{"taxonomy":"category","embeddable":true,"href":"https:\/\/ktbb.org\/v1\/wp-json\/wp\/v2\/categories?post=11339"},{"taxonomy":"post_tag","embeddable":true,"href":"https:\/\/ktbb.org\/v1\/wp-json\/wp\/v2\/tags?post=11339"}],"curies":[{"name":"wp","href":"https:\/\/api.w.org\/{rel}","templated":true}]}}