{"id":11345,"date":"2021-05-06T08:33:05","date_gmt":"2021-05-06T08:33:05","guid":{"rendered":"http:\/\/ktbb.org\/v1\/?p=11345"},"modified":"2021-05-06T08:33:05","modified_gmt":"2021-05-06T08:33:05","slug":"girnede-gida-hijyeni-ve-covid-19-kontrolleri-suruyor","status":"publish","type":"post","link":"https:\/\/ktbb.org\/v1\/girnede-gida-hijyeni-ve-covid-19-kontrolleri-suruyor\/","title":{"rendered":"Girne&#8217;de g\u0131da hijyeni ve Covid-19 kontrolleri s\u00fcr\u00fcyor"},"content":{"rendered":"<p><strong>Girne Belediyesi taraf\u0131ndan yap\u0131lan resmi kontrollerde, 21<\/strong> <strong>Nisan\u00a0 &#8211; 04 May\u0131s <\/strong><strong>2021 Tarihleri Aras\u0131nda Toplamda <\/strong><strong>255<\/strong><strong> i\u015fletme, <\/strong><strong>g\u0131da h<\/strong><strong>ijyen<\/strong><strong>i, genel hijyen<\/strong> <strong>v<\/strong><strong>e Covid-19 <\/strong><strong>Pandemi <\/strong><strong>\u00d6nlemleriyle <\/strong><strong>il<\/strong><strong>gili <\/strong><strong>d<\/strong><strong>enetle<\/strong><strong>ndi. <\/strong><\/p>\n<p>&nbsp;<\/p>\n<p>Girne Belediyesi, Covid \u00d6nlemlerine uygun \u00e7al\u0131\u015fmad\u0131\u011f\u0131 gerek\u00e7esiyle g\u0131da hijyenine uygun olmayan ko\u015fullarda Covid pandemi \u00f6nlemleri al\u0131nmaks\u0131z\u0131n faaliyet g\u00f6steren bir restaurant ile yasal mevzuat ile ilgili y\u00fck\u00fcml\u00fcl\u00fcklerini yerine getirmeyen bir cafe; toplam 2 i\u015fyerini kapatarak faaliyetlerini durdurmu\u015ftur. \u00a0\u00c7al\u0131\u015fma ko\u015fullar\u0131nda teknik eksiklikleri ve yasal mevzuat ile ilgili eksiklikleri bulunan 6 i\u015fyerine s\u00fcreli kapatma ihbarlar\u0131 verilirken Covid \u00f6nlemlerine uygun \u00e7al\u0131\u015fmayan 2 i\u015fyerine ve hijyen ko\u015fullar\u0131 yetersiz bulunan 2 g\u0131da i\u015fletmesine \u2019de para cezalar\u0131 kesildi\u011fi belirtildi.<\/p>\n<p><em>\u00a0<\/em><\/p>\n<p><em>Girne Belediyesi\u2019nden al\u0131nan bilgide, Girne Belediyesi Sa\u011fl\u0131k \u015eubesi ve Zab\u0131ta Kent G\u00fcvenli\u011fi Birimi ekiplerinin 21 Nisan &#8211; 04 May\u0131s 2021 tarihleri aras\u0131nda ger\u00e7ekle\u015ftirdi\u011fi denetimlerde toplam 255 i\u015fyerinin denetlendi\u011fi aktar\u0131ld\u0131.<\/em><\/p>\n<p><em>\u00a0<\/em><\/p>\n<p>Girne Belediyesi, Covid-19 Pandemisinin t\u00fcm d\u00fcnyay\u0131 etkilemeye halen devam etti\u011fi bug\u00fcnlerde ticari hizmet veren i\u015fletmeleri Bakanlar Kurulu kararlar\u0131 \u00e7er\u00e7evesinde yay\u0131nlanan genel Covid \u00f6nlemlerinin al\u0131nmas\u0131yla ilgili resmi kontrollerle takip etmeye ve bu kontrollerin sonu\u00e7lar\u0131n\u0131 da kamuoyu ile payla\u015fmaya devam ediyor.<\/p>\n<p><u>\u00a0<\/u><\/p>\n<p><strong><u>Cezai Yapt\u0131r\u0131mlar Uygulan\u0131yor <\/u><\/strong><\/p>\n<p><u>\u00a0<\/u><\/p>\n<p><em>Bask\u0131n niteli\u011findeki gece denetimlerine de a\u011f\u0131rl\u0131k verildi\u011fi belirtilirken genel i\u015fyeri kontrolleri kapsam\u0131nda 32 i\u015f yerine eksikliklerinden dolay\u0131 ihbar verildi, 2 i\u015f yeri yetersiz bulunan g\u0131da hijyeni \u00f6nlemleri nedeniyle, 2 i\u015fyeri de Covid \u00f6nlemlerini yerine getirmedi\u011fi gerek\u00e7esiyle para cezas\u0131na \u00e7arpt\u0131r\u0131ld\u0131. \u0130nsan sa\u011fl\u0131\u011f\u0131n\u0131n korunmas\u0131 amac\u0131yla da s\u00fcrd\u00fcr\u00fclen g\u0131da denetimlerinde insan sa\u011fl\u0131\u011f\u0131na ayk\u0131r\u0131 ko\u015fullarda \u00e7al\u0131\u015fan bir restaurant ile yasal mevzuata uygun faaliyet g\u00f6stermeyen bir cafe i\u015fletmesi de faaliyetleri durdurularak m\u00fch\u00fcrlenmi\u015ftir. Lokantalarda yap\u0131lan kontrollerde, \u00fczerinde tarih etiketi bulunmayan \u00e7e\u015fitli \u00fcr\u00fcnlere de el konulmu\u015ftur. <\/em><\/p>\n<p>&nbsp;<\/p>\n<p>Ayr\u0131ca her \u00e7ar\u015famba kurulan Girne Belediyesi A\u00e7\u0131kpazar\u0131ndaki sat\u0131\u015flar\u0131n da Covid-19 Pandemi \u00f6nlemleri \u00e7er\u00e7evesinde denetimlerinin s\u00fcrd\u00fcr\u00fcld\u00fc\u011f\u00fcn\u00fc belirtilen yetkililer, gerek sat\u0131c\u0131lar\u0131n sat\u0131\u015f ko\u015fullar\u0131 gerekse vatanda\u015f\u0131n al\u0131\u015f veri\u015fleri esnas\u0131ndaki Covid \u00f6nlemlerinin kontrol\u00fc i\u00e7in Sa\u011fl\u0131k ve Zab\u0131ta ekiplerinin g\u00f6rev ald\u0131\u011f\u0131 belirttiler.<\/p>\n<p>&nbsp;<\/p>\n<p><strong>Girne Belediye Ba\u015fkan\u0131 Nidai G\u00fcng\u00f6rd\u00fc<\/strong> <strong>:<\/strong><\/p>\n<p>&nbsp;<\/p>\n<p>\u201cIs\u0131nan havalar\u0131n etkisini hissetti\u011fimiz bug\u00fcnlerde kentimiz genelindeki i\u015fletmelerde insan hareketlili\u011fi ile sosyalle\u015fmenin artt\u0131\u011f\u0131n\u0131 g\u00f6zlemliyoruz. Ekonomimizin canl\u0131l\u0131\u011f\u0131 i\u00e7in olumlu olan bu durum; Covid bula\u015f\u0131 a\u00e7\u0131s\u0131ndan risk yaratmaktad\u0131r. Bizler Belediye olarak i\u015fletmelerin Pandemi \u00f6nlemlerinin al\u0131nmas\u0131 konusunda yasal denetimlerini kesintisiz olarak y\u00fcr\u00fctmekteyiz. Ancak, de\u011ferli halk\u0131m\u0131z\u0131n da bireysel maskelerini, ki\u015fisel sosyal mesafelerini ve el hijyenlerini \u00f6zenle korumal\u0131d\u0131rlar. Bu zor s\u00fcre\u00e7lerin y\u00f6netilmesi m\u00fcmk\u00fcnd\u00fcr. Bunun i\u00e7in halk\u0131m\u0131z, esnaf\u0131m\u0131z ve yerel y\u00f6neticiler olarak iyi bir i\u015fbirli\u011fine ihtiyac\u0131m\u0131z vard\u0131r. G\u00fcnl\u00fck hayat\u0131n devam\u0131 yan\u0131nda ekonomik hareketlili\u011fin s\u00fcrd\u00fcr\u00fclmesi i\u00e7in hepimizin bu s\u00fcrece aktif katk\u0131 koymas\u0131 zaruridir. Ticari \u0130\u015fletmelerin sorumlulu\u011fu daha fazla oldu\u011fundan gerekli t\u00fcm \u00f6nlemler al\u0131nmal\u0131d\u0131r. Sekt\u00f6rlerin kapanmamas\u0131 i\u00e7in kurallara uygun \u00e7al\u0131\u015fmayan i\u015fletmelere cezai yapt\u0131r\u0131mlar uygulanmaya devam edilecektir\u201d dedi.<\/p>\n","protected":false},"excerpt":{"rendered":"<p>Girne Belediyesi taraf\u0131ndan yap\u0131lan resmi kontrollerde, 21 Nisan\u00a0 &#8211; 04 [&hellip;]<\/p>\n","protected":false},"author":10,"featured_media":11346,"comment_status":"open","ping_status":"closed","sticky":false,"template":"","format":"standard","meta":{"footnotes":""},"categories":[9],"tags":[],"class_list":["post-11345","post","type-post","status-publish","format-standard","has-post-thumbnail","hentry","category-uyelerimizin-haberleri"],"_links":{"self":[{"href":"https:\/\/ktbb.org\/v1\/wp-json\/wp\/v2\/posts\/11345","targetHints":{"allow":["GET"]}}],"collection":[{"href":"https:\/\/ktbb.org\/v1\/wp-json\/wp\/v2\/posts"}],"about":[{"href":"https:\/\/ktbb.org\/v1\/wp-json\/wp\/v2\/types\/post"}],"author":[{"embeddable":true,"href":"https:\/\/ktbb.org\/v1\/wp-json\/wp\/v2\/users\/10"}],"replies":[{"embeddable":true,"href":"https:\/\/ktbb.org\/v1\/wp-json\/wp\/v2\/comments?post=11345"}],"version-history":[{"count":1,"href":"https:\/\/ktbb.org\/v1\/wp-json\/wp\/v2\/posts\/11345\/revisions"}],"predecessor-version":[{"id":11347,"href":"https:\/\/ktbb.org\/v1\/wp-json\/wp\/v2\/posts\/11345\/revisions\/11347"}],"wp:featuredmedia":[{"embeddable":true,"href":"https:\/\/ktbb.org\/v1\/wp-json\/wp\/v2\/media\/11346"}],"wp:attachment":[{"href":"https:\/\/ktbb.org\/v1\/wp-json\/wp\/v2\/media?parent=11345"}],"wp:term":[{"taxonomy":"category","embeddable":true,"href":"https:\/\/ktbb.org\/v1\/wp-json\/wp\/v2\/categories?post=11345"},{"taxonomy":"post_tag","embeddable":true,"href":"https:\/\/ktbb.org\/v1\/wp-json\/wp\/v2\/tags?post=11345"}],"curies":[{"name":"wp","href":"https:\/\/api.w.org\/{rel}","templated":true}]}}