{"id":11349,"date":"2021-05-07T06:27:29","date_gmt":"2021-05-07T06:27:29","guid":{"rendered":"http:\/\/ktbb.org\/v1\/?p=11349"},"modified":"2021-05-07T06:27:29","modified_gmt":"2021-05-07T06:27:29","slug":"gungorduden-is-sagligi-ve-guvenligi-haftasi-mesaji","status":"publish","type":"post","link":"https:\/\/ktbb.org\/v1\/gungorduden-is-sagligi-ve-guvenligi-haftasi-mesaji\/","title":{"rendered":"G\u00fcng\u00f6rd\u00fc&#8217;den, \u201c\u0130\u015f Sa\u011fl\u0131\u011f\u0131 ve G\u00fcvenli\u011fi Haftas\u0131\u201d mesaj\u0131"},"content":{"rendered":"<p>Girne Belediye Ba\u015fkan\u0131 Nidai G\u00fcng\u00f6rd\u00fc, 4-10 May\u0131s \u201c\u0130\u015f Sa\u011fl\u0131\u011f\u0131 ve G\u00fcvenli\u011fi Haftas\u0131\u201d dolay\u0131s\u0131yla bir mesaj yay\u0131mlad\u0131.<\/p>\n<p>G\u00fcng\u00f6rd\u00fc&#8217;n\u00fcn mesaj\u0131 \u015f\u00f6yle:<\/p>\n<p>\u0130\u015f sa\u011fl\u0131\u011f\u0131 ve g\u00fcvenli\u011finin \u00e7al\u0131\u015fma hayat\u0131n\u0131n temel yap\u0131 ta\u015flar\u0131ndan biridir. \u0130\u015f sa\u011fl\u0131\u011f\u0131 ve g\u00fcvenli\u011fi insan hayat\u0131na verilen de\u011ferdir.\u00a0 Geli\u015fmi\u015f \u00fclkeler, insana ve \u00e7al\u0131\u015fana de\u011fer vererek ekonomik b\u00fcy\u00fcmesini sa\u011flamaktad\u0131r. Burada \u00f6ncelikli ama\u00e7, insana yak\u0131\u015f\u0131r \u00e7al\u0131\u015fma ve ya\u015fama \u015fartlar\u0131n\u0131 olu\u015fturmakt\u0131r.<\/p>\n<p>&nbsp;<\/p>\n<p>Bu salg\u0131n g\u00fcnlerinde insana ve \u00e7al\u0131\u015fana gerekli g\u00fcvenlik ve sa\u011fl\u0131k ekipmanlar\u0131 ile destek verilmelidir. Bizler de Belediye olarak t\u00fcm meslek grubunda bulunan \u00e7al\u0131\u015fanlar\u0131m\u0131z\u0131n yeni tip koronavir\u00fcs (Covid-19) salg\u0131n\u0131na ra\u011fmen sa\u011fl\u0131kl\u0131 \u00e7al\u0131\u015fmalar\u0131n\u0131 i\u00e7in gerekli tedbirleri alarak kentimize hizmeti s\u00fcrd\u00fcrmekteyiz.<\/p>\n<p>&nbsp;<\/p>\n<p>\u0130\u015f yerlerinde \u00f6nce insan, \u00f6nce sa\u011fl\u0131k, \u00f6nce i\u015f g\u00fcvenli\u011fi anlay\u0131\u015f\u0131 ile hareket ederek, Girne Belediyesi b\u00fcnyesinde de \u201c\u0130\u015f Sa\u011fl\u0131\u011f\u0131 ve G\u00fcvenli\u011fi\u201d bilincinin yerle\u015ftirilmesi ve s\u00fcrd\u00fcr\u00fclebilir olmas\u0131 ad\u0131na bu seneki \u201cToplu \u0130\u015f S\u00f6zle\u015fmesi\u201d kapsam\u0131nda gerekli revizyonlar yap\u0131larak, \u201c\u0130\u015f sa\u011fl\u0131\u011f\u0131 ve G\u00fcvenli\u011fi Yasa ve T\u00fcz\u00fcklerinin\u201d lay\u0131k\u0131yla uygulanabilir olmas\u0131 ad\u0131na, \u0130\u015f Sa\u011fl\u0131\u011f\u0131 ve G\u00fcvenli\u011fi Y\u00f6netmenli\u011fi olu\u015fturulmas\u0131 konusunda \u00e7al\u0131\u015fmalar ba\u015flat\u0131lm\u0131\u015ft\u0131r.<\/p>\n<p>&nbsp;<\/p>\n<p>\u0130\u015f\u00e7i sa\u011fl\u0131\u011f\u0131 ve g\u00fcvenli\u011fi i\u00e7in; \u00e7al\u0131\u015fmalar\u0131m\u0131z\u0131 gerek verdi\u011fimiz e\u011fitimler gerek risk de\u011ferlendirilmesinde tespit edilen risklerin giderilmesine ili\u015fkin \u00e7al\u0131\u015fmalar ve periyodik kontrol, \u00f6l\u00e7\u00fcm ve testlerle bir b\u00fct\u00fcnsellik i\u00e7inde y\u00fcr\u00fct\u00fcyoruz. Bizler de Belediye olarak\u00a0 \u00e7al\u0131\u015fanlar\u0131m\u0131za t\u00fcm imkanlar\u0131 sa\u011flamay\u0131 ilke edindik. \u0130\u015f Sa\u011fl\u0131\u011f\u0131 ve G\u00fcvenli\u011fi Haftas\u0131 dolay\u0131s\u0131yla ba\u015fta Girne Belediyesi i\u015f\u00e7ilerimiz olmak \u00fczere t\u00fcm i\u015f\u00e7ilere sa\u011fl\u0131kl\u0131 ve g\u00fcvenli bir ya\u015fam diliyorum.<\/p>\n<p>&nbsp;<\/p>\n","protected":false},"excerpt":{"rendered":"<p>Girne Belediye Ba\u015fkan\u0131 Nidai G\u00fcng\u00f6rd\u00fc, 4-10 May\u0131s \u201c\u0130\u015f Sa\u011fl\u0131\u011f\u0131 ve [&hellip;]<\/p>\n","protected":false},"author":10,"featured_media":11350,"comment_status":"open","ping_status":"closed","sticky":false,"template":"","format":"standard","meta":{"footnotes":""},"categories":[9],"tags":[],"class_list":["post-11349","post","type-post","status-publish","format-standard","has-post-thumbnail","hentry","category-uyelerimizin-haberleri"],"_links":{"self":[{"href":"https:\/\/ktbb.org\/v1\/wp-json\/wp\/v2\/posts\/11349","targetHints":{"allow":["GET"]}}],"collection":[{"href":"https:\/\/ktbb.org\/v1\/wp-json\/wp\/v2\/posts"}],"about":[{"href":"https:\/\/ktbb.org\/v1\/wp-json\/wp\/v2\/types\/post"}],"author":[{"embeddable":true,"href":"https:\/\/ktbb.org\/v1\/wp-json\/wp\/v2\/users\/10"}],"replies":[{"embeddable":true,"href":"https:\/\/ktbb.org\/v1\/wp-json\/wp\/v2\/comments?post=11349"}],"version-history":[{"count":1,"href":"https:\/\/ktbb.org\/v1\/wp-json\/wp\/v2\/posts\/11349\/revisions"}],"predecessor-version":[{"id":11351,"href":"https:\/\/ktbb.org\/v1\/wp-json\/wp\/v2\/posts\/11349\/revisions\/11351"}],"wp:featuredmedia":[{"embeddable":true,"href":"https:\/\/ktbb.org\/v1\/wp-json\/wp\/v2\/media\/11350"}],"wp:attachment":[{"href":"https:\/\/ktbb.org\/v1\/wp-json\/wp\/v2\/media?parent=11349"}],"wp:term":[{"taxonomy":"category","embeddable":true,"href":"https:\/\/ktbb.org\/v1\/wp-json\/wp\/v2\/categories?post=11349"},{"taxonomy":"post_tag","embeddable":true,"href":"https:\/\/ktbb.org\/v1\/wp-json\/wp\/v2\/tags?post=11349"}],"curies":[{"name":"wp","href":"https:\/\/api.w.org\/{rel}","templated":true}]}}