{"id":11354,"date":"2021-05-09T05:16:20","date_gmt":"2021-05-09T05:16:20","guid":{"rendered":"http:\/\/ktbb.org\/v1\/?p=11354"},"modified":"2021-05-10T05:22:03","modified_gmt":"2021-05-10T05:22:03","slug":"sadikoglu-istikbal-annelerin-ellerindedir","status":"publish","type":"post","link":"https:\/\/ktbb.org\/v1\/sadikoglu-istikbal-annelerin-ellerindedir\/","title":{"rendered":"Sad\u0131ko\u011flu: \u2018\u0130stikbal Annelerin Ellerindedir\u2019"},"content":{"rendered":"<p>\u0130skele Belediye Ba\u015fkan\u0131 Hasan Sad\u0131ko\u011flu, Anneler G\u00fcn\u00fc nedeniyle bir mesaj yay\u0131nlad\u0131. Mesaj\u0131nda \u2018\u0130stikbal Annelerin Ellerindedir\u2019 diyen Ba\u015fkan Sad\u0131ko\u011flu, annesi Aliye Sad\u0131ko\u011flu ile birlikte ayn\u0131 g\u00f6r\u00fcnt\u00fcde yer ald\u0131\u011f\u0131 videoyu da sosyal medya hesab\u0131ndan payla\u015ft\u0131.<\/p>\n<p><strong>\u201cANNELER\u0130M\u0130Z\u0130N HAKKI H\u0130\u00c7B\u0130R ZAMAN \u00d6DENMEZ\u201d<\/strong><\/p>\n<p>\u0130skele Belediye Ba\u015fkan\u0131 Hasan Sad\u0131ko\u011flu, yar\u0131n kutlanacak Anneler G\u00fcn\u00fc nedeniyle mesaj yay\u0131nlad\u0131. Ba\u015fkan Sad\u0131ko\u011flu mesaj\u0131nda \u015funlara yer verdi: \u201c\u00dczerimizdeki ger\u00e7ek hak sahibi annelerimizin hakk\u0131 hi\u00e7bir zaman \u00f6denmez, \u00f6denemez. Nitekim onlar; kar\u015f\u0131l\u0131ks\u0131z sevgileri, \u015fefkatleri ve sonsuz \u00f6zverileri ile ba\u015f\u0131m\u0131z\u0131n tac\u0131d\u0131rlar. Varl\u0131klar\u0131yla her zaman bize g\u00fc\u00e7 veren annelerimiz, her zaman bizlerin yol g\u00f6stericisidirler. Zira istikbalimiz onlar\u0131n ellerindedir.<\/p>\n<p>Onlar bizim hayatlar\u0131m\u0131za dokunan, en de\u011ferli varl\u0131klar\u0131m\u0131z, ba\u015f\u0131m\u0131z\u0131n da tac\u0131d\u0131rlar.<\/p>\n<p>Biliyorum ki, zor g\u00fcnlerden ge\u00e7ti\u011fimiz \u015fu g\u00fcnlerde bir\u00e7o\u011funuz annelerinizin sa\u011fl\u0131\u011f\u0131 i\u00e7in onlar\u0131 uzaktan g\u00f6rmekle yetiniyor ya da telefonla hasret gideriyorsunuz. Ama bu g\u00fcnler de ge\u00e7ecek, gelecek sa\u011fl\u0131kl\u0131 g\u00fczel g\u00fcnler. Bu vesileyle ba\u015fta hayat\u0131n\u0131 kaybeden t\u00fcm annelere rahmet diliyor, sonra kendi annem olmak \u00fczere t\u00fcm annelerin ve anne adaylar\u0131n\u0131n anneler g\u00fcn\u00fcn\u00fc kutluyorum.\u201d<\/p>\n<p>&nbsp;<\/p>\n","protected":false},"excerpt":{"rendered":"<p>\u0130skele Belediye Ba\u015fkan\u0131 Hasan Sad\u0131ko\u011flu, Anneler G\u00fcn\u00fc nedeniyle bir mesaj [&hellip;]<\/p>\n","protected":false},"author":10,"featured_media":11358,"comment_status":"open","ping_status":"closed","sticky":false,"template":"","format":"standard","meta":{"footnotes":""},"categories":[9],"tags":[],"class_list":["post-11354","post","type-post","status-publish","format-standard","has-post-thumbnail","hentry","category-uyelerimizin-haberleri"],"_links":{"self":[{"href":"https:\/\/ktbb.org\/v1\/wp-json\/wp\/v2\/posts\/11354","targetHints":{"allow":["GET"]}}],"collection":[{"href":"https:\/\/ktbb.org\/v1\/wp-json\/wp\/v2\/posts"}],"about":[{"href":"https:\/\/ktbb.org\/v1\/wp-json\/wp\/v2\/types\/post"}],"author":[{"embeddable":true,"href":"https:\/\/ktbb.org\/v1\/wp-json\/wp\/v2\/users\/10"}],"replies":[{"embeddable":true,"href":"https:\/\/ktbb.org\/v1\/wp-json\/wp\/v2\/comments?post=11354"}],"version-history":[{"count":1,"href":"https:\/\/ktbb.org\/v1\/wp-json\/wp\/v2\/posts\/11354\/revisions"}],"predecessor-version":[{"id":11362,"href":"https:\/\/ktbb.org\/v1\/wp-json\/wp\/v2\/posts\/11354\/revisions\/11362"}],"wp:featuredmedia":[{"embeddable":true,"href":"https:\/\/ktbb.org\/v1\/wp-json\/wp\/v2\/media\/11358"}],"wp:attachment":[{"href":"https:\/\/ktbb.org\/v1\/wp-json\/wp\/v2\/media?parent=11354"}],"wp:term":[{"taxonomy":"category","embeddable":true,"href":"https:\/\/ktbb.org\/v1\/wp-json\/wp\/v2\/categories?post=11354"},{"taxonomy":"post_tag","embeddable":true,"href":"https:\/\/ktbb.org\/v1\/wp-json\/wp\/v2\/tags?post=11354"}],"curies":[{"name":"wp","href":"https:\/\/api.w.org\/{rel}","templated":true}]}}