{"id":11355,"date":"2021-05-09T05:16:48","date_gmt":"2021-05-09T05:16:48","guid":{"rendered":"http:\/\/ktbb.org\/v1\/?p=11355"},"modified":"2021-05-10T05:18:26","modified_gmt":"2021-05-10T05:18:26","slug":"baskan-harmanci-annelerin-saglik-ve-huzuru-icin-calisiyoruz","status":"publish","type":"post","link":"https:\/\/ktbb.org\/v1\/baskan-harmanci-annelerin-saglik-ve-huzuru-icin-calisiyoruz\/","title":{"rendered":"Ba\u015fkan Harmanc\u0131: &#8220;Annelerin Sa\u011fl\u0131k ve Huzuru i\u00e7in \u00e7al\u0131\u015f\u0131yoruz&#8221;"},"content":{"rendered":"<p>Lefko\u015fa T\u00fcrk Belediyesi Ba\u015fkan\u0131 Mehmet Harmanc\u0131, Anneler G\u00fcn\u00fc dolay\u0131s\u0131 ile yay\u0131nlad\u0131\u011f\u0131 mesaj\u0131nda, annelerin ve anne \u015fefkati g\u00f6steren herkesin g\u00fcn\u00fcn\u00fc kutlarken, aram\u0131zda olmayan t\u00fcm anneler i\u00e7in de rahmet diledi.<\/p>\n<p>Ba\u015fkan Harmanc\u0131, annelerin hayat\u0131n her an\u0131nda evlatlar\u0131n\u0131n yan\u0131 ba\u015f\u0131nda oldu\u011funu, kendinden fedakarl\u0131k eden, ko\u015fulsuz sevgisi ile her t\u00fcrl\u00fc zorlu\u011fa kar\u015f\u0131 onlar\u0131 koruyan bir sevgi ve emek timsali oldu\u011funu belirtti.<\/p>\n<p>K\u0131br\u0131s T\u00fcrk toplumunda anne kavram\u0131n\u0131n paha bi\u00e7ilmez bir de\u011fere ve anlama sahip oldu\u011funu, evlatlar\u0131n\u0131 kaybeden ve y\u0131llarca bu b\u00fcy\u00fck kederle ya\u015fam\u0131\u015f annelerin ac\u0131s\u0131n\u0131 bildi\u011fini ifade eden Ba\u015fkan Harmanc\u0131, kendisi i\u00e7in her zaman bir \u00e7ocu\u011fun te\u015fekk\u00fcr\u00fc ve bir annenin hay\u0131r duas\u0131n\u0131 alman\u0131n en b\u00fcy\u00fck motivasyon kayna\u011f\u0131 oldu\u011funu dile getirdi.<\/p>\n<p>&nbsp;<\/p>\n<p><strong>Annelik sadece evlat sahibi olmakla s\u0131n\u0131rlanamaz<\/strong><\/p>\n<p>Ba\u015fkan Harmanc\u0131, \u201cAnneler g\u00fcn\u00fcn\u00fcn bir kutlamadan \u00e7ok bir hat\u0131rlama oldu\u011funa inanan biriyim, hayatta olan annelerimizin ellerinden \u00f6perken, ya\u015fam\u0131n\u0131 yitiren annelerimize de rahmet diliyorum\u201d dedi.<\/p>\n<p>Anneli\u011fin sadece evlat sahibi olmakla s\u0131n\u0131rland\u0131r\u0131lamayacak bir kavram oldu\u011funu, toplumumuzda anne \u015fefkati g\u00f6stererek bir\u00e7ok bireye kol kanat geren, onlar\u0131 ya\u015fam\u0131n zorlu ko\u015fullar\u0131nda yaln\u0131z b\u0131rakmayanlar oldu\u011funun da alt\u0131n\u0131 \u00e7izen Ba\u015fkan Harmanc\u0131, b\u00f6yle \u00f6zel insanlar\u0131n varl\u0131\u011f\u0131n\u0131n her ge\u00e7en g\u00fcn artmas\u0131n\u0131n toplumumuz i\u00e7in bir \u015fans oldu\u011funu dile getirdi.<\/p>\n<p>Ba\u015fkan Harmanc\u0131, bu \u00f6zel g\u00fcnde hayatta olmayan annelerini mezar\u0131 ba\u015f\u0131nda anmak isteyenler i\u00e7in LTB Mezarl\u0131\u011f\u0131\u2019nda temizlik ve bak\u0131m \u00e7al\u0131\u015fmalar\u0131n\u0131 tamamlad\u0131klar\u0131n\u0131 vurgulad\u0131.<\/p>\n<p>&nbsp;<\/p>\n<p><strong>\u201cBu y\u0131l 65 ya\u015f \u00fcst\u00fc annelerimizin sa\u011fl\u0131k ve huzurunu sa\u011flaman\u0131n en g\u00fczel anneler g\u00fcn\u00fc hediyesi oldu\u011funa inand\u0131k\u201d<\/strong><\/p>\n<p>LTB olarak pandemi ko\u015fullar\u0131 i\u00e7erisinde 65 ya\u015f \u00fcst\u00fc bireylere her y\u0131l ger\u00e7ekle\u015ftirdikleri anneler g\u00fcn\u00fc ziyaretleri yapmamay\u0131 uygun g\u00f6rd\u00fcklerini, buradaki temel d\u00fc\u015f\u00fcncelerinin de sa\u011fl\u0131k oldu\u011funu aktaran Ba\u015fkan Harmanc\u0131, LTB Ya\u015fl\u0131lar Birimi\u2019nin \u00f6zverili \u00e7al\u0131\u015fmalar\u0131n\u0131n, annelerin sa\u011fl\u0131k ve huzurunu sa\u011flamalar\u0131n\u0131n da en g\u00fczel anneler g\u00fcn\u00fc hediyesi oldu\u011funu dile getirdi.<\/p>\n<p>&nbsp;<\/p>\n<p>Belediye olarak hizmetlerinin merkezinde g\u00f6rd\u00fckleri anneler i\u00e7in LTB Ya\u015fl\u0131lara Hizmet Birimi\u2019ne \u00fcye annelere kan al\u0131m ve tahlilden muayeneye, ila\u00e7 al\u0131mlar\u0131ndan kuaf\u00f6rl\u00fc\u011fe kadar bir\u00e7ok sa\u011fl\u0131k hizmetinde bulunduklar\u0131n\u0131 ifade eden Ba\u015fkan Harmanc\u0131, kendilerine verilen imkanlar \u00e7er\u00e7evesinde de COVID-19\u2019a kar\u015f\u0131 a\u015f\u0131lama ad\u0131mlar\u0131 att\u0131klar\u0131n\u0131 ve 1.700&#8217;den fazla bireyi a\u015f\u0131lad\u0131klar\u0131n\u0131 aktard\u0131.<\/p>\n<p>Ba\u015fkan Harmanc\u0131, ba\u015fkentte do\u011fan her \u00e7ocuk i\u00e7in ebeveynlerin ve bebeklerin ilk ihtiya\u00e7lar\u0131 aras\u0131nda yer alan battaniye, s\u0131rt bezi, z\u0131b\u0131nlar ve bebek bezinden olu\u015fan ile &#8220;Ho\u015f geldin bebek&#8221; projesi ile de annelerin ve ailelerin yan\u0131nda olduklar\u0131n\u0131 s\u00f6yledi.<\/p>\n<p>\u00dclkede tek olan LTB Kad\u0131n S\u0131\u011f\u0131nma Evi\u2019nde kalan annelerin ihtiya\u00e7lar\u0131n\u0131 kar\u015f\u0131lama ve huzurunu sa\u011flama yan\u0131nda, psikolojik destek yan\u0131nda istihdam i\u00e7in hukuki desteklerde de bulunduklar\u0131n\u0131, ayr\u0131ca LTB Payla\u015f\u0131m Mutfa\u011f\u0131 hizmetlerinden de yararland\u0131rd\u0131klar\u0131n\u0131 belirtti.<\/p>\n<p>&nbsp;<\/p>\n","protected":false},"excerpt":{"rendered":"<p>Lefko\u015fa T\u00fcrk Belediyesi Ba\u015fkan\u0131 Mehmet Harmanc\u0131, Anneler G\u00fcn\u00fc dolay\u0131s\u0131 ile [&hellip;]<\/p>\n","protected":false},"author":10,"featured_media":11356,"comment_status":"open","ping_status":"closed","sticky":false,"template":"","format":"standard","meta":{"footnotes":""},"categories":[9],"tags":[],"class_list":["post-11355","post","type-post","status-publish","format-standard","has-post-thumbnail","hentry","category-uyelerimizin-haberleri"],"_links":{"self":[{"href":"https:\/\/ktbb.org\/v1\/wp-json\/wp\/v2\/posts\/11355","targetHints":{"allow":["GET"]}}],"collection":[{"href":"https:\/\/ktbb.org\/v1\/wp-json\/wp\/v2\/posts"}],"about":[{"href":"https:\/\/ktbb.org\/v1\/wp-json\/wp\/v2\/types\/post"}],"author":[{"embeddable":true,"href":"https:\/\/ktbb.org\/v1\/wp-json\/wp\/v2\/users\/10"}],"replies":[{"embeddable":true,"href":"https:\/\/ktbb.org\/v1\/wp-json\/wp\/v2\/comments?post=11355"}],"version-history":[{"count":1,"href":"https:\/\/ktbb.org\/v1\/wp-json\/wp\/v2\/posts\/11355\/revisions"}],"predecessor-version":[{"id":11357,"href":"https:\/\/ktbb.org\/v1\/wp-json\/wp\/v2\/posts\/11355\/revisions\/11357"}],"wp:featuredmedia":[{"embeddable":true,"href":"https:\/\/ktbb.org\/v1\/wp-json\/wp\/v2\/media\/11356"}],"wp:attachment":[{"href":"https:\/\/ktbb.org\/v1\/wp-json\/wp\/v2\/media?parent=11355"}],"wp:term":[{"taxonomy":"category","embeddable":true,"href":"https:\/\/ktbb.org\/v1\/wp-json\/wp\/v2\/categories?post=11355"},{"taxonomy":"post_tag","embeddable":true,"href":"https:\/\/ktbb.org\/v1\/wp-json\/wp\/v2\/tags?post=11355"}],"curies":[{"name":"wp","href":"https:\/\/api.w.org\/{rel}","templated":true}]}}