{"id":11363,"date":"2021-05-11T09:40:46","date_gmt":"2021-05-11T09:40:46","guid":{"rendered":"http:\/\/ktbb.org\/v1\/?p=11363"},"modified":"2021-05-11T09:40:46","modified_gmt":"2021-05-11T09:40:46","slug":"ali-nesim-kabri-basinda-anildi","status":"publish","type":"post","link":"https:\/\/ktbb.org\/v1\/ali-nesim-kabri-basinda-anildi\/","title":{"rendered":"Ali Nesim Kabri Ba\u015f\u0131nda An\u0131ld\u0131"},"content":{"rendered":"<p><strong>Ara\u015ft\u0131rmac\u0131 yazar Ali Nesim, 7.ci \u00f6l\u00fcm y\u0131ld\u00f6n\u00fcm\u00fc nedeniyle Zeytinlik Mezarl\u0131\u011f\u0131\u2019ndaki kabri ba\u015f\u0131nda d\u00fczenlenen anma t\u00f6reniyle an\u0131ld\u0131.<\/strong><\/p>\n<p><strong>\u00a0<\/strong><\/p>\n<p>K\u0131br\u0131s T\u00fcrk Edebiyat\u0131\u2019n\u0131n \u00f6nemli isimlerinden birisi olan, uzun y\u0131llar K\u0131br\u0131s T\u00fcrk Yazarlar Birli\u011fi&#8217;nin Ba\u015fkanl\u0131\u011f\u0131n\u0131 da yapan ve 10 May\u0131s 2014 tarihinde vefat eden Ali Nesim, kabri ba\u015f\u0131nda an\u0131ld\u0131. Kabri ba\u015f\u0131nda okunan dualardan sonra, Zeytinlikte bulunan Ali Nesim ve Ha\u015fmet Muzaffer G\u00fcrkan alan\u0131nda konu\u015fmalar ger\u00e7ekle\u015fti.<\/p>\n<p><strong>\u00a0<\/strong><\/p>\n<p><strong>O\u011flu babas\u0131n\u0131 anlatt\u0131: \u201cZeytinlik k\u00f6y\u00fcn\u00fc ve insanlar\u0131n\u0131 \u00e7ok severdi\u201d<\/strong><\/p>\n<p><strong><br \/>\n<\/strong>Ali Nesim\u2019in heykelinin oldu\u011fu alanda konu\u015fan o\u011flu Tayfun Nesimo\u011flu, babas\u0131n\u0131n Zeytinlik k\u00f6y\u00fcn\u00fc ve insanlar\u0131n\u0131 \u00e7ok sevdi\u011fini belirterek, ad\u0131n\u0131n k\u00f6y meydan\u0131na da verilmesinin kendisini duyguland\u0131rd\u0131\u011f\u0131n\u0131 belirtti.<\/p>\n<p>&nbsp;<\/p>\n<p>Tayfun Nesimo\u011flu, bu y\u0131lki Ali Nesim edebiyat \u00f6d\u00fcllerinin kimlere verilece\u011fini se\u00e7tiklerini ve yak\u0131n zamanda bu \u00f6d\u00fclleri kazananlar\u0131 bas\u0131n yoluyla a\u00e7\u0131klayacaklar\u0131n\u0131 kaydetti.<\/p>\n<p>&nbsp;<\/p>\n<p>Girne Belediye Ba\u015fkan\u0131 Nidai G\u00fcng\u00f6rd\u00fc yapt\u0131\u011f\u0131 konu\u015fmada ise, Ali Nesim\u2019i yak\u0131ndan tan\u0131ma f\u0131rsat\u0131 buldu\u011funu belirterek arkas\u0131nda \u00f6nemli eserler b\u0131rakan Ali Nesim\u2019in zeytin a\u011fa\u00e7lar\u0131na, Zeytinlik k\u00f6y\u00fcne ve Saint Hillarion\u2019a \u00e2\u015f\u0131k bir insan oldu\u011funu s\u00f6yledi.<\/p>\n<p>&nbsp;<\/p>\n<p>\u201c\u0130nsanlar do\u011far b\u00fcy\u00fck geli\u015fir ve en nihayetinde \u00f6l\u00fcr. Bu s\u00fcre\u00e7te iz b\u0131rakmak \u00f6nemlidir. Ali hocan\u0131n bize b\u0131rakt\u0131\u011f\u0131 iz \u00e7ok de\u011ferlidir\u201d diyen G\u00fcng\u00f6rd\u00fc, Ali Nesim\u2019in an\u0131lar\u0131n\u0131 ya\u015fatmak ve gelecek nesillere aktarman\u0131n g\u00f6revleri oldu\u011funu anlatt\u0131.<\/p>\n<p>&nbsp;<\/p>\n<p>\u00d6d\u00fcl konusunda \u2019da a\u00e7\u0131klamada bulunan G\u00fcng\u00f6rd\u00fc; Ali Nesim \u00f6d\u00fclleri ad\u0131 alt\u0131nda d\u00fczenlenen bu etkinliklerde, Belediye olarak bir ad\u0131m att\u0131klar\u0131n\u0131 ve gen\u00e7 yazarlar\u0131n te\u015fvik edilmesini istediklerini kaydetti.<\/p>\n<p>&nbsp;<\/p>\n<p>&nbsp;<\/p>\n","protected":false},"excerpt":{"rendered":"<p>Ara\u015ft\u0131rmac\u0131 yazar Ali Nesim, 7.ci \u00f6l\u00fcm y\u0131ld\u00f6n\u00fcm\u00fc nedeniyle Zeytinlik Mezarl\u0131\u011f\u0131\u2019ndaki [&hellip;]<\/p>\n","protected":false},"author":10,"featured_media":11364,"comment_status":"open","ping_status":"closed","sticky":false,"template":"","format":"standard","meta":{"footnotes":""},"categories":[9],"tags":[],"class_list":["post-11363","post","type-post","status-publish","format-standard","has-post-thumbnail","hentry","category-uyelerimizin-haberleri"],"_links":{"self":[{"href":"https:\/\/ktbb.org\/v1\/wp-json\/wp\/v2\/posts\/11363","targetHints":{"allow":["GET"]}}],"collection":[{"href":"https:\/\/ktbb.org\/v1\/wp-json\/wp\/v2\/posts"}],"about":[{"href":"https:\/\/ktbb.org\/v1\/wp-json\/wp\/v2\/types\/post"}],"author":[{"embeddable":true,"href":"https:\/\/ktbb.org\/v1\/wp-json\/wp\/v2\/users\/10"}],"replies":[{"embeddable":true,"href":"https:\/\/ktbb.org\/v1\/wp-json\/wp\/v2\/comments?post=11363"}],"version-history":[{"count":1,"href":"https:\/\/ktbb.org\/v1\/wp-json\/wp\/v2\/posts\/11363\/revisions"}],"predecessor-version":[{"id":11365,"href":"https:\/\/ktbb.org\/v1\/wp-json\/wp\/v2\/posts\/11363\/revisions\/11365"}],"wp:featuredmedia":[{"embeddable":true,"href":"https:\/\/ktbb.org\/v1\/wp-json\/wp\/v2\/media\/11364"}],"wp:attachment":[{"href":"https:\/\/ktbb.org\/v1\/wp-json\/wp\/v2\/media?parent=11363"}],"wp:term":[{"taxonomy":"category","embeddable":true,"href":"https:\/\/ktbb.org\/v1\/wp-json\/wp\/v2\/categories?post=11363"},{"taxonomy":"post_tag","embeddable":true,"href":"https:\/\/ktbb.org\/v1\/wp-json\/wp\/v2\/tags?post=11363"}],"curies":[{"name":"wp","href":"https:\/\/api.w.org\/{rel}","templated":true}]}}