{"id":11369,"date":"2021-05-11T09:45:36","date_gmt":"2021-05-11T09:45:36","guid":{"rendered":"http:\/\/ktbb.org\/v1\/?p=11369"},"modified":"2021-05-11T09:45:36","modified_gmt":"2021-05-11T09:45:36","slug":"engelsiz-fidanligi-fidan-dikim-etkinligi-gerceklestirildi","status":"publish","type":"post","link":"https:\/\/ktbb.org\/v1\/engelsiz-fidanligi-fidan-dikim-etkinligi-gerceklestirildi\/","title":{"rendered":"\u201cEngelsiz Fidanl\u0131\u011f\u0131\u201d Fidan Dikim Etkinli\u011fi Ger\u00e7ekle\u015ftirildi"},"content":{"rendered":"<p><strong>Girne Belediyesi, 10 -16 May\u0131s Engelliler Haftas\u0131 Etkinlikleri \u00e7er\u00e7evesinde \u201cEngelsiz Fidanl\u0131\u011f\u0131\u201d Fidan Dikimi etkinli\u011fi ger\u00e7ekle\u015ftirildi.<\/strong><\/p>\n<p>&nbsp;<\/p>\n<p>Girne Belediyesi\u2019nden yap\u0131lan a\u00e7\u0131klamada, b\u00f6lgede yer alan \u00d6zel E\u011fitim Merkezi ve 18 Ya\u015f \u00dcst\u00fc Engelli Rehabilitasyon Merkezi okullar\u0131, Girne Belediyesi Sosyal \u0130\u015fler \u015eubesi\u2019ne ba\u011fl\u0131 Engelli Birimi \u00fcyeleri ve Girne Belediyesi \u00c7ocuk Meclisi\u2019nin k\u0131s\u0131tl\u0131 kat\u0131l\u0131m, sosyal mesafe ve hijyen kurallar\u0131na uyarak d\u00fczenledi\u011fi etkinlikler \u00e7er\u00e7evesinde, 10 May\u0131s 2021 Pazartesi g\u00fcn\u00fc saat 10:00\u2019da Karao\u011flano\u011flu b\u00f6lgesi H\u00fcseyin K\u00f6le Sokak\u2019ta \u201cEngelsiz Fidanl\u0131\u011f\u0131\u201d A\u011fa\u00e7 Dikimi etkinli\u011fi ger\u00e7ekle\u015ftirdi.<\/p>\n<p>&nbsp;<\/p>\n<p>Girne Belediye Ba\u015fkan\u0131 Nidai G\u00fcng\u00f6rd\u00fc, \u00f6ncelikle toplumun ayr\u0131lmaz bir par\u00e7as\u0131 olan \u00f6zel gereksinimli bireylerle her zaman ilgilendiklerini dile getirerek, Girne Belediyesi\u2019ne ait olan bu ye\u015fil alana Girne Belediyesi \u00c7ocuk Meclisi ile birlikte sevgiyi, bar\u0131\u015f\u0131, ho\u015fg\u00f6r\u00fcy\u00fc ve karde\u015fli\u011fi simgeleyen Zeytin fidanlar\u0131n\u0131 dikerek, \u00a0\u00f6zel e\u011fitim veren okullardan gelen \u00e7ocuklara da bu duygular\u0131n a\u015f\u0131land\u0131\u011f\u0131n\u0131 belirtti. G\u00fcng\u00f6rd\u00fc; Girne Belediyesi\u2019nin Pandemi d\u00f6neminde rutin i\u015flerin d\u0131\u015f\u0131nda sosyal ya\u015famda da etkin bir rol oynad\u0131\u011f\u0131n\u0131 i\u015faret etti. \u00a0G\u00fcng\u00f6rd\u00fc \u201c\u00d6zel gereksinimli \u00e7ocuklar\u0131m\u0131z\u0131 sevgiyle kucaklar, pandemi g\u00fcnlerinin ge\u00e7mesiyle daha g\u00fczel etkinlikler yapaca\u011f\u0131m\u0131z\u0131n alt\u0131n\u0131 \u00e7izerim, Sevgi Her Engeli A\u015far ve katk\u0131 koyan herkese te\u015fekk\u00fcr ederim\u201d dedi.<\/p>\n<p>&nbsp;<\/p>\n<p>Girne Belediyesi Sosyal \u0130\u015fler \u015eube Amiri Misli Kad\u0131o\u011flu: \u201cBir y\u0131l \u00f6nce olu\u015fturdu\u011fumuz engelli birimini olu\u015fturarak \u00f6zel e\u011fitim gerektiren bireylerimizi kucaklamak ve toplumun i\u00e7erisine katmak i\u00e7in \u00e7aba g\u00f6steriyoruz. Girne Belediyesi \u00c7ocuk Meclisimiz ile birlikte de hareket ederek \u00e7ocuklar\u0131m\u0131za b\u00fct\u00fcn engelleri kald\u0131rarak do\u011fa sevgisini a\u015f\u0131lamak, payla\u015f\u0131mlar\u0131n\u0131 art\u0131rmak amac\u0131yla etkinlikler d\u00fczenliyoruz. Etkinliklere katk\u0131 koyan herkese te\u015fekk\u00fcrlerimi sunar\u0131m\u201d dedi.<\/p>\n<p>&nbsp;<\/p>\n<p>Girne 18 Ya\u015f \u00dcst\u00fc Engelli Rehabilitasyon Merkezi Sorumlusu Leyla Yorganc\u0131o\u011flu Usta yapt\u0131\u011f\u0131 konu\u015fmada, bu tarz etkinliklerin var olmas\u0131 engelli bireylerimiz ve toplumun bilin\u00e7lenmesi a\u00e7\u0131s\u0131ndan \u00e7ok \u00f6nem arz etmekte oldu\u011funa dikkat \u00e7ekti. Usta, \u00d6ncelikle Girne Belediye Ba\u015fkan\u0131 Nidai G\u00fcng\u00f6rd\u00fc\u2019ye sadece engelliler haftas\u0131 de\u011fil her zaman yanlar\u0131nda oldu\u011fu ve desteklerini esirgemedikleri i\u00e7in te\u015fekk\u00fcr etti.<\/p>\n<p>&nbsp;<\/p>\n","protected":false},"excerpt":{"rendered":"<p>Girne Belediyesi, 10 -16 May\u0131s Engelliler Haftas\u0131 Etkinlikleri \u00e7er\u00e7evesinde \u201cEngelsiz [&hellip;]<\/p>\n","protected":false},"author":10,"featured_media":11370,"comment_status":"open","ping_status":"closed","sticky":false,"template":"","format":"standard","meta":{"footnotes":""},"categories":[9],"tags":[],"class_list":["post-11369","post","type-post","status-publish","format-standard","has-post-thumbnail","hentry","category-uyelerimizin-haberleri"],"_links":{"self":[{"href":"https:\/\/ktbb.org\/v1\/wp-json\/wp\/v2\/posts\/11369","targetHints":{"allow":["GET"]}}],"collection":[{"href":"https:\/\/ktbb.org\/v1\/wp-json\/wp\/v2\/posts"}],"about":[{"href":"https:\/\/ktbb.org\/v1\/wp-json\/wp\/v2\/types\/post"}],"author":[{"embeddable":true,"href":"https:\/\/ktbb.org\/v1\/wp-json\/wp\/v2\/users\/10"}],"replies":[{"embeddable":true,"href":"https:\/\/ktbb.org\/v1\/wp-json\/wp\/v2\/comments?post=11369"}],"version-history":[{"count":1,"href":"https:\/\/ktbb.org\/v1\/wp-json\/wp\/v2\/posts\/11369\/revisions"}],"predecessor-version":[{"id":11372,"href":"https:\/\/ktbb.org\/v1\/wp-json\/wp\/v2\/posts\/11369\/revisions\/11372"}],"wp:featuredmedia":[{"embeddable":true,"href":"https:\/\/ktbb.org\/v1\/wp-json\/wp\/v2\/media\/11370"}],"wp:attachment":[{"href":"https:\/\/ktbb.org\/v1\/wp-json\/wp\/v2\/media?parent=11369"}],"wp:term":[{"taxonomy":"category","embeddable":true,"href":"https:\/\/ktbb.org\/v1\/wp-json\/wp\/v2\/categories?post=11369"},{"taxonomy":"post_tag","embeddable":true,"href":"https:\/\/ktbb.org\/v1\/wp-json\/wp\/v2\/tags?post=11369"}],"curies":[{"name":"wp","href":"https:\/\/api.w.org\/{rel}","templated":true}]}}