{"id":11377,"date":"2021-05-11T11:02:07","date_gmt":"2021-05-11T11:02:07","guid":{"rendered":"http:\/\/ktbb.org\/v1\/?p=11377"},"modified":"2021-05-11T11:02:07","modified_gmt":"2021-05-11T11:02:07","slug":"denkay-baselin-adi-yasatilacak","status":"publish","type":"post","link":"https:\/\/ktbb.org\/v1\/denkay-baselin-adi-yasatilacak\/","title":{"rendered":"Denkay Ba\u015fel\u2019in Ad\u0131 Ya\u015fat\u0131lacak"},"content":{"rendered":"<p><strong>Ya\u015fam\u0131n\u0131, \u00d6zel Gereksinimli \u00c7ocuklara, Belediyeye Ba\u011fl\u0131 Folklor Ve Tiyatro Olu\u015fumlar\u0131yla Gen\u00e7lere Ve Girne\u2019nin Geli\u015fmesine Adayan Denkay Ba\u015fel\u2019in Ad\u0131 Girne Salih Miro\u011flu Caddesinde Olu\u015fturulacak Bir Engelsiz Do\u011fal Ya\u015fam Park\u0131nda Ya\u015fat\u0131lacak.<\/strong><\/p>\n<p><strong>\u00a0<\/strong><\/p>\n<p>Girne Belediyesi ve Denkay Ba\u015fel Sosyal Geli\u015fim Vakf\u0131 i\u015fbirli\u011fi ile \u00c7ocuklar\u0131n, Gen\u00e7lerin ve Girne Sakinlerinin nefes almas\u0131na imkan sa\u011flayacak Engelsiz Ve Do\u011fal Ya\u015fam Park\u0131n\u0131n yap\u0131m\u0131na, bug\u00fcn sembolik bir seremoniyle ba\u015fland\u0131.<\/p>\n<p>Girne Belediyesi Kent Esteti\u011fi \u015fubesi taraf\u0131ndan haz\u0131rlanan ve 1 milyon T\u00fcrk Liras\u0131na mal olmas\u0131 planlanan proje Denkay Ba\u015fel Sosyal Geli\u015fim Vakf\u0131 taraf\u0131ndan finanse edilecek.<\/p>\n<p>&nbsp;<\/p>\n<p>Girne Belediye Ba\u015fkan\u0131 Nidai G\u00fcng\u00f6rd\u00fc, belediye ve vak\u0131f i\u015fbirli\u011fi ile yap\u0131lacak projeyle Girne\u2019ye kendini adayan \u00d6zel E\u011fitim \u00d6\u011fretmeni ve Okul M\u00fcd\u00fcr\u00fc olan Denkay Ba\u015fel\u2019in ad\u0131n\u0131n ya\u015fat\u0131laca\u011f\u0131n\u0131 belirterek, ye\u015fil alan projesinin t\u00fcm Girne halk\u0131na hay\u0131rl\u0131 olmas\u0131n\u0131 diledi.<\/p>\n<p>&nbsp;<\/p>\n<p>Ticaret aks\u0131n\u0131n oldu\u011fu, ticari alanlarla, konutlar\u0131n i\u00e7 i\u00e7e ge\u00e7ti\u011fi Salih Miro\u011flu Caddesi b\u00f6lgesinde, b\u00f6yle bir ye\u015fil alana ihtiya\u00e7 oldu\u011funu kaydeden G\u00fcng\u00f6rd\u00fc,\u00a0 5 bin 500 metrekarelik alan\u0131 kapsayacak projenin maliyetinin 1 milyon T\u00fcrk Liras\u0131n\u0131 a\u015faca\u011f\u0131n\u0131 ifade etti.<\/p>\n<p>&nbsp;<\/p>\n<p>Proje alan\u0131nda yer alan \u00e7am a\u011fa\u00e7lar\u0131n\u0131n ve do\u011fal g\u00f6r\u00fcn\u00fcm\u00fcn korunaca\u011f\u0131n\u0131 s\u00f6yleyen G\u00fcng\u00f6rd\u00fc, engelli birey ve \u00e7ocuklar\u0131n eri\u015fimine uygun, \u00e7ocuklar\u0131n fiziksel ve zihinsel geli\u015fimine katk\u0131 sa\u011flayacak oyun aletlerinin yer alaca\u011f\u0131, y\u00fcksek internet altyap\u0131s\u0131 da sunacak projenin, vakf\u0131n vizyonunu temsil eden bir alan olaca\u011f\u0131n\u0131 kaydetti.<\/p>\n<p>Parkta olu\u015fturulacak y\u00fcksek internet altyap\u0131s\u0131 sayesinde, gen\u00e7lerin, \u00f6\u011frencilerin bilgisayarlar\u0131yla gelerek yararlanabilece\u011fi \u00e7ok ama\u00e7l\u0131, klasik park anlay\u0131\u015f\u0131ndan farkl\u0131 alan olaca\u011f\u0131n\u0131 dile getiren G\u00fcng\u00f6rd\u00fc, burada engelli bireyler ve \u00e7ocuklar\u0131n yararlanaca\u011f\u0131 aktivitelerin de yer alaca\u011f\u0131n\u0131 anlatt\u0131.<\/p>\n<p>&nbsp;<\/p>\n<p>Konu\u015fmas\u0131nda, projenin hayat bulmas\u0131na katk\u0131 koyan, Ba\u015fel Holding Y\u00f6netim Kurulu Ba\u015fkan\u0131 ve vak\u0131f kurucusu Burak Ba\u015fel\u2019e, Girne Belediyesi Meclisine, Kent Esteti\u011fi \u015fubesine te\u015fekk\u00fcr eden G\u00fcng\u00f6rd\u00fc, projenin en k\u0131sa zamanda tamamlanaca\u011f\u0131na inan\u00e7 belirtti.<\/p>\n<p>&nbsp;<\/p>\n<p>Konu\u015fmas\u0131n\u0131n sonunda, vatanda\u015flar\u0131n bayram\u0131n\u0131 da kutlayan G\u00fcng\u00f6rd\u00fc, covid 19 salg\u0131n\u0131n\u0131n devam etti\u011fini an\u0131msatarak, vatanda\u015flardan bayram s\u00fcresince kalabal\u0131ktan uzak durmalar\u0131n\u0131, maske mesafe ve hijyen kurallar\u0131na dikkat etmelerini istedi.<\/p>\n<p>&nbsp;<\/p>\n<p>&nbsp;<\/p>\n<p>Denkay Ba\u015fel Sosyal Geli\u015fim Vakf\u0131 kurucusu ve Ba\u015fel Holding Y\u00f6netim Kurulu Ba\u015fkan\u0131 Burak Ba\u015fel de,\u00a0 kendilerine, herkesin eri\u015fimine imkan tan\u0131yacak, engelsiz ve do\u011fal malzemelerle d\u00fczenlenecek bu ye\u015fil alan\u0131n d\u00fczenlemesi f\u0131rsat\u0131n\u0131 veren Girne Belediyesine te\u015fekk\u00fcrlerini sundu.<\/p>\n<p>&nbsp;<\/p>\n<p>Ye\u015fil alan\u0131n, \u00f6zellikle engelli bireylerin yararlanabilece\u011fi bir park olaca\u011f\u0131n\u0131 ifade eden Ba\u015fel, yakla\u015f\u0131k 4 d\u00f6n\u00fcml\u00fck alanda, \u00e7ocuk oyun alan\u0131 d\u0131\u015f\u0131nda, Girne\u2019nin ihtiyac\u0131 olan- gen\u00e7lere hitap eden, y\u00fcksek internet eri\u015fimi sunan bir d\u00fczenleme yer alaca\u011f\u0131n\u0131 ifade etti.<\/p>\n<p>S\u00f6z konusu alanda do\u011fal g\u00f6r\u00fcn\u00fcm\u00fcn korunaca\u011f\u0131n\u0131 dile getiren Ba\u015f el, projeyi buradaki do\u011fal yap\u0131ya zarar vermeden ger\u00e7ekle\u015ftireceklerini kaydetti.<\/p>\n","protected":false},"excerpt":{"rendered":"<p>Ya\u015fam\u0131n\u0131, \u00d6zel Gereksinimli \u00c7ocuklara, Belediyeye Ba\u011fl\u0131 Folklor Ve Tiyatro Olu\u015fumlar\u0131yla [&hellip;]<\/p>\n","protected":false},"author":10,"featured_media":11379,"comment_status":"open","ping_status":"closed","sticky":false,"template":"","format":"standard","meta":{"footnotes":""},"categories":[9],"tags":[],"class_list":["post-11377","post","type-post","status-publish","format-standard","has-post-thumbnail","hentry","category-uyelerimizin-haberleri"],"_links":{"self":[{"href":"https:\/\/ktbb.org\/v1\/wp-json\/wp\/v2\/posts\/11377","targetHints":{"allow":["GET"]}}],"collection":[{"href":"https:\/\/ktbb.org\/v1\/wp-json\/wp\/v2\/posts"}],"about":[{"href":"https:\/\/ktbb.org\/v1\/wp-json\/wp\/v2\/types\/post"}],"author":[{"embeddable":true,"href":"https:\/\/ktbb.org\/v1\/wp-json\/wp\/v2\/users\/10"}],"replies":[{"embeddable":true,"href":"https:\/\/ktbb.org\/v1\/wp-json\/wp\/v2\/comments?post=11377"}],"version-history":[{"count":1,"href":"https:\/\/ktbb.org\/v1\/wp-json\/wp\/v2\/posts\/11377\/revisions"}],"predecessor-version":[{"id":11381,"href":"https:\/\/ktbb.org\/v1\/wp-json\/wp\/v2\/posts\/11377\/revisions\/11381"}],"wp:featuredmedia":[{"embeddable":true,"href":"https:\/\/ktbb.org\/v1\/wp-json\/wp\/v2\/media\/11379"}],"wp:attachment":[{"href":"https:\/\/ktbb.org\/v1\/wp-json\/wp\/v2\/media?parent=11377"}],"wp:term":[{"taxonomy":"category","embeddable":true,"href":"https:\/\/ktbb.org\/v1\/wp-json\/wp\/v2\/categories?post=11377"},{"taxonomy":"post_tag","embeddable":true,"href":"https:\/\/ktbb.org\/v1\/wp-json\/wp\/v2\/tags?post=11377"}],"curies":[{"name":"wp","href":"https:\/\/api.w.org\/{rel}","templated":true}]}}