{"id":11378,"date":"2021-05-11T11:02:11","date_gmt":"2021-05-11T11:02:11","guid":{"rendered":"http:\/\/ktbb.org\/v1\/?p=11378"},"modified":"2021-05-11T11:02:11","modified_gmt":"2021-05-11T11:02:11","slug":"engelliler-haftasi-etkinlikleri-devam-ediyor","status":"publish","type":"post","link":"https:\/\/ktbb.org\/v1\/engelliler-haftasi-etkinlikleri-devam-ediyor\/","title":{"rendered":"Engelliler Haftas\u0131 etkinlikleri devam ediyor"},"content":{"rendered":"<p><strong>Girne Belediyesi, 10-16 May\u0131s Engelliler Haftas\u0131 Nedeniyle \u00c7ocuk Meclisi Ve 18 Ya\u015f \u00dcst\u00fc Engelli Rehabilitasyon Merkezi \u00d6\u011frencileriyle \u201cKu\u015f Yuvas\u0131 Boyama Etkinli\u011fi\u201d D\u00fczenledi<\/strong><\/p>\n<p><strong>\u00a0<\/strong><\/p>\n<p>K\u0131s\u0131tl\u0131 say\u0131da kat\u0131l\u0131mc\u0131yla, sosyal mesafe ve hijyen kurallar\u0131na uyarak bug\u00fcn (11 May\u0131s 2021 Sal\u0131) Ramadan Cemil Meydan\u0131\u2019nda ger\u00e7ekle\u015ftirilen etkinlikte, belediye ah\u015fap at\u00f6lyesinde haz\u0131rlanan ku\u015f yuvalar\u0131n\u0131 boyayan \u00e7ocuk ve gen\u00e7ler keyifli saatler ge\u00e7irdi. Etkinli\u011fin sonunda rengarenk boyanan ku\u015f yuvalar\u0131 belediye bah\u00e7esindeki a\u011fa\u00e7lara as\u0131ld\u0131.<\/p>\n<p>&nbsp;<\/p>\n<p>Girne Belediyesi Ba\u015fkan\u0131 Nidai G\u00fcng\u00f6rd\u00fc, \u00f6zel gereksinimli bireylerin sosyal ya\u015famda kendilerine yer bulmas\u0131n\u0131n \u00f6nemine i\u015faret ederek, d\u00fczenlenen bu gibi etkinliklerin hem fark\u0131ndal\u0131k yaratt\u0131\u011f\u0131n\u0131 hem de \u00e7ocuk ve gen\u00e7lerin kayna\u015fmas\u0131n\u0131 sa\u011flad\u0131\u011f\u0131n\u0131 s\u00f6yledi. D\u00fcn ger\u00e7ekle\u015ftirilen fidan dikimi etkinli\u011finin ard\u0131ndan ku\u015f yuvas\u0131 boyama etkinli\u011finin d\u00fczenlenmesinin do\u011fa sevgisini a\u015f\u0131lamak i\u00e7in de vesile oldu\u011funu ifade eden G\u00fcng\u00f6rd\u00fc, &#8220;Bir y\u0131l \u00f6nce Sosyal \u0130\u015fler \u015eubesine ba\u011fl\u0131 olarak faaliyete koydu\u011fumuz Engelli Birimimizle, t\u00fcm engelleri kald\u0131r\u0131p, t\u00fcm \u00f6zel gereksinimli bireylere destek olmak hedefindeyiz. \u00d6zg\u00fcrl\u00fc\u011fe Kanat \u00c7\u0131rp slogan\u0131yla d\u00fczenlenen bu etkinlik de, insan ve do\u011fa sevgisi i\u00e7in mesaj vermektedir. Kat\u0131lan \u00e7ocuklar ve eme\u011fi ge\u00e7en herkese te\u015fekk\u00fcr ederim&#8221; dedi.<\/p>\n","protected":false},"excerpt":{"rendered":"<p>Girne Belediyesi, 10-16 May\u0131s Engelliler Haftas\u0131 Nedeniyle \u00c7ocuk Meclisi Ve [&hellip;]<\/p>\n","protected":false},"author":10,"featured_media":11380,"comment_status":"open","ping_status":"closed","sticky":false,"template":"","format":"standard","meta":{"footnotes":""},"categories":[9],"tags":[],"class_list":["post-11378","post","type-post","status-publish","format-standard","has-post-thumbnail","hentry","category-uyelerimizin-haberleri"],"_links":{"self":[{"href":"https:\/\/ktbb.org\/v1\/wp-json\/wp\/v2\/posts\/11378","targetHints":{"allow":["GET"]}}],"collection":[{"href":"https:\/\/ktbb.org\/v1\/wp-json\/wp\/v2\/posts"}],"about":[{"href":"https:\/\/ktbb.org\/v1\/wp-json\/wp\/v2\/types\/post"}],"author":[{"embeddable":true,"href":"https:\/\/ktbb.org\/v1\/wp-json\/wp\/v2\/users\/10"}],"replies":[{"embeddable":true,"href":"https:\/\/ktbb.org\/v1\/wp-json\/wp\/v2\/comments?post=11378"}],"version-history":[{"count":1,"href":"https:\/\/ktbb.org\/v1\/wp-json\/wp\/v2\/posts\/11378\/revisions"}],"predecessor-version":[{"id":11382,"href":"https:\/\/ktbb.org\/v1\/wp-json\/wp\/v2\/posts\/11378\/revisions\/11382"}],"wp:featuredmedia":[{"embeddable":true,"href":"https:\/\/ktbb.org\/v1\/wp-json\/wp\/v2\/media\/11380"}],"wp:attachment":[{"href":"https:\/\/ktbb.org\/v1\/wp-json\/wp\/v2\/media?parent=11378"}],"wp:term":[{"taxonomy":"category","embeddable":true,"href":"https:\/\/ktbb.org\/v1\/wp-json\/wp\/v2\/categories?post=11378"},{"taxonomy":"post_tag","embeddable":true,"href":"https:\/\/ktbb.org\/v1\/wp-json\/wp\/v2\/tags?post=11378"}],"curies":[{"name":"wp","href":"https:\/\/api.w.org\/{rel}","templated":true}]}}