{"id":11394,"date":"2021-05-12T05:32:03","date_gmt":"2021-05-12T05:32:03","guid":{"rendered":"http:\/\/ktbb.org\/v1\/?p=11394"},"modified":"2021-05-17T05:33:31","modified_gmt":"2021-05-17T05:33:31","slug":"iskele-belediyesinden-hemsirelere-cicek","status":"publish","type":"post","link":"https:\/\/ktbb.org\/v1\/iskele-belediyesinden-hemsirelere-cicek\/","title":{"rendered":"\u0130skele Belediyesi&#8217;nden hem\u015firelere \u00e7i\u00e7ek"},"content":{"rendered":"<p>\u0130skele Belediyesi, \u00f6zellikle son y\u0131llarda Koronavir\u00fcs salg\u0131n\u0131nda g\u00f6stermi\u015f olduklar\u0131 \u00fcst\u00fcn gayretten dolay\u0131 b\u00fcy\u00fck takdir g\u00f6ren Hem\u015fireleri unutmad\u0131. D\u00fcnya hem\u015fireler g\u00fcn\u00fc nedeni ile \u0130skele\u2019deki hem\u015firelere \u00e7i\u00e7ek takdim etti. Emekli hem\u015firelerin de unutulmad\u0131\u011f\u0131 g\u00fcnde \u0130skele Belediye Ba\u015fkan\u0131 Hasan Sad\u0131ko\u011flu da \u0130skele Belediyesi Sa\u011fl\u0131k Birimi hem\u015firelerini, PCR Testlerini yapt\u0131klar\u0131 \u0130skele Belediyesi Kapal\u0131 D\u00fc\u011f\u00fcn Salonu\u2019nda ziyaret etti. Kendilerine g\u00f6stermi\u015f olduklar\u0131 \u00fcst\u00fcn gayretten \u00f6t\u00fcr\u00fc te\u015fekk\u00fcr eden Ba\u015fkan Sad\u0131ko\u011flu, hem\u015firelerin, \u00f6zellikle Pandemi d\u00f6neminde \u00e7ok kutsal bir g\u00f6rev icra ettiklerini s\u00f6yledi.<\/p>\n<p>&nbsp;<\/p>\n<p><strong>\u0130SKELE BELED\u0130YES\u0130, \u0130SKELE\u2019DEK\u0130 HEM\u015e\u0130RELERE \u00c7\u0130\u00c7EK TAKD\u0130M ETT\u0130 <\/strong><\/p>\n<p>\u0130skele Belediyesi, \u0130skele\u2019de faaliyet g\u00f6steren Dr. Orhan M\u00fcderriso\u011flu \u0130skele Sa\u011fl\u0131k Merkezi\u00a0 ile \u0130skele Belediyesi\u2019nin Sa\u011fl\u0131k Birimindeki \u00e7\u00f6z\u00fcm orta\u011f\u0131 Physioart Fizik Tedavi Rehabilitasyon ve Sa\u011fl\u0131k Klini\u011fi\u2019nde g\u00f6revli hem\u015firelere \u00e7i\u00e7ek takdim etti.\u00a0 \u0130skele Belediye Ba\u015fkan\u0131 Hasan Sad\u0131ko\u011flu\u2019nun mesaj\u0131n\u0131n bulundu\u011fu \u00e7i\u00e7ekler, \u0130skele\u2019de ya\u015fayan emekli hem\u015firelere de ula\u015ft\u0131r\u0131ld\u0131.<\/p>\n<p>&nbsp;<\/p>\n<p><strong>BA\u015eKANI SADIKO\u011eLU, HEM\u015e\u0130RELER\u0130M\u0130Z\u0130N HEM\u015e\u0130RELER G\u00dcN\u00dcN\u00dc KUTLADI <\/strong><\/p>\n<p>\u0130skele Belediye Ba\u015fkan\u0131 Hasan Sad\u0131ko\u011flu da, ge\u00e7ti\u011fimiz y\u0131l Mart ay\u0131ndan bu yana y\u0131lmadan usanmadan \u00e7al\u0131\u015fan, Evde Sa\u011fl\u0131k Hizmetini pandemi d\u00f6neminde de pandemi kurallar\u0131 \u00e7er\u00e7evesinde s\u00fcrd\u00fcren, 5 \u015eubat\u2019tan bu yana da Sa\u011fl\u0131k Bakanl\u0131\u011f\u0131 ile yap\u0131lan i\u015fbirli\u011fi neticesinde \u0130skele\u2019de \u00fccretsiz PCR Testleri yapan \u0130skele Belediyesi Sa\u011fl\u0131k Birimi hem\u015firelerini ziyaret etti. \u0130skele Belediyesi Kapal\u0131 D\u00fc\u011f\u00fcn Salonu\u2019na giderek, hem\u015firelerle bir araya gelen Ba\u015fkan Sad\u0131ko\u011flu, Sa\u011fl\u0131k Birimi Sorumlusu Berna Bal ve hem\u015fireler Gamze \u00d6zkan ile Elif \u00d6zkurt\u2019u tebrik etti ve Hem\u015fireler G\u00fcn\u00fc\u2019n\u00fc kutlad\u0131. Ba\u015fkan Sad\u0131ko\u011flu, Salg\u0131n\u0131n oldu\u011fu bir d\u00f6nemde, canla ba\u015fla \u00e7al\u0131\u015ft\u0131klar\u0131 ve \u00fcst\u00fcm gayret g\u00f6stermelerinden \u00f6t\u00fcr\u00fc te\u015fekk\u00fcrlerini sundu. Ba\u015fkan Sad\u0131ko\u011flu\u2019na hem\u015fireleri ziyaretinde \u0130skele Belediyesi Meclis \u00dcyesi \u00c7a\u011fan Co\u015fkuner de e\u015flik etti.<\/p>\n<p>&nbsp;<\/p>\n<p>&nbsp;<\/p>\n<p>&nbsp;<\/p>\n<p>&nbsp;<\/p>\n<p>&nbsp;<\/p>\n<p>&nbsp;<\/p>\n","protected":false},"excerpt":{"rendered":"<p>\u0130skele Belediyesi, \u00f6zellikle son y\u0131llarda Koronavir\u00fcs salg\u0131n\u0131nda g\u00f6stermi\u015f olduklar\u0131 \u00fcst\u00fcn [&hellip;]<\/p>\n","protected":false},"author":10,"featured_media":11395,"comment_status":"open","ping_status":"closed","sticky":false,"template":"","format":"standard","meta":{"footnotes":""},"categories":[9],"tags":[],"class_list":["post-11394","post","type-post","status-publish","format-standard","has-post-thumbnail","hentry","category-uyelerimizin-haberleri"],"_links":{"self":[{"href":"https:\/\/ktbb.org\/v1\/wp-json\/wp\/v2\/posts\/11394","targetHints":{"allow":["GET"]}}],"collection":[{"href":"https:\/\/ktbb.org\/v1\/wp-json\/wp\/v2\/posts"}],"about":[{"href":"https:\/\/ktbb.org\/v1\/wp-json\/wp\/v2\/types\/post"}],"author":[{"embeddable":true,"href":"https:\/\/ktbb.org\/v1\/wp-json\/wp\/v2\/users\/10"}],"replies":[{"embeddable":true,"href":"https:\/\/ktbb.org\/v1\/wp-json\/wp\/v2\/comments?post=11394"}],"version-history":[{"count":1,"href":"https:\/\/ktbb.org\/v1\/wp-json\/wp\/v2\/posts\/11394\/revisions"}],"predecessor-version":[{"id":11397,"href":"https:\/\/ktbb.org\/v1\/wp-json\/wp\/v2\/posts\/11394\/revisions\/11397"}],"wp:featuredmedia":[{"embeddable":true,"href":"https:\/\/ktbb.org\/v1\/wp-json\/wp\/v2\/media\/11395"}],"wp:attachment":[{"href":"https:\/\/ktbb.org\/v1\/wp-json\/wp\/v2\/media?parent=11394"}],"wp:term":[{"taxonomy":"category","embeddable":true,"href":"https:\/\/ktbb.org\/v1\/wp-json\/wp\/v2\/categories?post=11394"},{"taxonomy":"post_tag","embeddable":true,"href":"https:\/\/ktbb.org\/v1\/wp-json\/wp\/v2\/tags?post=11394"}],"curies":[{"name":"wp","href":"https:\/\/api.w.org\/{rel}","templated":true}]}}