{"id":11399,"date":"2021-05-17T08:31:06","date_gmt":"2021-05-17T08:31:06","guid":{"rendered":"http:\/\/ktbb.org\/v1\/?p=11399"},"modified":"2021-05-17T08:33:49","modified_gmt":"2021-05-17T08:33:49","slug":"k-t-belediyeler-birligi-avrupa-konseyinde-daha-guclu-bir-sekilde-temsil-ediliyor","status":"publish","type":"post","link":"https:\/\/ktbb.org\/v1\/k-t-belediyeler-birligi-avrupa-konseyinde-daha-guclu-bir-sekilde-temsil-ediliyor\/","title":{"rendered":"K. T. Belediyeler Birli\u011fi, Avrupa Konseyi\u2019nde daha g\u00fc\u00e7l\u00fc bir \u015fekilde temsil ediliyor"},"content":{"rendered":"<p>K\u0131br\u0131s T\u00fcrk Belediyeler Birli\u011fi ve G\u00fczelyurt Belediye Ba\u015fkan\u0131 Mahmut \u00d6z\u00e7\u0131nar ile Girne Belediye Ba\u015fkan\u0131 Nidai G\u00fcng\u00f6rd\u00fc, Avrupa Konseyi Yerel ve B\u00f6lgesel Y\u00f6netimler Kongresi\u2019nin \u0130dari Komite toplant\u0131s\u0131na kat\u0131ld\u0131.<\/p>\n<p>12 May\u0131s \u00c7ar\u015famba g\u00fcn\u00fc yap\u0131lan toplant\u0131, Covid-19 pandemisi nedeniyle \u00e7evirim i\u00e7i olarak ger\u00e7ekle\u015ftirildi.<\/p>\n<p>Toplant\u0131da, b\u00f6lgesel dayan\u0131\u015fma, belediye meclis \u00fcyelerinin gelecekteki rol\u00fc, ak\u0131ll\u0131 \u015fehirler, yerel ve b\u00f6lgesel demokrasi konular\u0131 irdelenerek, 2021-2022 \u00e7al\u0131\u015fma program\u0131 ele al\u0131nd\u0131.<\/p>\n<p>Lefko\u015fa ile G\u00f6nyeli\u2019nin ard\u0131ndan Girne Belediyesi\u2019nin de toplant\u0131lara kat\u0131l\u0131m\u0131 ile K. T. Belediyeler Birli\u011fi, Avrupa Konseyi\u2019nde daha g\u00fc\u00e7l\u00fc bir temsil ediliyor.<\/p>\n<p>K. T. Belediyeler Birli\u011fi ve G\u00fczelyurt Belediye Ba\u015fkan\u0131 Mahmut \u00d6z\u00e7\u0131nar, Girne Belediyesi\u2019nin de toplant\u0131lara kat\u0131l\u0131m\u0131n\u0131n \u00f6nemli oldu\u011funu belirterek, bundan b\u00fcy\u00fck memnuniyet duyduklar\u0131n\u0131 belirtti. Toplant\u0131n\u0131n \u00e7ok verimli ge\u00e7ti\u011fini kaydeden \u00d6z\u00e7\u0131nar, K. T. Belediyeler Birli\u011fi\u2019nin, Avrupa Konseyi\u2019nde daha g\u00fc\u00e7l\u00fc bir \u015fekilde temsil edildi\u011fini vurgulad\u0131.<\/p>\n","protected":false},"excerpt":{"rendered":"<p>K\u0131br\u0131s T\u00fcrk Belediyeler Birli\u011fi ve G\u00fczelyurt Belediye Ba\u015fkan\u0131 Mahmut \u00d6z\u00e7\u0131nar [&hellip;]<\/p>\n","protected":false},"author":10,"featured_media":11400,"comment_status":"open","ping_status":"closed","sticky":false,"template":"","format":"standard","meta":{"footnotes":""},"categories":[1],"tags":[],"class_list":["post-11399","post","type-post","status-publish","format-standard","has-post-thumbnail","hentry","category-birlikten-haberler"],"_links":{"self":[{"href":"https:\/\/ktbb.org\/v1\/wp-json\/wp\/v2\/posts\/11399","targetHints":{"allow":["GET"]}}],"collection":[{"href":"https:\/\/ktbb.org\/v1\/wp-json\/wp\/v2\/posts"}],"about":[{"href":"https:\/\/ktbb.org\/v1\/wp-json\/wp\/v2\/types\/post"}],"author":[{"embeddable":true,"href":"https:\/\/ktbb.org\/v1\/wp-json\/wp\/v2\/users\/10"}],"replies":[{"embeddable":true,"href":"https:\/\/ktbb.org\/v1\/wp-json\/wp\/v2\/comments?post=11399"}],"version-history":[{"count":2,"href":"https:\/\/ktbb.org\/v1\/wp-json\/wp\/v2\/posts\/11399\/revisions"}],"predecessor-version":[{"id":11402,"href":"https:\/\/ktbb.org\/v1\/wp-json\/wp\/v2\/posts\/11399\/revisions\/11402"}],"wp:featuredmedia":[{"embeddable":true,"href":"https:\/\/ktbb.org\/v1\/wp-json\/wp\/v2\/media\/11400"}],"wp:attachment":[{"href":"https:\/\/ktbb.org\/v1\/wp-json\/wp\/v2\/media?parent=11399"}],"wp:term":[{"taxonomy":"category","embeddable":true,"href":"https:\/\/ktbb.org\/v1\/wp-json\/wp\/v2\/categories?post=11399"},{"taxonomy":"post_tag","embeddable":true,"href":"https:\/\/ktbb.org\/v1\/wp-json\/wp\/v2\/tags?post=11399"}],"curies":[{"name":"wp","href":"https:\/\/api.w.org\/{rel}","templated":true}]}}