{"id":11403,"date":"2021-05-18T08:57:11","date_gmt":"2021-05-18T08:57:11","guid":{"rendered":"http:\/\/ktbb.org\/v1\/?p=11403"},"modified":"2021-05-18T08:57:11","modified_gmt":"2021-05-18T08:57:11","slug":"ozcinar-19-mayis-ataturku-anma-genclik-ve-spor-bayramini-kutladi-2","status":"publish","type":"post","link":"https:\/\/ktbb.org\/v1\/ozcinar-19-mayis-ataturku-anma-genclik-ve-spor-bayramini-kutladi-2\/","title":{"rendered":"\u00d6z\u00e7\u0131nar 19 May\u0131s Atat\u00fcrk\u2019\u00fc Anma, Gen\u00e7lik ve Spor Bayram\u0131\u2019n\u0131 Kutlad\u0131"},"content":{"rendered":"<p>K. T. Belediyeler Birli\u011fi ve G\u00fczelyurt Belediye Ba\u015fkan\u0131 Mahmut \u00d6z\u00e7\u0131nar, 19 May\u0131s Atat\u00fcrk\u2019\u00fc Anma, Gen\u00e7lik ve Spor Bayram\u0131 dolay\u0131s\u0131yla mesaj yay\u0131mlad\u0131.<\/p>\n<p>\u00d6z\u00e7\u0131nar\u2019\u0131n mesaj\u0131 \u015f\u00f6yle:<\/p>\n<p>T\u00fcrk tarihinin en \u00f6nemli d\u00f6n\u00fcm noktas\u0131, kurtulu\u015f ate\u015finin yak\u0131ld\u0131\u011f\u0131 ve ayd\u0131nl\u0131k bir gelece\u011fe olan inanc\u0131n kuvvetlendi\u011fi, Atat\u00fcrk\u2019\u00fcn Samsun\u2019a ayak basarak milli m\u00fccadeleyi ba\u015flatt\u0131\u011f\u0131 g\u00fcn olan 19 May\u0131s Atat\u00fcrk\u2019\u00fc anma Gen\u00e7lik ve Spor Bayram\u0131m\u0131z\u0131n 102. Y\u0131ld\u00f6n\u00fcm\u00fc kutlu olsun.<\/p>\n<p>\u00dclkemiz gencinin de\u011ferlerimize ve ge\u00e7mi\u015fimize sahip \u00e7\u0131karak \u00fclkemizi hayal edebilecekleri noktadan \u00e7ok daha \u00f6teye getirebileceklerine inanc\u0131m tamd\u0131r.<\/p>\n<p>Unutulmamal\u0131d\u0131r ki gen\u00e7lik; milletlerin g\u00fcc\u00fcd\u00fcr, yar\u0131nlar\u0131d\u0131r\u2026<\/p>\n<p>Gelece\u011fin g\u00fcvencesi gen\u00e7lerimizin heyecan\u0131n\u0131, bu sene yine d\u00fcnyada ya\u015fanan korona vir\u00fcs salg\u0131n\u0131 nedeniyle diledi\u011fimiz \u015fekilde kutlayamaman\u0131n buruklu\u011funu ya\u015famaktay\u0131z.<\/p>\n<p>Gen\u00e7lerin ve aziz T\u00fcrk milletinin 19 May\u0131s Atat\u00fcrk&#8217;\u00fc Anma, Gen\u00e7lik ve Spor Bayram\u0131&#8217;n\u0131 kutlar, \u00a0Gazi Mustafa Kemal Atat\u00fcrk olmak \u00fczere Kurtulu\u015f Sava\u015f\u0131&#8217;n\u0131n b\u00fct\u00fcn kahramanlar\u0131n\u0131 sayg\u0131 ile an\u0131yorum.<\/p>\n<p>&nbsp;<\/p>\n","protected":false},"excerpt":{"rendered":"<p>K. T. Belediyeler Birli\u011fi ve G\u00fczelyurt Belediye Ba\u015fkan\u0131 Mahmut \u00d6z\u00e7\u0131nar, [&hellip;]<\/p>\n","protected":false},"author":10,"featured_media":8865,"comment_status":"open","ping_status":"closed","sticky":false,"template":"","format":"standard","meta":{"footnotes":""},"categories":[1],"tags":[],"class_list":["post-11403","post","type-post","status-publish","format-standard","has-post-thumbnail","hentry","category-birlikten-haberler"],"_links":{"self":[{"href":"https:\/\/ktbb.org\/v1\/wp-json\/wp\/v2\/posts\/11403","targetHints":{"allow":["GET"]}}],"collection":[{"href":"https:\/\/ktbb.org\/v1\/wp-json\/wp\/v2\/posts"}],"about":[{"href":"https:\/\/ktbb.org\/v1\/wp-json\/wp\/v2\/types\/post"}],"author":[{"embeddable":true,"href":"https:\/\/ktbb.org\/v1\/wp-json\/wp\/v2\/users\/10"}],"replies":[{"embeddable":true,"href":"https:\/\/ktbb.org\/v1\/wp-json\/wp\/v2\/comments?post=11403"}],"version-history":[{"count":1,"href":"https:\/\/ktbb.org\/v1\/wp-json\/wp\/v2\/posts\/11403\/revisions"}],"predecessor-version":[{"id":11404,"href":"https:\/\/ktbb.org\/v1\/wp-json\/wp\/v2\/posts\/11403\/revisions\/11404"}],"wp:featuredmedia":[{"embeddable":true,"href":"https:\/\/ktbb.org\/v1\/wp-json\/wp\/v2\/media\/8865"}],"wp:attachment":[{"href":"https:\/\/ktbb.org\/v1\/wp-json\/wp\/v2\/media?parent=11403"}],"wp:term":[{"taxonomy":"category","embeddable":true,"href":"https:\/\/ktbb.org\/v1\/wp-json\/wp\/v2\/categories?post=11403"},{"taxonomy":"post_tag","embeddable":true,"href":"https:\/\/ktbb.org\/v1\/wp-json\/wp\/v2\/tags?post=11403"}],"curies":[{"name":"wp","href":"https:\/\/api.w.org\/{rel}","templated":true}]}}