{"id":11408,"date":"2021-05-17T06:02:24","date_gmt":"2021-05-17T06:02:24","guid":{"rendered":"http:\/\/ktbb.org\/v1\/?p=11408"},"modified":"2021-05-20T06:04:27","modified_gmt":"2021-05-20T06:04:27","slug":"baskan-harmancidan-ozel-egitim-kurumlarina-ziyaret","status":"publish","type":"post","link":"https:\/\/ktbb.org\/v1\/baskan-harmancidan-ozel-egitim-kurumlarina-ziyaret\/","title":{"rendered":"Ba\u015fkan Harmanc\u0131\u2019dan \u00f6zel e\u011fitim kurumlar\u0131na ziyaret"},"content":{"rendered":"<p>Lefko\u015fa T\u00fcrk Belediyesi (LTB) Ba\u015fkan\u0131 Mehmet Harmanc\u0131, Lefko\u015fa \u00d6zel E\u011fitim ve \u0130\u015f E\u011fitim Merkezi, Rauf Raif Denkta\u015f G\u00f6rme Engelliler \u00d6zel E\u011fitim Okulu, \u00d6zg\u00fcr Ad\u0131mlar \u00d6zel E\u011fitim Merkezi, Elita \u00d6zel E\u011fitim Merkezi, Kuzey\u00a0K\u0131br\u0131s\u00a0T\u00fcrk Cumhuriyeti\u00a0Engelliler Spor Federasyonu, Alg\u0131m \u00d6zel E\u011fitim Merkezi, K\u0131br\u0131s T\u00fcrk\u00a0G\u00f6rmezler Derne\u011fi, \u00d6zel E\u011fitim Vakf\u0131 ile \u0130z \u00d6zel E\u011fitim ve Rehabilitasyon Merkezi\u2019ni ziyaret ederek okul yetkilileri ile g\u00f6r\u00fc\u015ft\u00fc. Merkezde e\u011fitim g\u00f6ren \u00e7ocuklarla da sohbet eden Harmanc\u0131, okul yetkililerine zeytin fidan\u0131 hediye etti.<\/p>\n<p><strong>\u00a0\u201cUla\u015f\u0131m, Dola\u015f\u0131m, Eri\u015fim ve Sosyal Ya\u015fama Kat\u0131l\u0131m i\u00e7in i\u015f birli\u011finde \u00e7al\u0131\u015fmaya devam edece\u011fiz\u201d<br \/>\n<\/strong>LTB Ba\u015fkan\u0131 Harmanc\u0131 ziyaretlerde, LTB&#8217;nin \u00f6zel gereksinimli bireylere sunulan ula\u015f\u0131m hizmetinin yan\u0131 s\u0131ra, Yeni D\u00fcnya Engelsiz Aktivite Merkezi ve LTB\u2019nin 2015 y\u0131l\u0131ndan beridir yapt\u0131\u011f\u0131 faaliyetlerle\u00a0 ilgili \u00a0g\u00f6r\u00fc\u015f al\u0131\u015fveri\u015finde bulunduklar\u0131n\u0131 belirterek, kurumlardan ald\u0131klar\u0131 geri d\u00f6n\u00fc\u015fleri de en kapsaml\u0131 \u015fekilde de\u011ferlendireceklerini s\u00f6yledi.<\/p>\n<p>Engelliler Haftas\u0131\u2019nda genelde istihdam problemi\u00a0 ile ilgili mesajlar verildi\u011fini, elbetteki \u00a0bireylerin ekonomik hayata kat\u0131l\u0131m\u0131n\u0131n da \u00f6nemli oldu\u011fu kaydeden Harmanc\u0131, bununla beraber \u00f6zel gereksinimli bireylerin sosyal hayata kat\u0131l\u0131m\u0131 y\u00f6n\u00fcnde de neler yap\u0131labilece\u011finin \u00a0irdelenmesi gerekti\u011fini \u00f6nemle vurgulad\u0131.<\/p>\n<p>\u00d6zel e\u011fitim kurumlar\u0131 ile i\u015f birliklerini art\u0131rarak s\u00fcrd\u00fcreceklerini kaydeden Ba\u015fkan Harmanc\u0131, ziyaretler sonucunda hem \u00f6zel gereksinimli bireylerin ihtiya\u00e7lar\u0131n\u0131n daha bilinir hale gelmesinin sa\u011fland\u0131\u011f\u0131 hem de bu ihtiya\u00e7lar\u0131n giderilmesi noktas\u0131nda yerel y\u00f6netimlerin yapt\u0131klar\u0131n\u0131n \u00fcst\u00fcne neler konulabilece\u011fi konusunda fikir sahibi olduklar\u0131n\u0131 belirtti.<\/p>\n<p>&nbsp;<\/p>\n","protected":false},"excerpt":{"rendered":"<p>Lefko\u015fa T\u00fcrk Belediyesi (LTB) Ba\u015fkan\u0131 Mehmet Harmanc\u0131, Lefko\u015fa \u00d6zel E\u011fitim [&hellip;]<\/p>\n","protected":false},"author":10,"featured_media":11409,"comment_status":"open","ping_status":"closed","sticky":false,"template":"","format":"standard","meta":{"footnotes":""},"categories":[9],"tags":[],"class_list":["post-11408","post","type-post","status-publish","format-standard","has-post-thumbnail","hentry","category-uyelerimizin-haberleri"],"_links":{"self":[{"href":"https:\/\/ktbb.org\/v1\/wp-json\/wp\/v2\/posts\/11408","targetHints":{"allow":["GET"]}}],"collection":[{"href":"https:\/\/ktbb.org\/v1\/wp-json\/wp\/v2\/posts"}],"about":[{"href":"https:\/\/ktbb.org\/v1\/wp-json\/wp\/v2\/types\/post"}],"author":[{"embeddable":true,"href":"https:\/\/ktbb.org\/v1\/wp-json\/wp\/v2\/users\/10"}],"replies":[{"embeddable":true,"href":"https:\/\/ktbb.org\/v1\/wp-json\/wp\/v2\/comments?post=11408"}],"version-history":[{"count":1,"href":"https:\/\/ktbb.org\/v1\/wp-json\/wp\/v2\/posts\/11408\/revisions"}],"predecessor-version":[{"id":11412,"href":"https:\/\/ktbb.org\/v1\/wp-json\/wp\/v2\/posts\/11408\/revisions\/11412"}],"wp:featuredmedia":[{"embeddable":true,"href":"https:\/\/ktbb.org\/v1\/wp-json\/wp\/v2\/media\/11409"}],"wp:attachment":[{"href":"https:\/\/ktbb.org\/v1\/wp-json\/wp\/v2\/media?parent=11408"}],"wp:term":[{"taxonomy":"category","embeddable":true,"href":"https:\/\/ktbb.org\/v1\/wp-json\/wp\/v2\/categories?post=11408"},{"taxonomy":"post_tag","embeddable":true,"href":"https:\/\/ktbb.org\/v1\/wp-json\/wp\/v2\/tags?post=11408"}],"curies":[{"name":"wp","href":"https:\/\/api.w.org\/{rel}","templated":true}]}}