{"id":11410,"date":"2021-05-17T06:01:36","date_gmt":"2021-05-17T06:01:36","guid":{"rendered":"http:\/\/ktbb.org\/v1\/?p=11410"},"modified":"2021-05-20T06:03:33","modified_gmt":"2021-05-20T06:03:33","slug":"girne-belediyesi-genclik-platformu-olusturuluyor","status":"publish","type":"post","link":"https:\/\/ktbb.org\/v1\/girne-belediyesi-genclik-platformu-olusturuluyor\/","title":{"rendered":"Girne Belediyesi Gen\u00e7lik Platformu Olu\u015fturuluyor"},"content":{"rendered":"<p><em>Girne Belediyesi, \u201cGen\u00e7 d\u00fc\u015f\u00fcn, ya\u015fama ivme kat\u201d slogan\u0131yla 15-21 ya\u015f grubu gen\u00e7lerle birlikte Girne Belediyesi<\/em><em>, <\/em><em>Gen\u00e7lik Platformu olu\u015fturuyor. Girne Belediyesi\u2019nden verilen bilgide, 2000-2006 do\u011fumlu kent ve \u00fclke genelinde gen\u00e7lerin kat\u0131l\u0131m\u0131yla olu\u015fturulacak platformla; insan haklar\u0131, \u00e7evre, k\u00fclt\u00fcr, sanat, bili\u015fim, teknoloji, e\u011fitim, at\u00f6lye \u00e7al\u0131\u015fmalar\u0131, geziler, fikir toplant\u0131lar\u0131yla, aktif, kat\u0131l\u0131mc\u0131 gen\u00e7lerin bir arada toplanmas\u0131 hedefleniyor. <\/em><\/p>\n<p>&nbsp;<\/p>\n<p><em>KKTC Ba\u015fbakanl\u0131k Gen\u00e7lik Dairesi, KKTC Ba\u015fbakanl\u0131k Uyu\u015fturucuyla M\u00fccadele Komisyonu, Girne Gen\u00e7lik Geli\u015fim Merkezi (G\u0130GEM), Gen\u00e7 Bili\u015fimciler ve \u0130navasyon Derne\u011fi, Gen\u00e7lik Merkezi Birli\u011fi, K\u0131br\u0131s T\u00fcrk Gen\u00e7lik Kongresi ve t\u00fcm belediyelerle i\u015fbirli\u011finde faaliyetlerini s\u00fcrd\u00fcrecek Girne Belediyesi Gen\u00e7lik Platformu\u2019na son kat\u0131l\u0131m\u0131n 2 Haziran 2021 \u00c7ar\u015famba g\u00fcn\u00fc oldu\u011fu kaydedildi. <\/em><\/p>\n<p><em>Kay\u0131t i\u00e7in, http:\/\/www.girnebelediyesi.com\/genclik-platformu-kayit\/\u00a0 adresinden ba\u015fvuru yap\u0131labilece\u011fi bertilerek, bilgi ve ileti\u015fim i\u00e7in, 0548 890 55 00 numaral\u0131 telefon aranabilecek. <\/em><\/p>\n<p><em>\u00a0<\/em><\/p>\n<p><em>\u00a0<\/em><\/p>\n<p><em>KADIO\u011eLU: KENT YA\u015eAMINDA <\/em><em>\u00a0<\/em><em>AKT\u0130F, KATILIMCI GEN\u00c7LER \u0130\u00c7\u0130N&#8230;<\/em><\/p>\n<p><em>\u00a0<\/em><\/p>\n<p><em>Girne Belediyesi Sosyal \u0130\u015fler \u015eube Amiri Misli Kad\u0131o\u011flu, 15-21 ya\u015f aras\u0131 gen\u00e7lerin kat\u0131l\u0131m\u0131yla olu\u015fturulacak Girne Belediyesi Gen\u00e7lik Platformu\u2019nun; aktif, kat\u0131l\u0131mc\u0131, \u00fcreten, \u00f6zg\u00fcvenli bireyler olmalar\u0131 i\u00e7in gen\u00e7leri te\u015fvik etmek, kentte, s\u00fcrd\u00fcr\u00fclebilir projeler \u00fcretmelerini ve aidiyet duygular\u0131n\u0131n geli\u015fimine katk\u0131 ve alan sa\u011flamay\u0131 hedefledi\u011fini s\u00f6yledi. <\/em><\/p>\n<p><em>Ayn\u0131 zamanda, gen\u00e7lerin geleceklerini in\u015fa ederken yanlar\u0131nda olmakla birlikte, sivil toplum \u00e7al\u0131\u015fmalar\u0131, online ve y\u00fcz y\u00fcze e\u011fitimler, fikir toplant\u0131lar\u0131, at\u00f6lyeler, gezilere kat\u0131l\u0131mlar\u0131yla kendilerini geli\u015ftirme olana\u011f\u0131 bulacaklar\u0131 imkanlar yaratmak i\u00e7in \u00e7al\u0131\u015ft\u0131klar\u0131n\u0131 s\u00f6yleyen Kad\u0131o\u011flu, belediyenin insan ya\u015fam\u0131na dokunan \u00e7al\u0131\u015fmalar\u0131 yan\u0131nda, bu \u00e7al\u0131\u015fma ile gen\u00e7, dinamik bir kentle, kent ya\u015fam\u0131na ivme sa\u011flanmas\u0131n\u0131n ama\u00e7land\u0131\u011f\u0131n\u0131 belirtti. <\/em><\/p>\n<p><em>\u00a0<\/em><\/p>\n<p><em>G\u00dcNG\u00d6RD\u00dc: <\/em><em>\u201c<\/em><em>D\u00dcNYA GEN\u00c7LER\u0130YLE REKABET EDECEK VE KUCAKLA\u015eACAK ORTAM YARATMAK \u0130\u00c7\u0130N \u00c7ALI\u015eIYORUZ<\/em><em>\u201d<\/em><\/p>\n<p><em>\u00a0<\/em><\/p>\n<p><em>Girne Belediye Ba\u015fkan\u0131 Nidai G\u00fcng\u00f6rd\u00fc, yeni d\u00fcnyan\u0131n gen\u00e7lerin bak\u0131\u015f a\u00e7\u0131lar\u0131yla \u015fekillenece\u011fi inanc\u0131nda oldu\u011funu s\u00f6yledi. G\u00fcng\u00f6rd\u00fc, \u00fcye ve g\u00f6n\u00fcll\u00fclerin geli\u015fimi i\u00e7in insan hak ve \u00f6zg\u00fcrl\u00fckleri, \u00e7evre, spor, teknoloji, gen\u00e7lik politikalar\u0131 gibi konularda programlar haz\u0131rlayacak Gen\u00e7lik Platformu\u2019nun gen\u00e7lerin ya\u015fam\u0131na katk\u0131 sa\u011flayaca\u011f\u0131na inanc\u0131n\u0131 belirtti.<\/em><\/p>\n<p>&nbsp;<\/p>\n<p><em>Gen\u00e7lerin<\/em><em>,<\/em><em> d\u00fcnya gen\u00e7leriyle rekabet edebilmesi ve kucakla\u015fabilmesi i\u00e7in onlara her t\u00fcrl\u00fc deste\u011fi vermeye haz\u0131r oldu\u011funu ifade eden G\u00fcng\u00f6rd\u00fc, Girne Belediyesi \u00c7ocuk Meclisiyle birlikte Girne Gen\u00e7lik Platformuyla da t\u00fcm gen\u00e7leri kucaklayacaklar\u0131n\u0131n alt\u0131n\u0131 \u00e7izdi. <\/em><\/p>\n<p>&nbsp;<\/p>\n<p><em>G\u00fcng\u00f6rd\u00fc, gen\u00e7lere \u00e7a\u011fr\u0131da bulunarak, \u201cSalg\u0131n nedeniyle ya\u015fad\u0131\u011f\u0131n\u0131z k\u0131s\u0131tlamalar ard\u0131ndan online veya gerekli ko\u015fullarda y\u00fcz y\u00fcze yap\u0131lacak \u00e7al\u0131\u015fmalara kat\u0131l\u0131m\u0131n\u0131z, hem bizim hem de sizlerin ayd\u0131nl\u0131k gelece\u011fi i\u00e7in \u00e7ok de\u011ferlidir. Bu en k\u0131ymetli zaman\u0131n\u0131z\u0131 en verimli \u015fekilde ge\u00e7iriniz; dayan\u0131\u015fma, payla\u015f\u0131m sevgiyle d\u00fcnya bar\u0131\u015f\u0131na katk\u0131da bulunan gen\u00e7ler olunuz. Bu platformda bir birey olarak var olman\u0131z\u0131 diler, hepinizi sevgiyle kucaklar\u0131m.\u201d dedi.<\/em><\/p>\n","protected":false},"excerpt":{"rendered":"<p>Girne Belediyesi, \u201cGen\u00e7 d\u00fc\u015f\u00fcn, ya\u015fama ivme kat\u201d slogan\u0131yla 15-21 ya\u015f [&hellip;]<\/p>\n","protected":false},"author":10,"featured_media":11411,"comment_status":"open","ping_status":"closed","sticky":false,"template":"","format":"standard","meta":{"footnotes":""},"categories":[9],"tags":[],"class_list":["post-11410","post","type-post","status-publish","format-standard","has-post-thumbnail","hentry","category-uyelerimizin-haberleri"],"_links":{"self":[{"href":"https:\/\/ktbb.org\/v1\/wp-json\/wp\/v2\/posts\/11410","targetHints":{"allow":["GET"]}}],"collection":[{"href":"https:\/\/ktbb.org\/v1\/wp-json\/wp\/v2\/posts"}],"about":[{"href":"https:\/\/ktbb.org\/v1\/wp-json\/wp\/v2\/types\/post"}],"author":[{"embeddable":true,"href":"https:\/\/ktbb.org\/v1\/wp-json\/wp\/v2\/users\/10"}],"replies":[{"embeddable":true,"href":"https:\/\/ktbb.org\/v1\/wp-json\/wp\/v2\/comments?post=11410"}],"version-history":[{"count":1,"href":"https:\/\/ktbb.org\/v1\/wp-json\/wp\/v2\/posts\/11410\/revisions"}],"predecessor-version":[{"id":11414,"href":"https:\/\/ktbb.org\/v1\/wp-json\/wp\/v2\/posts\/11410\/revisions\/11414"}],"wp:featuredmedia":[{"embeddable":true,"href":"https:\/\/ktbb.org\/v1\/wp-json\/wp\/v2\/media\/11411"}],"wp:attachment":[{"href":"https:\/\/ktbb.org\/v1\/wp-json\/wp\/v2\/media?parent=11410"}],"wp:term":[{"taxonomy":"category","embeddable":true,"href":"https:\/\/ktbb.org\/v1\/wp-json\/wp\/v2\/categories?post=11410"},{"taxonomy":"post_tag","embeddable":true,"href":"https:\/\/ktbb.org\/v1\/wp-json\/wp\/v2\/tags?post=11410"}],"curies":[{"name":"wp","href":"https:\/\/api.w.org\/{rel}","templated":true}]}}