{"id":11413,"date":"2021-05-18T06:02:39","date_gmt":"2021-05-18T06:02:39","guid":{"rendered":"http:\/\/ktbb.org\/v1\/?p=11413"},"modified":"2021-05-20T06:05:40","modified_gmt":"2021-05-20T06:05:40","slug":"ibt-bayrama-ozel-siir-ve-sarki-gecesi-duzenledi","status":"publish","type":"post","link":"https:\/\/ktbb.org\/v1\/ibt-bayrama-ozel-siir-ve-sarki-gecesi-duzenledi\/","title":{"rendered":"\u0130BT, bayrama \u00f6zel \u015fiir ve \u015fark\u0131 gecesi d\u00fczenledi"},"content":{"rendered":"<p>23 Nisan Ulusal Egemenlik ve \u00c7ocuk Bayram\u0131\u2019nda \u00e7ocuklara \u00f6zel olarak haz\u0131rlanan \u2018Kel O\u011flum, Kele\u015f O\u011flum\u2019 isimli tiyatro oyununu online olarak sahneleyen ve \u00e7ocuklar ile ailelerin bu oyunu evlerinden izlemesine olanak tan\u0131yan \u0130skele Belediye Tiyatrosu, Ramazan Bayram\u0131\u2019na \u00f6zel olarak da \u015fark\u0131 ve \u015fiir gecesi d\u00fczenledi.\u00a0 \u0130skele Atat\u00fcrk K\u00fclt\u00fcr Merkezi\u2019nde d\u00fczenlenen gecede pandemi kurallar\u0131na; maske, mesafe ve temizlik kural\u0131na \u00f6zen g\u00f6sterildi. \u0130BT\u2019de g\u00f6revli olan ve sahneye \u00e7\u0131kacak ki\u015filer ise PCR testlerini 48 saat \u00f6nceden yapt\u0131rmay\u0131 ihmal etmediler. \u00d6te yandan \u0130BT, 29 May\u0131s\u2019ta \u2018Eyvah Yine Kar\u0131\u015ft\u0131\u2019 isimli oyunuyla seyircisiyle bulu\u015fmaya haz\u0131rlan\u0131yor.<\/p>\n<p>&nbsp;<\/p>\n<p><strong>\u0130SKELE AKM\u2019DEK\u0130 GECEYE SINIRLI SAYIDA K\u0130\u015e\u0130 ALINDI <\/strong><\/p>\n<p>Pandemi nedeni ile oyunlar\u0131n\u0131 sahneleyemeyen \u0130skele Belediye Tiyatrosu, halka rahat bir nefes ald\u0131rmak i\u00e7in alternatifler yaratmaya devam ediyor. Sami Yakar Y\u00f6netmenli\u011findeki Belediye Tiyatrosu, bu kez tiyatro ile de\u011fil \u015fark\u0131 ve \u015fiirle perde dedi. M\u00fcziklerini Ziya Ba\u015fkal Ve Mehmet K\u00fcl\u00e7er\u2019in yapt\u0131\u011f\u0131 gecede \u0130BT oyuncular\u0131 sahneye \u00e7\u0131kt\u0131, seslendirdikleri \u00fcnl\u00fc \u015fairlerin \u015fiirleri ve \u015fark\u0131larla izleyenlere keyifli bir gece ya\u015fatt\u0131. S\u0131n\u0131rl\u0131 say\u0131da ki\u015finin salona al\u0131nd\u0131\u011f\u0131, \u0130skele Belediyesi Meclis \u00dcyeleri \u00c7a\u011flar Karada\u011f, Sefa Kurukafa ve Hanife Demir\u2019in de izleyiciler aras\u0131nda oldu\u011fu gece yakla\u015f\u0131k 1 saat s\u00fcrd\u00fc.<\/p>\n<p>&nbsp;<\/p>\n<p><strong>YAKAR: \u201cHALKIMIZA B\u0130R NEBZE OLSUN KEY\u0130FL\u0130 ANLAR GE\u00c7\u0130RTMEK \u0130ST\u0130YORUZ\u201d<\/strong><\/p>\n<p><strong>YAKAR: \u201c29 MAYIS\u2019TA T\u0130YATROSEVERLERLE BULU\u015eMAYA HAZIRLANIYORUZ\u201d<\/strong><\/p>\n<p>\u015eiir ve \u015fark\u0131 gecesinin ard\u0131ndan konu\u015fan \u0130skele Belediye Tiyatrosu Y\u00f6netmeni Sami Yakar ise kendilerine bu gecenin d\u00fczenlenmesinde cesaret veren \u0130skele Belediye Ba\u015fkan\u0131 Hasan Sad\u0131ko\u011flu\u2019na te\u015fekk\u00fcr etti. Pandemi nedeniyle yakla\u015f\u0131k 14 ayd\u0131r seyirciden uzak kald\u0131klar\u0131n\u0131 belirten Yakar, bu g\u00fcnlerin bir an \u00f6nce ge\u00e7mesini ve bu sahnede yeniden izleyicileri ile bir araya gelmeyi temenni ettiklerini s\u00f6yledi. Bayram\u0131n son g\u00fcn\u00fcnde \u015fiir ve \u015fark\u0131 gecesiyle, bir nebze olsun vatanda\u015flara keyifli bir an ge\u00e7irtmek istediklerini de belirten Yakar, geceye kat\u0131lan s\u0131n\u0131rl\u0131 say\u0131daki izleyicilere ve sahneye \u00e7\u0131karak \u015fiir ve \u015fark\u0131larla keyifli bir gece ya\u015fatan \u0130BT oyuncular\u0131na te\u015fekk\u00fcr etti. \u0130ki haftada bir g\u00fcn yine farkl\u0131 formatlarla yaz boyunca seyircilerin kar\u015f\u0131s\u0131na \u00e7\u0131kacaklar\u0131n\u0131 da ifade eden Sami Yakar, 29 May\u0131s\u2019ta da pandemiden \u00f6nce haz\u0131rlad\u0131klar\u0131 ancak sahneye koyamad\u0131klar\u0131 \u2018Eyvah, yine kar\u0131\u015ft\u0131\u2019 isimli oyun i\u00e7in perde diyeceklerinin m\u00fcjdesini verdi.\u00a0 Frans\u0131z yazar Claude Magnier\u2019in t\u00fcm d\u00fcnya \u00fclkelerinde sahnelenen, \u00e7evirisini Asude Zeybeko\u011flu\u2019nun, Y\u00f6netmenli\u011fi de \u0130BT Y\u00f6netmeni Sami Yakar\u2019\u0131n yapt\u0131\u011f\u0131\u00a0 \u2018Eyvah, yine kar\u0131\u015ft\u0131\u2019 isimli 2 perdelik oyunda zengin bir fabrikat\u00f6r\u00fcn, yan\u0131nda \u00e7al\u0131\u015fan memur taraf\u0131ndan doland\u0131r\u0131lmas\u0131 e\u011flenceli bir dille anlat\u0131l\u0131yor.<\/p>\n<p>&nbsp;<\/p>\n","protected":false},"excerpt":{"rendered":"<p>23 Nisan Ulusal Egemenlik ve \u00c7ocuk Bayram\u0131\u2019nda \u00e7ocuklara \u00f6zel olarak [&hellip;]<\/p>\n","protected":false},"author":10,"featured_media":11415,"comment_status":"open","ping_status":"closed","sticky":false,"template":"","format":"standard","meta":{"footnotes":""},"categories":[9],"tags":[],"class_list":["post-11413","post","type-post","status-publish","format-standard","has-post-thumbnail","hentry","category-uyelerimizin-haberleri"],"_links":{"self":[{"href":"https:\/\/ktbb.org\/v1\/wp-json\/wp\/v2\/posts\/11413","targetHints":{"allow":["GET"]}}],"collection":[{"href":"https:\/\/ktbb.org\/v1\/wp-json\/wp\/v2\/posts"}],"about":[{"href":"https:\/\/ktbb.org\/v1\/wp-json\/wp\/v2\/types\/post"}],"author":[{"embeddable":true,"href":"https:\/\/ktbb.org\/v1\/wp-json\/wp\/v2\/users\/10"}],"replies":[{"embeddable":true,"href":"https:\/\/ktbb.org\/v1\/wp-json\/wp\/v2\/comments?post=11413"}],"version-history":[{"count":1,"href":"https:\/\/ktbb.org\/v1\/wp-json\/wp\/v2\/posts\/11413\/revisions"}],"predecessor-version":[{"id":11416,"href":"https:\/\/ktbb.org\/v1\/wp-json\/wp\/v2\/posts\/11413\/revisions\/11416"}],"wp:featuredmedia":[{"embeddable":true,"href":"https:\/\/ktbb.org\/v1\/wp-json\/wp\/v2\/media\/11415"}],"wp:attachment":[{"href":"https:\/\/ktbb.org\/v1\/wp-json\/wp\/v2\/media?parent=11413"}],"wp:term":[{"taxonomy":"category","embeddable":true,"href":"https:\/\/ktbb.org\/v1\/wp-json\/wp\/v2\/categories?post=11413"},{"taxonomy":"post_tag","embeddable":true,"href":"https:\/\/ktbb.org\/v1\/wp-json\/wp\/v2\/tags?post=11413"}],"curies":[{"name":"wp","href":"https:\/\/api.w.org\/{rel}","templated":true}]}}