{"id":11417,"date":"2021-05-18T06:05:42","date_gmt":"2021-05-18T06:05:42","guid":{"rendered":"http:\/\/ktbb.org\/v1\/?p=11417"},"modified":"2021-05-20T06:08:09","modified_gmt":"2021-05-20T06:08:09","slug":"gungordu-19-mayis-ataturku-anma-genclik-ve-spor-bayramini-kutladi","status":"publish","type":"post","link":"https:\/\/ktbb.org\/v1\/gungordu-19-mayis-ataturku-anma-genclik-ve-spor-bayramini-kutladi\/","title":{"rendered":"G\u00fcng\u00f6rd\u00fc, 19 May\u0131s Atat\u00fcrk&#8217;\u00fc Anma, Gen\u00e7lik Ve Spor Bayram\u0131&#8217;n\u0131 kutlad\u0131"},"content":{"rendered":"<p><strong>Girne Belediye Ba\u015fkan\u0131 Nidai G\u00fcng\u00f6rd\u00fc, 19 May\u0131s Atat\u00fcrk&#8217;\u00fc Anma, Gen\u00e7lik Ve Spor Bayram\u0131 Nedeniyle Mesaj Yay\u0131mlad\u0131<\/strong><\/p>\n<p><strong>\u00a0<\/strong><\/p>\n<p>&nbsp;<\/p>\n<p>G\u00fcng\u00f6rd\u00fc \u2019n\u00fcn mesaj\u0131 \u015f\u00f6yle:<\/p>\n<p>&nbsp;<\/p>\n<p>Atat\u00fcrk&#8217;\u00fc Anma, Gen\u00e7lik ve Spor Bayram\u0131, her y\u0131l 19 May\u0131s tarihinde kutlanan,\u00a0T\u00fcrkiye Cumhuriyeti&#8217;nin ve\u00a0Kuzey K\u0131br\u0131s T\u00fcrk Cumhuriyeti&#8217;nin resmi bayram\u0131d\u0131r.19 May\u0131s 1919&#8217;da\u00a0Mustafa Kemal Atat\u00fcrk\u00a0Band\u0131rma Vapuru\u00a0ile\u00a0Samsun&#8217;a \u00e7\u0131km\u0131\u015ft\u0131r\u00a0ve bug\u00fcn \u0130tilaf Devletleri&#8217;nin i\u015fgaline kar\u015f\u0131\u00a0T\u00fcrk Kurtulu\u015f Sava\u015f\u0131&#8217;n\u0131n ba\u015flad\u0131\u011f\u0131 g\u00fcn kabul edilir. Atat\u00fcrk\u2019\u00fcn T\u00fcrk gen\u00e7li\u011fine arma\u011fan etti\u011fi 19 May\u0131s Atat\u00fcrk\u2019\u00fc anma Gen\u00e7lik ve Spor Bayram\u0131m\u0131z\u0131n 102. Y\u0131ld\u00f6n\u00fcm\u00fc kutlu olsun.<\/p>\n<p>&nbsp;<\/p>\n<p>Gen\u00e7ler, gelece\u011fi olu\u015ftururken Atat\u00fcrk\u2019\u00fcn \u00e7izdi\u011fi yolda, sevgi, ho\u015fg\u00f6r\u00fc ve bar\u0131\u015f\u0131 sa\u011flayabilmek i\u00e7in \u00e7al\u0131\u015fmal\u0131d\u0131r. Gelece\u011fe g\u00fcvenle bakmam\u0131z\u0131n nedeni, gen\u00e7lere olan g\u00fcvenimizden kaynaklan\u0131yor. Gelecek gen\u00e7lerin geli\u015fimi ve ilerleyi\u015fiyle olu\u015facakt\u0131r.<\/p>\n<p>&nbsp;<\/p>\n<p>T\u00fcm D\u00fcnya\u2019da ya\u015fanan Pandemi nedeniyle eskiden yap\u0131lan \u00e7e\u015fitli organizasyonlarla kutlad\u0131\u011f\u0131m\u0131z 19 May\u0131s Atat\u00fcrk\u2019\u00fc anma Gen\u00e7lik ve Spor Bayram\u0131\u2019n\u0131 ayn\u0131 \u015fekilde kutlayamamam\u0131z\u0131n \u00fcz\u00fcnt\u00fcs\u00fcn\u00fc ya\u015famaktay\u0131z.<\/p>\n<p>&nbsp;<\/p>\n<p>Atat\u00fcrk\u2019\u00fcn T\u00fcrk gen\u00e7li\u011fine arma\u011fan etti\u011fi 19 May\u0131s Atat\u00fcrk\u2019\u00fc anma Gen\u00e7lik ve Spor Bayram\u0131\u2019n\u0131 kutlar, Kurtulu\u015f Sava\u015f\u0131\u2019n\u0131n \u00f6nderi ba\u015fta Gazi Mustafa Kemal Atat\u00fcrk olmak \u00fczere Cumhuriyet\u2019in yolunu a\u00e7an bu b\u00fcy\u00fck m\u00fccadeleyi veren \u015fehit ve gazilerimizi rahmet ve sayg\u0131yla an\u0131yorum.<\/p>\n","protected":false},"excerpt":{"rendered":"<p>Girne Belediye Ba\u015fkan\u0131 Nidai G\u00fcng\u00f6rd\u00fc, 19 May\u0131s Atat\u00fcrk&#8217;\u00fc Anma, Gen\u00e7lik [&hellip;]<\/p>\n","protected":false},"author":10,"featured_media":11418,"comment_status":"open","ping_status":"closed","sticky":false,"template":"","format":"standard","meta":{"footnotes":""},"categories":[9],"tags":[],"class_list":["post-11417","post","type-post","status-publish","format-standard","has-post-thumbnail","hentry","category-uyelerimizin-haberleri"],"_links":{"self":[{"href":"https:\/\/ktbb.org\/v1\/wp-json\/wp\/v2\/posts\/11417","targetHints":{"allow":["GET"]}}],"collection":[{"href":"https:\/\/ktbb.org\/v1\/wp-json\/wp\/v2\/posts"}],"about":[{"href":"https:\/\/ktbb.org\/v1\/wp-json\/wp\/v2\/types\/post"}],"author":[{"embeddable":true,"href":"https:\/\/ktbb.org\/v1\/wp-json\/wp\/v2\/users\/10"}],"replies":[{"embeddable":true,"href":"https:\/\/ktbb.org\/v1\/wp-json\/wp\/v2\/comments?post=11417"}],"version-history":[{"count":1,"href":"https:\/\/ktbb.org\/v1\/wp-json\/wp\/v2\/posts\/11417\/revisions"}],"predecessor-version":[{"id":11420,"href":"https:\/\/ktbb.org\/v1\/wp-json\/wp\/v2\/posts\/11417\/revisions\/11420"}],"wp:featuredmedia":[{"embeddable":true,"href":"https:\/\/ktbb.org\/v1\/wp-json\/wp\/v2\/media\/11418"}],"wp:attachment":[{"href":"https:\/\/ktbb.org\/v1\/wp-json\/wp\/v2\/media?parent=11417"}],"wp:term":[{"taxonomy":"category","embeddable":true,"href":"https:\/\/ktbb.org\/v1\/wp-json\/wp\/v2\/categories?post=11417"},{"taxonomy":"post_tag","embeddable":true,"href":"https:\/\/ktbb.org\/v1\/wp-json\/wp\/v2\/tags?post=11417"}],"curies":[{"name":"wp","href":"https:\/\/api.w.org\/{rel}","templated":true}]}}