{"id":11419,"date":"2021-05-18T06:07:33","date_gmt":"2021-05-18T06:07:33","guid":{"rendered":"http:\/\/ktbb.org\/v1\/?p=11419"},"modified":"2021-05-20T06:08:37","modified_gmt":"2021-05-20T06:08:37","slug":"sadikoglu-genclere-seslendi","status":"publish","type":"post","link":"https:\/\/ktbb.org\/v1\/sadikoglu-genclere-seslendi\/","title":{"rendered":"Sad\u0131ko\u011flu gen\u00e7lere seslendi"},"content":{"rendered":"<p>\u0130skele Belediye Ba\u015fkan\u0131 Hasan Sad\u0131ko\u011flu, 19 May\u0131s Atat\u00fcrk\u2019\u00fc Anma, Gen\u00e7lik ve Spor Bayram\u0131 nedeni ile yay\u0131nlad\u0131\u011f\u0131 mesaj\u0131nda gen\u00e7lere seslendi. T\u00fcm gen\u00e7lere selam olsun diyerek mesaj\u0131na ba\u015flayan Ba\u015fkan Sad\u0131ko\u011flu, gen\u00e7lere; geli\u015fmeye, yenili\u011fe a\u00e7\u0131k, bilgi toplumunun gerektirdi\u011fi niteliklere sahip gen\u00e7ler olarak yeti\u015ftirmeleri temennisinde bulundu. Bu \u00f6zel g\u00fcn\u00fc gen\u00e7lere arma\u011fan eden Ulu \u00d6nder Mustafa Kemal Atat\u00fcrk ba\u015fta olmak \u00fczere t\u00fcm silah arkada\u015flar\u0131n\u0131 da rahmet ve minnetle and\u0131.<\/p>\n<p>&nbsp;<\/p>\n<p><strong>\u201cBAYRAMINIZI B\u0130R A\u011eABEY\u0130N\u0130Z OLARAK Y\u00dcREKTEN KUTLUYORUM\u201d\u0130skele<\/strong> Belediye Ba\u015fkan\u0131 Hasan Sad\u0131ko\u011flu, 101. Y\u0131l\u0131nda oldu\u011fu gibi 102. Y\u0131l\u0131nda da 19 May\u0131s Atat\u00fcrk\u2019\u00fc Anma, Gen\u00e7lik ve Spor Bayram\u0131\u2019n\u0131, Koronavir\u00fcs salg\u0131n\u0131ndan \u00f6t\u00fcr\u00fc evlerde ama ayn\u0131 heyecan\u0131 ve gururla kutlamaya haz\u0131rlanan gen\u00e7lere seslendi. Ba\u015fkan Sad\u0131ko\u011flu, mesaj\u0131nda \u015funlara yer verdi: \u201cSevgili gen\u00e7ler; 19 May\u0131s ruhunu bir g\u00fcn de\u011fil her g\u00fcn y\u00fcre\u011finde hissedenler, Ulu \u00d6nder Mustafa Kemal Atat\u00fcrk\u2019\u00fcn a\u00e7t\u0131\u011f\u0131 yoldan hi\u00e7 durmadan, geriye bile d\u00f6n\u00fcp bakmadan ilerleyenler, hepinizin bu \u00f6zel, bu \u00e7ok k\u0131ymetli g\u00fcn\u00fcn\u00fc, 19 May\u0131s Atat\u00fcrk\u2019\u00fc Anma Gen\u00e7lik ve Spor Bayram\u0131\u2019n\u0131z\u0131, bir a\u011fabeyiniz olarak y\u00fcrekten kutluyorum.\u00a0 101. Y\u0131ld\u00f6n\u00fcm\u00fcnde oldu\u011fu gibi 102. Y\u0131ld\u00f6n\u00fcm\u00fcnde de ne yaz\u0131k ki t\u00f6ren alanlar\u0131nda bulu\u015fam\u0131yoruz. Ge\u00e7ti\u011fimiz y\u0131l kendisini t\u00fcm d\u00fcnyada g\u00f6steren ve \u00fclkemizde de g\u00f6r\u00fclen Koronavir\u00fcs salg\u0131n\u0131, siz gen\u00e7lerin de tedbirleri ve bilin\u00e7li davranmas\u0131 sayesinde, tehdit olmaktan \u00e7\u0131kt\u0131. Ama rehavete kap\u0131lmamal\u0131, ald\u0131\u011f\u0131n\u0131z \u00f6nlemleri uygulamaya devam etmelisiniz. Yine evlerdeyiz, ama her ne olursa olsun de\u011fi\u015fmeyen, aksine her y\u0131l artan duygularla kutluyoruz bu y\u0131l da 19 May\u0131s\u2019\u0131.\u00a0 Ulu \u00d6nder Mustafa Kemal Atat\u00fcrk\u2019\u00fcn Band\u0131rma Vapuruyla Samsun\u2019a var\u0131\u015f\u0131n\u0131n ve tabii ki \u0130stiklal M\u00fccadelesinin mihenk ta\u015flar\u0131ndan olan 19 May\u0131s 1919\u2019un \u00fczerinden 102 y\u0131l ge\u00e7mi\u015f olmas\u0131na ra\u011fmen, ayn\u0131 heyecan\u0131 ve gururu 7\u2019den 70\u2019e hep beraber ya\u015f\u0131yoruz. Dilerim ki, kendinizi; geli\u015fmeye, yenili\u011fe a\u00e7\u0131k, bilgi toplumunun gerektirdi\u011fi niteliklere sahip gen\u00e7ler olarak yeti\u015ftirir ve gelece\u011fe g\u00fcvenle bakars\u0131n\u0131z.\u201d<\/p>\n<p>&nbsp;<\/p>\n<p>Ba\u015fkan Sad\u0131ko\u011flu mesaj\u0131n\u0131 ise t\u00fcm gen\u00e7li\u011fin, Gen\u00e7lik ve Spor Bayram\u0131n\u0131 kutlad\u0131, bu \u00f6zel g\u00fcn\u00fc gen\u00e7lere arma\u011fan eden Ulu \u00d6nder Mustafa Kemal Atat\u00fcrk ba\u015fta olmak \u00fczere t\u00fcm silah arkada\u015flar\u0131n\u0131 da rahmet ve minnetle and\u0131.<\/p>\n<p>&nbsp;<\/p>\n","protected":false},"excerpt":{"rendered":"<p>\u0130skele Belediye Ba\u015fkan\u0131 Hasan Sad\u0131ko\u011flu, 19 May\u0131s Atat\u00fcrk\u2019\u00fc Anma, Gen\u00e7lik [&hellip;]<\/p>\n","protected":false},"author":10,"featured_media":8572,"comment_status":"open","ping_status":"closed","sticky":false,"template":"","format":"standard","meta":{"footnotes":""},"categories":[9],"tags":[],"class_list":["post-11419","post","type-post","status-publish","format-standard","has-post-thumbnail","hentry","category-uyelerimizin-haberleri"],"_links":{"self":[{"href":"https:\/\/ktbb.org\/v1\/wp-json\/wp\/v2\/posts\/11419","targetHints":{"allow":["GET"]}}],"collection":[{"href":"https:\/\/ktbb.org\/v1\/wp-json\/wp\/v2\/posts"}],"about":[{"href":"https:\/\/ktbb.org\/v1\/wp-json\/wp\/v2\/types\/post"}],"author":[{"embeddable":true,"href":"https:\/\/ktbb.org\/v1\/wp-json\/wp\/v2\/users\/10"}],"replies":[{"embeddable":true,"href":"https:\/\/ktbb.org\/v1\/wp-json\/wp\/v2\/comments?post=11419"}],"version-history":[{"count":1,"href":"https:\/\/ktbb.org\/v1\/wp-json\/wp\/v2\/posts\/11419\/revisions"}],"predecessor-version":[{"id":11421,"href":"https:\/\/ktbb.org\/v1\/wp-json\/wp\/v2\/posts\/11419\/revisions\/11421"}],"wp:featuredmedia":[{"embeddable":true,"href":"https:\/\/ktbb.org\/v1\/wp-json\/wp\/v2\/media\/8572"}],"wp:attachment":[{"href":"https:\/\/ktbb.org\/v1\/wp-json\/wp\/v2\/media?parent=11419"}],"wp:term":[{"taxonomy":"category","embeddable":true,"href":"https:\/\/ktbb.org\/v1\/wp-json\/wp\/v2\/categories?post=11419"},{"taxonomy":"post_tag","embeddable":true,"href":"https:\/\/ktbb.org\/v1\/wp-json\/wp\/v2\/tags?post=11419"}],"curies":[{"name":"wp","href":"https:\/\/api.w.org\/{rel}","templated":true}]}}