{"id":11422,"date":"2021-05-19T06:08:40","date_gmt":"2021-05-19T06:08:40","guid":{"rendered":"http:\/\/ktbb.org\/v1\/?p=11422"},"modified":"2021-05-20T06:11:51","modified_gmt":"2021-05-20T06:11:51","slug":"iskeledeki-toren-ataturk-aniti-onunde-duzenlendi","status":"publish","type":"post","link":"https:\/\/ktbb.org\/v1\/iskeledeki-toren-ataturk-aniti-onunde-duzenlendi\/","title":{"rendered":"\u0130skele&#8217;deki t\u00f6ren Atat\u00fcrk An\u0131t\u0131 \u00f6n\u00fcnde d\u00fczenlendi"},"content":{"rendered":"<p>Milli M\u00fccadeleye ve Samsun\u2019un \u00f6nemine dikkat \u00e7ekmek i\u00e7in \u201819 May\u0131s benim do\u011fum g\u00fcn\u00fcmd\u00fcr\u2019 dedi. Lakin<strong> b<\/strong>ir ulusun kaderindeki d\u00f6n\u00fcm noktas\u0131yd\u0131, 19 May\u0131s 1919\u2026<\/p>\n<p>Ulu \u00d6nder Mustafa Kemal Atat\u00fcrk&#8217;\u00fcn milli m\u00fccadeleyi ba\u015flatt\u0131\u011f\u0131, Samsun&#8217;a ayak bas\u0131\u015f\u0131n\u0131n \u00fczerinden tam 102 y\u0131l ge\u00e7ti.<\/p>\n<p>&nbsp;<\/p>\n<p><strong>\u0130SKELE\u2019DEK\u0130 T\u00d6RENDE PANDEM\u0130 KURALLARINA D\u0130KKAT ED\u0130LD\u0130 <\/strong><\/p>\n<p>Tam 4 y\u0131l s\u00fcrecek Kurtulu\u015f Sava\u015f\u0131\u2019n\u0131n zeminin haz\u0131rland\u0131\u011f\u0131, Ulu \u00d6nder Mustafa Kemal Atat\u00fcrk\u2019\u00fcn Samsun\u2019a ayak bas\u0131\u015f\u0131n\u0131n 102. Y\u0131l d\u00f6n\u00fcm\u00fc olan 19 May\u0131s, ayn\u0131 zamanda Atat\u00fcrk&#8217;\u00fc Anma, Gen\u00e7lik ve Spor Bayram\u0131 olarak da her y\u0131l, T\u00fcrkiye ile birlikte \u00fclkemizde de b\u00fcy\u00fck bir co\u015fkuyla kutlan\u0131yor. Ancak son iki y\u0131ld\u0131r, \u00fclkemizi de etkisi alt\u0131na alan Koronavir\u00fcs salg\u0131n\u0131ndan dolay\u0131, \u00fclke genelindeki t\u00f6renler, k\u0131s\u0131tlamalar \u00e7er\u00e7evesinde yap\u0131labiliyor. \u0130skele\u2019deki t\u00f6renler de bu k\u0131s\u0131tlamalardan nasibini ald\u0131. Her y\u0131l iki ayr\u0131 t\u00f6renin d\u00fczenlendi\u011fi \u0130skele\u2019de bu y\u0131lki t\u00f6ren yaln\u0131zca Ecevit Meydan\u0131\u2019ndaki Atat\u00fcrk B\u00fcst\u00fc \u00f6n\u00fcnde ger\u00e7ekle\u015fti. S\u0131n\u0131rl\u0131 say\u0131da ki\u015finin kat\u0131ld\u0131\u011f\u0131 t\u00f6rende Pandemi kurallar\u0131na \u00f6zen g\u00f6sterildi.<\/p>\n<p>&nbsp;<\/p>\n<p>\u0130skele Kaymakam\u0131 Ertu\u011frul Toroslu, \u0130skele Belediye Ba\u015fkan\u0131 Hasan Sad\u0131ko\u011flu, K\u0131br\u0131s T\u00fcrk Bar\u0131\u015f Kuvvetleri Komutanl\u0131\u011f\u0131 ad\u0131na Hava Savunma Yarbay\u0131 Harun Se\u00e7ilmi\u015fo\u011flu, G\u00fcvenlik Kuvvetleri Komutanl\u0131\u011f\u0131 ad\u0131na Piyade Binba\u015f\u0131 Aziz Ery\u0131lmaz, \u0130skele Polis M\u00fcd\u00fcr\u00fc G\u00f6kay Karagil, <em>Sivil Savunma<\/em>\u00a0Te\u015fkilat Ba\u015fkanl\u0131\u011f\u0131\u00a0<em>\u0130skele<\/em>\u00a0\u015eube\u00a0<em>Sorumlusu <\/em>Varol Kalkanel, okul m\u00fcd\u00fcrleri, \u00f6\u011fretmenler, kurum ve kurulu\u015flar kat\u0131ld\u0131. Atat\u00fcrk An\u0131t\u0131\u2019na \u00e7elenklerin konulmas\u0131 ile ba\u015flayan \u0130skele\u2019deki t\u00f6ren sayg\u0131 duru\u015funun ard\u0131ndan \u0130stiklal Mar\u015f\u0131 e\u015fli\u011finde bayraklar\u0131n g\u00f6ndere \u00e7ekilmesi ile son buldu.<\/p>\n<p>&nbsp;<\/p>\n<p>&nbsp;<\/p>\n<p>&nbsp;<\/p>\n<p>&nbsp;<\/p>\n<p>&nbsp;<\/p>\n<p>&nbsp;<\/p>\n","protected":false},"excerpt":{"rendered":"<p>Milli M\u00fccadeleye ve Samsun\u2019un \u00f6nemine dikkat \u00e7ekmek i\u00e7in \u201819 May\u0131s [&hellip;]<\/p>\n","protected":false},"author":10,"featured_media":11425,"comment_status":"open","ping_status":"closed","sticky":false,"template":"","format":"standard","meta":{"footnotes":""},"categories":[9],"tags":[],"class_list":["post-11422","post","type-post","status-publish","format-standard","has-post-thumbnail","hentry","category-uyelerimizin-haberleri"],"_links":{"self":[{"href":"https:\/\/ktbb.org\/v1\/wp-json\/wp\/v2\/posts\/11422","targetHints":{"allow":["GET"]}}],"collection":[{"href":"https:\/\/ktbb.org\/v1\/wp-json\/wp\/v2\/posts"}],"about":[{"href":"https:\/\/ktbb.org\/v1\/wp-json\/wp\/v2\/types\/post"}],"author":[{"embeddable":true,"href":"https:\/\/ktbb.org\/v1\/wp-json\/wp\/v2\/users\/10"}],"replies":[{"embeddable":true,"href":"https:\/\/ktbb.org\/v1\/wp-json\/wp\/v2\/comments?post=11422"}],"version-history":[{"count":2,"href":"https:\/\/ktbb.org\/v1\/wp-json\/wp\/v2\/posts\/11422\/revisions"}],"predecessor-version":[{"id":11428,"href":"https:\/\/ktbb.org\/v1\/wp-json\/wp\/v2\/posts\/11422\/revisions\/11428"}],"wp:featuredmedia":[{"embeddable":true,"href":"https:\/\/ktbb.org\/v1\/wp-json\/wp\/v2\/media\/11425"}],"wp:attachment":[{"href":"https:\/\/ktbb.org\/v1\/wp-json\/wp\/v2\/media?parent=11422"}],"wp:term":[{"taxonomy":"category","embeddable":true,"href":"https:\/\/ktbb.org\/v1\/wp-json\/wp\/v2\/categories?post=11422"},{"taxonomy":"post_tag","embeddable":true,"href":"https:\/\/ktbb.org\/v1\/wp-json\/wp\/v2\/tags?post=11422"}],"curies":[{"name":"wp","href":"https:\/\/api.w.org\/{rel}","templated":true}]}}